{"id":7106,"date":"2026-03-03T11:49:02","date_gmt":"2026-03-03T10:49:02","guid":{"rendered":"https:\/\/www.ateneapark.com\/?p=7106"},"modified":"2026-03-03T11:49:04","modified_gmt":"2026-03-03T10:49:04","slug":"pour-quoi-dormir-pres-de-la-mer-a-vilanova-i-la-geltru-ameliore-votre-repos-et-votre-bien-etre","status":"publish","type":"post","link":"https:\/\/www.ateneapark.com\/fr\/pour-quoi-dormir-pres-de-la-mer-a-vilanova-i-la-geltru-ameliore-votre-repos-et-votre-bien-etre","title":{"rendered":"Pourquoi dormir pr\u00e8s de la mer \u00e0 Vilanova i la Geltr\u00fa am\u00e9liore votre repos et votre bien-\u00eatre"},"content":{"rendered":"\n<h2 class=\"wp-block-heading\">Ce que personne ne vous dit lorsque vous r\u00e9servez un h\u00e9bergement<\/h2>\n\n\n\n<p>Il y a des choix qui semblent petits, mais qui d\u00e9terminent comment vous vous souvenez de toutes vos vacances. L\u2019un d\u2019eux est l\u2019endroit o\u00f9 vous dormez. Pas l\u2019h\u00f4tel le moins cher, ni le plus joli sur les photos, mais l\u2019environnement r\u00e9el o\u00f9 votre corps et votre esprit se reposent.<\/p>\n\n\n\n<p>Dormir pr\u00e8s de la mer active des m\u00e9canismes cognitifs et physiologiques qui ne se produisent pas dans des environnements urbains ou int\u00e9rieurs. Et lorsqu\u2019ils s\u2019activent, le repos cesse d\u2019\u00eatre \u201cnormal\u201d et devient profond\u00e9ment r\u00e9parateur.<\/p>\n\n\n\n<h2 class=\"wp-block-heading\">\ud83e\udde0 Le cerveau en vacances : pourquoi il a besoin de plus que le silence<\/h2>\n\n\n\n<p>M\u00eame si vous ne le remarquez pas, votre cerveau est con\u00e7u pour d\u00e9tecter les menaces, les changements et les stimuli constants. Dans les villes ou les zones bruyantes, il ne \u201cse d\u00e9connecte\u201d jamais compl\u00e8tement.<\/p>\n\n\n\n<h2 class=\"wp-block-heading\">\ud83c\udf0a La mer comme signal de s\u00e9curit\u00e9 cognitive<\/h2>\n\n\n\n<p>D\u2019un point de vue psychologique :<\/p>\n\n\n\n<ul class=\"wp-block-list\">\n<li>Le son de la mer est pr\u00e9visible<\/li>\n\n\n\n<li>Il ne n\u00e9cessite pas d\u2019attention consciente<\/li>\n\n\n\n<li>Il ne provoque pas de sursauts<\/li>\n<\/ul>\n\n\n\n<p>Cela envoie un signal clair au cerveau : il n\u2019y a pas de danger. Le r\u00e9sultat est une baisse automatique du niveau d\u2019alerte.<\/p>\n\n\n\n<p>\ud83d\udc49 C\u2019est pourquoi dormir pr\u00e8s de la mer r\u00e9duit la rumination mentale et acc\u00e9l\u00e8re l\u2019endormissement.<\/p>\n\n\n\n<h2 class=\"wp-block-heading\">\ud83d\ude34 L\u2019effet r\u00e9el du bruit des vagues pendant le sommeil<\/h2>\n\n\n\n<p>Ce n\u2019est pas seulement une relaxation subjective. Le bruit de la mer pour dormir :<\/p>\n\n\n\n<ul class=\"wp-block-list\">\n<li>Masque les bruits ponctuels g\u00eanants<\/li>\n\n\n\n<li>Stabilise le rythme c\u00e9r\u00e9bral<\/li>\n\n\n\n<li>Facilite les phases de sommeil profond (NREM)<\/li>\n<\/ul>\n\n\n\n<p>C\u2019est pourquoi de nombreuses personnes dorment mieux dans un h\u00e9bergement face \u00e0 la mer, m\u00eame sans conna\u00eetre la raison exacte.<\/p>\n\n\n\n<h2 class=\"wp-block-heading\">\ud83c\udf2c\ufe0f Air marin et repos : une combinaison sous-estim\u00e9e<\/h2>\n\n\n\n<p>Dormir pr\u00e8s de la plage implique de respirer un air diff\u00e9rent.<\/p>\n\n\n\n<p>Avantages physiques de l\u2019air marin<\/p>\n\n\n\n<ul class=\"wp-block-list\">\n<li>Humidit\u00e9 ambiante plus \u00e9lev\u00e9e<\/li>\n\n\n\n<li>Moins de particules polluantes<\/li>\n\n\n\n<li>Sensation de respiration plus fluide<\/li>\n<\/ul>\n\n\n\n<p>Cela se traduit par :<\/p>\n\n\n\n<ul class=\"wp-block-list\">\n<li>Moins de micro-r\u00e9veils<\/li>\n\n\n\n<li>Moins de s\u00e9cheresse nasale<\/li>\n\n\n\n<li>R\u00e9veils plus l\u00e9gers et \u00e9nerg\u00e9tiques<\/li>\n<\/ul>\n\n\n\n<p>C\u2019est l\u2019une des raisons pour lesquelles de nombreuses personnes se sentent mieux repos\u00e9es en vacances lorsqu\u2019elles choisissent la c\u00f4te.<\/p>\n\n\n\n<h2 class=\"wp-block-heading\">\ud83d\udca4 Bien dormir change votre perception du voyage (et non l\u2019inverse)<\/h2>\n\n\n\n<p>Voici un point cl\u00e9 de la psychologie cognitive :<br>\ud83d\udc49 le repos conditionne la m\u00e9moire \u00e9motionnelle.<\/p>\n\n\n\n<p>Si vous dormez mal :<\/p>\n\n\n\n<ul class=\"wp-block-list\">\n<li>Tout semble plus fatigant<\/li>\n\n\n\n<li>Les activit\u00e9s sont moins agr\u00e9ables<\/li>\n\n\n\n<li>Le souvenir global du voyage s\u2019alt\u00e8re<\/li>\n<\/ul>\n\n\n\n<p>Si vous dormez bien :<\/p>\n\n\n\n<ul class=\"wp-block-list\">\n<li>La journ\u00e9e commence avec plus d\u2019\u00e9nergie<\/li>\n\n\n\n<li>L\u2019irritabilit\u00e9 diminue<\/li>\n\n\n\n<li>L\u2019exp\u00e9rience est per\u00e7ue comme plus positive<\/li>\n<\/ul>\n\n\n\n<p>C\u2019est pourquoi bien choisir son lieu de sommeil en vacances est une d\u00e9cision strat\u00e9gique, pas logistique.<\/p>\n\n\n\n<h2 class=\"wp-block-heading\">\ud83c\udfd6\ufe0f Dormir au bord de la mer vs. \u201cpr\u00e8s de la mer\u201d : ce n\u2019est pas la m\u00eame chose<\/h2>\n\n\n\n<p>De nombreux h\u00e9bergements promettent d\u2019\u00eatre \u201c\u00e0 proximit\u00e9\u201d, mais le cerveau distingue les nuances.<\/p>\n\n\n\n<p>Dormir r\u00e9ellement au bord de la mer implique :<\/p>\n\n\n\n<ul class=\"wp-block-list\">\n<li>Pr\u00e9sence constante de l\u2019environnement marin<\/li>\n\n\n\n<li>Bruit ambiant naturel<\/li>\n\n\n\n<li>Sens visuel et spatial d\u2019ouverture<\/li>\n<\/ul>\n\n\n\n<p>Un h\u00f4tel pr\u00e8s de la plage ne produit pas toujours le m\u00eame effet que s\u00e9journer au bord de la mer dans une zone calme et bien orient\u00e9e.<\/p>\n\n\n\n<h2 class=\"wp-block-heading\">\ud83d\udccd Pourquoi est id\u00e9al pour bien dormir<\/h2>\n\n\n\n<p>La c\u00f4te catalane est vaste, mais toutes les zones ne favorisent pas le repos.<\/p>\n\n\n\n<p> se distingue car elle combine :<\/p>\n\n\n\n<ul class=\"wp-block-list\">\n<li>Mer ouverte et accessible<\/li>\n\n\n\n<li>Atmosph\u00e8re d\u00e9tendue, non surpeupl\u00e9e<\/li>\n\n\n\n<li>Rythme local calme m\u00eame en haute saison<\/li>\n<\/ul>\n\n\n\n<p>Ce qui en fait l\u2019une des meilleures options pour ceux qui recherchent :<\/p>\n\n\n\n<ul class=\"wp-block-list\">\n<li>vacances relaxantes \u00e0 la plage<\/li>\n\n\n\n<li>d\u00e9connexion mentale r\u00e9elle<\/li>\n\n\n\n<li>repos profond sans isolement<\/li>\n<\/ul>\n\n\n\n<h2 class=\"wp-block-heading\">\ud83c\udfe8 Le r\u00f4le de l\u2019h\u00e9bergement dans le repos profond<\/h2>\n\n\n\n<p>Un aparthotel bien situ\u00e9 sur la c\u00f4te catalane apporte un \u00e9l\u00e9ment cl\u00e9 : le contr\u00f4le.<\/p>\n\n\n\n<p>Avantages cognitifs de l\u2019aparthotel<\/p>\n\n\n\n<ul class=\"wp-block-list\">\n<li>Espaces larges \u2192 moins de sentiment d\u2019enfermement<\/li>\n\n\n\n<li>Routines plus flexibles \u2192 moins de stress<\/li>\n\n\n\n<li>Sens du \u201cchez-soi temporaire\u201d \u2192 plus de relaxation<\/li>\n<\/ul>\n\n\n\n<p>Tout cela aide le corps \u00e0 entrer plus rapidement en mode repos.<\/p>\n\n\n\n<h2 class=\"wp-block-heading\">\ud83c\udf05 Le r\u00e9veil change lorsque vous dormez face \u00e0 la mer<\/h2>\n\n\n\n<p>Un des effets les plus puissants \u2014 et les moins \u00e9voqu\u00e9s \u2014 est la mani\u00e8re dont vous vous r\u00e9veillez.<\/p>\n\n\n\n<p>Dormir pr\u00e8s de la mer entra\u00eene :<\/p>\n\n\n\n<ul class=\"wp-block-list\">\n<li>Des r\u00e9veils plus doux<\/li>\n\n\n\n<li>Moins de sensation d\u2019alarme<\/li>\n\n\n\n<li>Un meilleur \u00e9tat d\u2019esprit au d\u00e9but de la journ\u00e9e<\/li>\n<\/ul>\n\n\n\n<p>Cette premi\u00e8re minute au r\u00e9veil conditionne tout ce qui suit.<\/p>\n\n\n\n<h2 class=\"wp-block-heading\">\ud83e\uddd8 S\u00e9journer pr\u00e8s de la mer n\u2019est pas un luxe, c\u2019est de l\u2019autosoins<\/h2>\n\n\n\n<p>Selon la psychologie du bien-\u00eatre, l\u2019environnement influence directement :<\/p>\n\n\n\n<ul class=\"wp-block-list\">\n<li>Niveaux de cortisol<\/li>\n\n\n\n<li>R\u00e9gulation \u00e9motionnelle<\/li>\n\n\n\n<li>Capacit\u00e9 de plaisir<\/li>\n<\/ul>\n\n\n\n<p>Choisir un h\u00e9bergement \u00e0, au bord de la mer, est une mani\u00e8re intelligente de prendre soin de votre repos sans effort conscient.<\/p>\n\n\n\n<h2 class=\"wp-block-heading\">\ud83d\udccc O\u00f9 dormir \u00e0 :contentReference[oaicite:3]{index=3} pour se d\u00e9connecter vraiment<\/h2>\n\n\n\n<p>Si vous cherchez :<\/p>\n\n\n\n<ul class=\"wp-block-list\">\n<li>un h\u00f4tel calme pr\u00e8s de la mer<\/li>\n\n\n\n<li>une escapade pour ralentir<\/li>\n\n\n\n<li>un h\u00e9bergement pour se d\u00e9connecter mentalement<\/li>\n<\/ul>\n\n\n\n<p>La cl\u00e9 n\u2019est pas de faire plus d\u2019activit\u00e9s, mais de mieux dormir.<\/p>\n\n\n\n<h2 class=\"wp-block-heading\">\ud83e\udde0 Ce que votre cerveau retiendra du voyage<\/h2>\n\n\n\n<p>Au final, vous ne vous souviendrez pas :<\/p>\n\n\n\n<ul class=\"wp-block-list\">\n<li>du nombre de plans<\/li>\n\n\n\n<li>ni des heures exactes de sommeil<\/li>\n<\/ul>\n\n\n\n<p>Vous vous souviendrez :<\/p>\n\n\n\n<ul class=\"wp-block-list\">\n<li>de ce que vous ressentiez<\/li>\n\n\n\n<li>si vous \u00e9tiez d\u00e9tendu<\/li>\n\n\n\n<li>si vous \u00eates revenu avec de l\u2019\u00e9nergie<\/li>\n<\/ul>\n\n\n\n<p>Et tout cela commence par une d\u00e9cision simple :<br>dormir pr\u00e8s de la mer.<\/p>\n\n\n\n<h2 class=\"wp-block-heading\">En conclusion<\/h2>\n\n\n\n<p>Dormir au bord de la mer am\u00e9liore :<\/p>\n\n\n\n<ul class=\"wp-block-list\">\n<li>votre repos<\/li>\n\n\n\n<li>votre bien-\u00eatre<\/li>\n\n\n\n<li>et l\u2019exp\u00e9rience compl\u00e8te de vos vacances<\/li>\n<\/ul>\n\n\n\n<p>Ce n\u2019est pas un hasard. C\u2019est de la biologie, de la psychologie\u2026 et du bon sens.<\/p>\n","protected":false},"excerpt":{"rendered":"<p>Ce que personne ne vous dit lorsque vous r\u00e9servez un h\u00e9bergement Il y a des choix qui semblent petits, mais qui d\u00e9terminent comment vous vous souvenez de toutes vos vacances. L\u2019un d\u2019eux est l\u2019endroit o\u00f9 vous dormez. Pas l\u2019h\u00f4tel le moins cher, ni le plus joli sur les photos, mais l\u2019environnement r\u00e9el o\u00f9 votre corps [&hellip;]<\/p>\n","protected":false},"author":2,"featured_media":7097,"comment_status":"closed","ping_status":"closed","sticky":false,"template":"","format":"standard","meta":{"_acf_changed":false,"footnotes":""},"categories":[61],"tags":[],"class_list":["post-7106","post","type-post","status-publish","format-standard","has-post-thumbnail","hentry","category-non-classifiee"],"acf":[],"yoast_head":"<!-- This site is optimized with the Yoast SEO plugin v27.4 - https:\/\/yoast.com\/product\/yoast-seo-wordpress\/ -->\n<title>Pourquoi dormir pr\u00e8s de la mer \u00e0 Vilanova i la Geltr\u00fa am\u00e9liore votre repos et votre bien-\u00eatre | Atenea Park Suites - Apartaments<\/title>\n<meta name=\"description\" content=\"D\u00e9couvrez pourquoi dormir pr\u00e8s de la mer \u00e0 Vilanova i la Geltr\u00fa am\u00e9liore votre repos et votre bien-\u00eatre. R\u00e9servez votre escapade et d\u00e9connectez-vous vraiment.\" \/>\n<meta name=\"robots\" content=\"index, follow, max-snippet:-1, max-image-preview:large, max-video-preview:-1\" \/>\n<link rel=\"canonical\" href=\"https:\/\/www.ateneapark.com\/fr\/pour-quoi-dormir-pres-de-la-mer-a-vilanova-i-la-geltru-ameliore-votre-repos-et-votre-bien-etre\" \/>\n<meta property=\"og:locale\" content=\"fr_FR\" \/>\n<meta property=\"og:type\" content=\"article\" \/>\n<meta property=\"og:title\" content=\"Pourquoi dormir pr\u00e8s de la mer \u00e0 Vilanova i la Geltr\u00fa am\u00e9liore votre repos et votre bien-\u00eatre | Atenea Park Suites - Apartaments\" \/>\n<meta property=\"og:description\" content=\"D\u00e9couvrez pourquoi dormir pr\u00e8s de la mer \u00e0 Vilanova i la Geltr\u00fa am\u00e9liore votre repos et votre bien-\u00eatre. R\u00e9servez votre escapade et d\u00e9connectez-vous vraiment.\" \/>\n<meta property=\"og:url\" content=\"https:\/\/www.ateneapark.com\/fr\/pour-quoi-dormir-pres-de-la-mer-a-vilanova-i-la-geltru-ameliore-votre-repos-et-votre-bien-etre\" \/>\n<meta property=\"og:site_name\" content=\"Atenea Park Suites - Apartaments\" \/>\n<meta property=\"article:published_time\" content=\"2026-03-03T10:49:02+00:00\" \/>\n<meta property=\"article:modified_time\" content=\"2026-03-03T10:49:04+00:00\" \/>\n<meta property=\"og:image\" content=\"https:\/\/www.ateneapark.com\/wp-content\/uploads\/2026\/03\/Por-que-dormir-cerca-del-mar-en-Vilanova-i-la-Geltru-mejora-tu-descanso-y-tu-bienestar.jpg\" \/>\n\t<meta property=\"og:image:width\" content=\"800\" \/>\n\t<meta property=\"og:image:height\" content=\"533\" \/>\n\t<meta property=\"og:image:type\" content=\"image\/jpeg\" \/>\n<meta name=\"author\" content=\"Atenea\" \/>\n<meta name=\"twitter:card\" content=\"summary_large_image\" \/>\n<meta name=\"twitter:label1\" content=\"\u00c9crit par\" \/>\n\t<meta name=\"twitter:data1\" content=\"Atenea\" \/>\n\t<meta name=\"twitter:label2\" content=\"Dur\u00e9e de lecture estim\u00e9e\" \/>\n\t<meta name=\"twitter:data2\" content=\"5 minutes\" \/>\n<script type=\"application\/ld+json\" class=\"yoast-schema-graph\">{\"@context\":\"https:\\\/\\\/schema.org\",\"@graph\":[{\"@type\":\"Article\",\"@id\":\"https:\\\/\\\/www.ateneapark.com\\\/fr\\\/pour-quoi-dormir-pres-de-la-mer-a-vilanova-i-la-geltru-ameliore-votre-repos-et-votre-bien-etre#article\",\"isPartOf\":{\"@id\":\"https:\\\/\\\/www.ateneapark.com\\\/fr\\\/pour-quoi-dormir-pres-de-la-mer-a-vilanova-i-la-geltru-ameliore-votre-repos-et-votre-bien-etre\"},\"author\":{\"name\":\"Atenea\",\"@id\":\"https:\\\/\\\/www.ateneapark.com\\\/fr#\\\/schema\\\/person\\\/cc3769cd0cf3b47d29694fe04258346f\"},\"headline\":\"Pourquoi dormir pr\u00e8s de la mer \u00e0 Vilanova i la Geltr\u00fa am\u00e9liore votre repos et votre bien-\u00eatre\",\"datePublished\":\"2026-03-03T10:49:02+00:00\",\"dateModified\":\"2026-03-03T10:49:04+00:00\",\"mainEntityOfPage\":{\"@id\":\"https:\\\/\\\/www.ateneapark.com\\\/fr\\\/pour-quoi-dormir-pres-de-la-mer-a-vilanova-i-la-geltru-ameliore-votre-repos-et-votre-bien-etre\"},\"wordCount\":1019,\"publisher\":{\"@id\":\"https:\\\/\\\/www.ateneapark.com\\\/fr#organization\"},\"image\":{\"@id\":\"https:\\\/\\\/www.ateneapark.com\\\/fr\\\/pour-quoi-dormir-pres-de-la-mer-a-vilanova-i-la-geltru-ameliore-votre-repos-et-votre-bien-etre#primaryimage\"},\"thumbnailUrl\":\"https:\\\/\\\/www.ateneapark.com\\\/wp-content\\\/uploads\\\/2026\\\/03\\\/Por-que-dormir-cerca-del-mar-en-Vilanova-i-la-Geltru-mejora-tu-descanso-y-tu-bienestar.jpg\",\"articleSection\":[\"Non classifi\u00e9(e)\"],\"inLanguage\":\"fr-FR\"},{\"@type\":\"WebPage\",\"@id\":\"https:\\\/\\\/www.ateneapark.com\\\/fr\\\/pour-quoi-dormir-pres-de-la-mer-a-vilanova-i-la-geltru-ameliore-votre-repos-et-votre-bien-etre\",\"url\":\"https:\\\/\\\/www.ateneapark.com\\\/fr\\\/pour-quoi-dormir-pres-de-la-mer-a-vilanova-i-la-geltru-ameliore-votre-repos-et-votre-bien-etre\",\"name\":\"Pourquoi dormir pr\u00e8s de la mer \u00e0 Vilanova i la Geltr\u00fa am\u00e9liore votre repos et votre bien-\u00eatre | Atenea Park Suites - Apartaments\",\"isPartOf\":{\"@id\":\"https:\\\/\\\/www.ateneapark.com\\\/fr#website\"},\"primaryImageOfPage\":{\"@id\":\"https:\\\/\\\/www.ateneapark.com\\\/fr\\\/pour-quoi-dormir-pres-de-la-mer-a-vilanova-i-la-geltru-ameliore-votre-repos-et-votre-bien-etre#primaryimage\"},\"image\":{\"@id\":\"https:\\\/\\\/www.ateneapark.com\\\/fr\\\/pour-quoi-dormir-pres-de-la-mer-a-vilanova-i-la-geltru-ameliore-votre-repos-et-votre-bien-etre#primaryimage\"},\"thumbnailUrl\":\"https:\\\/\\\/www.ateneapark.com\\\/wp-content\\\/uploads\\\/2026\\\/03\\\/Por-que-dormir-cerca-del-mar-en-Vilanova-i-la-Geltru-mejora-tu-descanso-y-tu-bienestar.jpg\",\"datePublished\":\"2026-03-03T10:49:02+00:00\",\"dateModified\":\"2026-03-03T10:49:04+00:00\",\"description\":\"D\u00e9couvrez pourquoi dormir pr\u00e8s de la mer \u00e0 Vilanova i la Geltr\u00fa am\u00e9liore votre repos et votre bien-\u00eatre. R\u00e9servez votre escapade et d\u00e9connectez-vous vraiment.\",\"breadcrumb\":{\"@id\":\"https:\\\/\\\/www.ateneapark.com\\\/fr\\\/pour-quoi-dormir-pres-de-la-mer-a-vilanova-i-la-geltru-ameliore-votre-repos-et-votre-bien-etre#breadcrumb\"},\"inLanguage\":\"fr-FR\",\"potentialAction\":[{\"@type\":\"ReadAction\",\"target\":[\"https:\\\/\\\/www.ateneapark.com\\\/fr\\\/pour-quoi-dormir-pres-de-la-mer-a-vilanova-i-la-geltru-ameliore-votre-repos-et-votre-bien-etre\"]}]},{\"@type\":\"ImageObject\",\"inLanguage\":\"fr-FR\",\"@id\":\"https:\\\/\\\/www.ateneapark.com\\\/fr\\\/pour-quoi-dormir-pres-de-la-mer-a-vilanova-i-la-geltru-ameliore-votre-repos-et-votre-bien-etre#primaryimage\",\"url\":\"https:\\\/\\\/www.ateneapark.com\\\/wp-content\\\/uploads\\\/2026\\\/03\\\/Por-que-dormir-cerca-del-mar-en-Vilanova-i-la-Geltru-mejora-tu-descanso-y-tu-bienestar.jpg\",\"contentUrl\":\"https:\\\/\\\/www.ateneapark.com\\\/wp-content\\\/uploads\\\/2026\\\/03\\\/Por-que-dormir-cerca-del-mar-en-Vilanova-i-la-Geltru-mejora-tu-descanso-y-tu-bienestar.jpg\",\"width\":800,\"height\":533},{\"@type\":\"BreadcrumbList\",\"@id\":\"https:\\\/\\\/www.ateneapark.com\\\/fr\\\/pour-quoi-dormir-pres-de-la-mer-a-vilanova-i-la-geltru-ameliore-votre-repos-et-votre-bien-etre#breadcrumb\",\"itemListElement\":[{\"@type\":\"ListItem\",\"position\":1,\"name\":\"Home\",\"item\":\"https:\\\/\\\/www.ateneapark.com\\\/fr\"},{\"@type\":\"ListItem\",\"position\":2,\"name\":\"Pourquoi dormir pr\u00e8s de la mer \u00e0 Vilanova i la Geltr\u00fa am\u00e9liore votre repos et votre bien-\u00eatre\"}]},{\"@type\":\"WebSite\",\"@id\":\"https:\\\/\\\/www.ateneapark.com\\\/fr#website\",\"url\":\"https:\\\/\\\/www.ateneapark.com\\\/fr\",\"name\":\"Atenea Park Suites - Apartaments\",\"description\":\"Atenea Park est\u00e1 situado en Vilanova y la Geltr\u00fa, poblaci\u00f3n muy pr\u00f3xima a Sitges. Precio m\u00ednimo garantizado. Oferta 5%descuento, desayuno y parking gratis.\",\"publisher\":{\"@id\":\"https:\\\/\\\/www.ateneapark.com\\\/fr#organization\"},\"potentialAction\":[{\"@type\":\"SearchAction\",\"target\":{\"@type\":\"EntryPoint\",\"urlTemplate\":\"https:\\\/\\\/www.ateneapark.com\\\/fr?s={search_term_string}\"},\"query-input\":{\"@type\":\"PropertyValueSpecification\",\"valueRequired\":true,\"valueName\":\"search_term_string\"}}],\"inLanguage\":\"fr-FR\"},{\"@type\":\"Organization\",\"@id\":\"https:\\\/\\\/www.ateneapark.com\\\/fr#organization\",\"name\":\"Sanoimels, S.L\",\"url\":\"https:\\\/\\\/www.ateneapark.com\\\/fr\",\"logo\":{\"@type\":\"ImageObject\",\"inLanguage\":\"fr-FR\",\"@id\":\"https:\\\/\\\/www.ateneapark.com\\\/fr#\\\/schema\\\/logo\\\/image\\\/\",\"url\":\"https:\\\/\\\/www.ateneapark.com\\\/wp-content\\\/uploads\\\/2022\\\/02\\\/3.2-galeria.jpg\",\"contentUrl\":\"https:\\\/\\\/www.ateneapark.com\\\/wp-content\\\/uploads\\\/2022\\\/02\\\/3.2-galeria.jpg\",\"width\":1124,\"height\":750,\"caption\":\"Sanoimels, S.L\"},\"image\":{\"@id\":\"https:\\\/\\\/www.ateneapark.com\\\/fr#\\\/schema\\\/logo\\\/image\\\/\"}},{\"@type\":\"Person\",\"@id\":\"https:\\\/\\\/www.ateneapark.com\\\/fr#\\\/schema\\\/person\\\/cc3769cd0cf3b47d29694fe04258346f\",\"name\":\"Atenea\"}]}<\/script>\n<!-- \/ Yoast SEO plugin. -->","yoast_head_json":{"title":"Pourquoi dormir pr\u00e8s de la mer \u00e0 Vilanova i la Geltr\u00fa am\u00e9liore votre repos et votre bien-\u00eatre | Atenea Park Suites - Apartaments","description":"D\u00e9couvrez pourquoi dormir pr\u00e8s de la mer \u00e0 Vilanova i la Geltr\u00fa am\u00e9liore votre repos et votre bien-\u00eatre. R\u00e9servez votre escapade et d\u00e9connectez-vous vraiment.","robots":{"index":"index","follow":"follow","max-snippet":"max-snippet:-1","max-image-preview":"max-image-preview:large","max-video-preview":"max-video-preview:-1"},"canonical":"https:\/\/www.ateneapark.com\/fr\/pour-quoi-dormir-pres-de-la-mer-a-vilanova-i-la-geltru-ameliore-votre-repos-et-votre-bien-etre","og_locale":"fr_FR","og_type":"article","og_title":"Pourquoi dormir pr\u00e8s de la mer \u00e0 Vilanova i la Geltr\u00fa am\u00e9liore votre repos et votre bien-\u00eatre | Atenea Park Suites - Apartaments","og_description":"D\u00e9couvrez pourquoi dormir pr\u00e8s de la mer \u00e0 Vilanova i la Geltr\u00fa am\u00e9liore votre repos et votre bien-\u00eatre. R\u00e9servez votre escapade et d\u00e9connectez-vous vraiment.","og_url":"https:\/\/www.ateneapark.com\/fr\/pour-quoi-dormir-pres-de-la-mer-a-vilanova-i-la-geltru-ameliore-votre-repos-et-votre-bien-etre","og_site_name":"Atenea Park Suites - Apartaments","article_published_time":"2026-03-03T10:49:02+00:00","article_modified_time":"2026-03-03T10:49:04+00:00","og_image":[{"width":800,"height":533,"url":"https:\/\/www.ateneapark.com\/wp-content\/uploads\/2026\/03\/Por-que-dormir-cerca-del-mar-en-Vilanova-i-la-Geltru-mejora-tu-descanso-y-tu-bienestar.jpg","type":"image\/jpeg"}],"author":"Atenea","twitter_card":"summary_large_image","twitter_misc":{"\u00c9crit par":"Atenea","Dur\u00e9e de lecture estim\u00e9e":"5 minutes"},"schema":{"@context":"https:\/\/schema.org","@graph":[{"@type":"Article","@id":"https:\/\/www.ateneapark.com\/fr\/pour-quoi-dormir-pres-de-la-mer-a-vilanova-i-la-geltru-ameliore-votre-repos-et-votre-bien-etre#article","isPartOf":{"@id":"https:\/\/www.ateneapark.com\/fr\/pour-quoi-dormir-pres-de-la-mer-a-vilanova-i-la-geltru-ameliore-votre-repos-et-votre-bien-etre"},"author":{"name":"Atenea","@id":"https:\/\/www.ateneapark.com\/fr#\/schema\/person\/cc3769cd0cf3b47d29694fe04258346f"},"headline":"Pourquoi dormir pr\u00e8s de la mer \u00e0 Vilanova i la Geltr\u00fa am\u00e9liore votre repos et votre bien-\u00eatre","datePublished":"2026-03-03T10:49:02+00:00","dateModified":"2026-03-03T10:49:04+00:00","mainEntityOfPage":{"@id":"https:\/\/www.ateneapark.com\/fr\/pour-quoi-dormir-pres-de-la-mer-a-vilanova-i-la-geltru-ameliore-votre-repos-et-votre-bien-etre"},"wordCount":1019,"publisher":{"@id":"https:\/\/www.ateneapark.com\/fr#organization"},"image":{"@id":"https:\/\/www.ateneapark.com\/fr\/pour-quoi-dormir-pres-de-la-mer-a-vilanova-i-la-geltru-ameliore-votre-repos-et-votre-bien-etre#primaryimage"},"thumbnailUrl":"https:\/\/www.ateneapark.com\/wp-content\/uploads\/2026\/03\/Por-que-dormir-cerca-del-mar-en-Vilanova-i-la-Geltru-mejora-tu-descanso-y-tu-bienestar.jpg","articleSection":["Non classifi\u00e9(e)"],"inLanguage":"fr-FR"},{"@type":"WebPage","@id":"https:\/\/www.ateneapark.com\/fr\/pour-quoi-dormir-pres-de-la-mer-a-vilanova-i-la-geltru-ameliore-votre-repos-et-votre-bien-etre","url":"https:\/\/www.ateneapark.com\/fr\/pour-quoi-dormir-pres-de-la-mer-a-vilanova-i-la-geltru-ameliore-votre-repos-et-votre-bien-etre","name":"Pourquoi dormir pr\u00e8s de la mer \u00e0 Vilanova i la Geltr\u00fa am\u00e9liore votre repos et votre bien-\u00eatre | Atenea Park Suites - Apartaments","isPartOf":{"@id":"https:\/\/www.ateneapark.com\/fr#website"},"primaryImageOfPage":{"@id":"https:\/\/www.ateneapark.com\/fr\/pour-quoi-dormir-pres-de-la-mer-a-vilanova-i-la-geltru-ameliore-votre-repos-et-votre-bien-etre#primaryimage"},"image":{"@id":"https:\/\/www.ateneapark.com\/fr\/pour-quoi-dormir-pres-de-la-mer-a-vilanova-i-la-geltru-ameliore-votre-repos-et-votre-bien-etre#primaryimage"},"thumbnailUrl":"https:\/\/www.ateneapark.com\/wp-content\/uploads\/2026\/03\/Por-que-dormir-cerca-del-mar-en-Vilanova-i-la-Geltru-mejora-tu-descanso-y-tu-bienestar.jpg","datePublished":"2026-03-03T10:49:02+00:00","dateModified":"2026-03-03T10:49:04+00:00","description":"D\u00e9couvrez pourquoi dormir pr\u00e8s de la mer \u00e0 Vilanova i la Geltr\u00fa am\u00e9liore votre repos et votre bien-\u00eatre. R\u00e9servez votre escapade et d\u00e9connectez-vous vraiment.","breadcrumb":{"@id":"https:\/\/www.ateneapark.com\/fr\/pour-quoi-dormir-pres-de-la-mer-a-vilanova-i-la-geltru-ameliore-votre-repos-et-votre-bien-etre#breadcrumb"},"inLanguage":"fr-FR","potentialAction":[{"@type":"ReadAction","target":["https:\/\/www.ateneapark.com\/fr\/pour-quoi-dormir-pres-de-la-mer-a-vilanova-i-la-geltru-ameliore-votre-repos-et-votre-bien-etre"]}]},{"@type":"ImageObject","inLanguage":"fr-FR","@id":"https:\/\/www.ateneapark.com\/fr\/pour-quoi-dormir-pres-de-la-mer-a-vilanova-i-la-geltru-ameliore-votre-repos-et-votre-bien-etre#primaryimage","url":"https:\/\/www.ateneapark.com\/wp-content\/uploads\/2026\/03\/Por-que-dormir-cerca-del-mar-en-Vilanova-i-la-Geltru-mejora-tu-descanso-y-tu-bienestar.jpg","contentUrl":"https:\/\/www.ateneapark.com\/wp-content\/uploads\/2026\/03\/Por-que-dormir-cerca-del-mar-en-Vilanova-i-la-Geltru-mejora-tu-descanso-y-tu-bienestar.jpg","width":800,"height":533},{"@type":"BreadcrumbList","@id":"https:\/\/www.ateneapark.com\/fr\/pour-quoi-dormir-pres-de-la-mer-a-vilanova-i-la-geltru-ameliore-votre-repos-et-votre-bien-etre#breadcrumb","itemListElement":[{"@type":"ListItem","position":1,"name":"Home","item":"https:\/\/www.ateneapark.com\/fr"},{"@type":"ListItem","position":2,"name":"Pourquoi dormir pr\u00e8s de la mer \u00e0 Vilanova i la Geltr\u00fa am\u00e9liore votre repos et votre bien-\u00eatre"}]},{"@type":"WebSite","@id":"https:\/\/www.ateneapark.com\/fr#website","url":"https:\/\/www.ateneapark.com\/fr","name":"Atenea Park Suites - Apartaments","description":"Atenea Park est\u00e1 situado en Vilanova y la Geltr\u00fa, poblaci\u00f3n muy pr\u00f3xima a Sitges. Precio m\u00ednimo garantizado. Oferta 5%descuento, desayuno y parking gratis.","publisher":{"@id":"https:\/\/www.ateneapark.com\/fr#organization"},"potentialAction":[{"@type":"SearchAction","target":{"@type":"EntryPoint","urlTemplate":"https:\/\/www.ateneapark.com\/fr?s={search_term_string}"},"query-input":{"@type":"PropertyValueSpecification","valueRequired":true,"valueName":"search_term_string"}}],"inLanguage":"fr-FR"},{"@type":"Organization","@id":"https:\/\/www.ateneapark.com\/fr#organization","name":"Sanoimels, S.L","url":"https:\/\/www.ateneapark.com\/fr","logo":{"@type":"ImageObject","inLanguage":"fr-FR","@id":"https:\/\/www.ateneapark.com\/fr#\/schema\/logo\/image\/","url":"https:\/\/www.ateneapark.com\/wp-content\/uploads\/2022\/02\/3.2-galeria.jpg","contentUrl":"https:\/\/www.ateneapark.com\/wp-content\/uploads\/2022\/02\/3.2-galeria.jpg","width":1124,"height":750,"caption":"Sanoimels, S.L"},"image":{"@id":"https:\/\/www.ateneapark.com\/fr#\/schema\/logo\/image\/"}},{"@type":"Person","@id":"https:\/\/www.ateneapark.com\/fr#\/schema\/person\/cc3769cd0cf3b47d29694fe04258346f","name":"Atenea"}]}},"_links":{"self":[{"href":"https:\/\/www.ateneapark.com\/fr\/wp-json\/wp\/v2\/posts\/7106","targetHints":{"allow":["GET"]}}],"collection":[{"href":"https:\/\/www.ateneapark.com\/fr\/wp-json\/wp\/v2\/posts"}],"about":[{"href":"https:\/\/www.ateneapark.com\/fr\/wp-json\/wp\/v2\/types\/post"}],"author":[{"embeddable":true,"href":"https:\/\/www.ateneapark.com\/fr\/wp-json\/wp\/v2\/users\/2"}],"replies":[{"embeddable":true,"href":"https:\/\/www.ateneapark.com\/fr\/wp-json\/wp\/v2\/comments?post=7106"}],"version-history":[{"count":1,"href":"https:\/\/www.ateneapark.com\/fr\/wp-json\/wp\/v2\/posts\/7106\/revisions"}],"predecessor-version":[{"id":7107,"href":"https:\/\/www.ateneapark.com\/fr\/wp-json\/wp\/v2\/posts\/7106\/revisions\/7107"}],"wp:featuredmedia":[{"embeddable":true,"href":"https:\/\/www.ateneapark.com\/fr\/wp-json\/wp\/v2\/media\/7097"}],"wp:attachment":[{"href":"https:\/\/www.ateneapark.com\/fr\/wp-json\/wp\/v2\/media?parent=7106"}],"wp:term":[{"taxonomy":"category","embeddable":true,"href":"https:\/\/www.ateneapark.com\/fr\/wp-json\/wp\/v2\/categories?post=7106"},{"taxonomy":"post_tag","embeddable":true,"href":"https:\/\/www.ateneapark.com\/fr\/wp-json\/wp\/v2\/tags?post=7106"}],"curies":[{"name":"wp","href":"https:\/\/api.w.org\/{rel}","templated":true}]}}