{"id":6675,"date":"2024-03-13T11:27:47","date_gmt":"2024-03-13T10:27:47","guid":{"rendered":"https:\/\/www.ateneapark.com\/?p=6675"},"modified":"2024-04-18T14:22:51","modified_gmt":"2024-04-18T12:22:51","slug":"decouvrez-la-richesse-architecturale-et-lheritage-historique-de-vilanova-i-la-geltru","status":"publish","type":"post","link":"https:\/\/www.ateneapark.com\/fr\/decouvrez-la-richesse-architecturale-et-lheritage-historique-de-vilanova-i-la-geltru","title":{"rendered":"D\u00e9couvrez la richesse architecturale et l&rsquo;h\u00e9ritage historique de Vilanova i la Geltr\u00fa"},"content":{"rendered":"\n<p>D\u00e9couvrez la richesse architecturale et le patrimoine historique de Vilanova i la Geltr\u00fa, un tr\u00e9sor cach\u00e9 dans la r\u00e9gion du Garraf.<\/p>\n\n\n\n<h2 class=\"wp-block-heading\">Introduction au Charme Historique<\/h2>\n\n\n\n<p>La ville de Vilanova i la Geltr\u00fa, avec son histoire vibrante refl\u00e9t\u00e9e dans ses b\u00e2timents et ses monuments, offre un voyage fascinant \u00e0 travers le temps. Cet article vous guidera \u00e0 travers les coins les plus embl\u00e9matiques de la ville, o\u00f9 le pass\u00e9 rencontre le pr\u00e9sent.<\/p>\n\n\n\n<p>De l&rsquo;\u00e9poque romane \u00e0 nos jours, Vilanova i la Geltr\u00fa a \u00e9t\u00e9 t\u00e9moin d&rsquo;un d\u00e9veloppement architectural impressionnant, gr\u00e2ce en partie \u00e0 l&rsquo;influence de personnalit\u00e9s comme Josep Tom\u00e0s Ventosa Soler. Ces figures ont laiss\u00e9 une empreinte ind\u00e9l\u00e9bile sur le paysage urbain, contribuant \u00e0 l&rsquo;unicit\u00e9 architecturale de la ville.<\/p>\n\n\n\n<p>La vieille ville, en particulier, est un t\u00e9moignage vivant des diff\u00e9rentes couches historiques qui se superposent, des vestiges m\u00e9di\u00e9vaux aux constructions modernistes. Chaque rue, place et b\u00e2timent raconte une partie de l&rsquo;histoire de Vilanova i la Geltr\u00fa, invitant les visiteurs \u00e0 se plonger dans son pass\u00e9 glorieux.<\/p>\n\n\n\n<h2 class=\"wp-block-heading\">B\u00e2timents et Monuments Embl\u00e9matiques<\/h2>\n\n\n\n<h3 class=\"wp-block-heading\">La Tour Carr\u00e9e du Mas de l&rsquo;Esquerrer<\/h3>\n\n\n\n<p>Symbole de l&rsquo;architecture m\u00e9di\u00e9vale de la r\u00e9gion, cette tour carr\u00e9e se distingue par sa pr\u00e9sence imposante et son histoire remontant \u00e0 des si\u00e8cles. Construite au XIIe si\u00e8cle, la Tour Carr\u00e9e servait \u00e0 l&rsquo;origine de syst\u00e8me d\u00e9fensif et plus tard de ferme fortifi\u00e9e, refl\u00e9tant les besoins et les circonstances changeants de l&rsquo;\u00e9poque.<\/p>\n\n\n\n<p>La pr\u00e9servation de la tour est un exemple de l&rsquo;engagement de Vilanova i la Geltr\u00fa envers la pr\u00e9servation de son patrimoine, permettant aux visiteurs d&rsquo;appr\u00e9cier l&rsquo;architecture m\u00e9di\u00e9vale dans toute sa splendeur et de mieux comprendre l&rsquo;histoire locale.<\/p>\n\n\n\n<h3 class=\"wp-block-heading\">L&rsquo;Ancien March\u00e9 aux Poissons<\/h3>\n\n\n\n<p>Repr\u00e9sentant le style n\u00e9oclassique du XIXe si\u00e8cle, l&rsquo;Ancien March\u00e9 aux Poissons est un rappel de l&rsquo;importance de la mer pour la ville. \u00c0 l&rsquo;origine utilis\u00e9 comme march\u00e9 aux poissons, son architecture se distingue par l&rsquo;\u00e9l\u00e9gance de ses lignes et la fonctionnalit\u00e9 de son design, caract\u00e9ristiques typiques du n\u00e9oclassicisme.<\/p>\n\n\n\n<p>La transformation de cet espace en un centre culturel et social refl\u00e8te l&rsquo;adaptation de l&rsquo;architecture historique aux besoins contemporains, maintenant vivante la connexion de Vilanova i la Geltr\u00fa avec son h\u00e9ritage maritime.<\/p>\n\n\n\n<h3 class=\"wp-block-heading\">Mus\u00e9e Biblioth\u00e8que V\u00edctor Balaguer<\/h3>\n\n\n\n<p>Ce mus\u00e9e et biblioth\u00e8que n&rsquo;est pas seulement un centre de connaissances, mais aussi un monument \u00e0 l&rsquo;\u00e9clectisme du XIXe si\u00e8cle, offrant une collection unique qui relie Vilanova i la Geltr\u00fa au monde. Le Mus\u00e9e Biblioth\u00e8que V\u00edctor Balaguer abrite des \u0153uvres d&rsquo;art, des manuscrits et des livres rares, \u00e9tant l&rsquo;un des premiers mus\u00e9es en Espagne \u00e0 adopter une approche int\u00e9grale de la culture et de l&rsquo;\u00e9ducation.<\/p>\n\n\n\n<p>L&rsquo;architecture du mus\u00e9e, avec sa fa\u00e7ade orn\u00e9e et ses salles int\u00e9rieures d\u00e9cor\u00e9es, est un exemple clair du d\u00e9sir de l&rsquo;\u00e9poque de fusionner l&rsquo;art, la connaissance et la beaut\u00e9 en un seul espace, en faisant une r\u00e9f\u00e9rence culturelle de premier plan.<\/p>\n\n\n\n<p>L&rsquo;importance de ce mus\u00e9e pour la communaut\u00e9 de Vilanova i la Geltr\u00fa d\u00e9passe l&rsquo;esth\u00e9tique ou l&rsquo;histoire ; c&rsquo;est un centre d&rsquo;apprentissage et un point de rencontre pour ceux qui s&rsquo;int\u00e9ressent \u00e0 la culture, \u00e0 l&rsquo;histoire et aux arts.<\/p>\n\n\n\n<h2 class=\"wp-block-heading\">Un H\u00e9ritage Vivant : Architecture Moderne et Avenir<\/h2>\n\n\n\n<p>En plus de son patrimoine historique, Vilanova i la Geltr\u00fa abrite des innovations architecturales et des projets tourn\u00e9s vers l&rsquo;avenir, maintenant l&rsquo;essence de son h\u00e9ritage. L&rsquo;int\u00e9gration de nouvelles constructions et d&rsquo;espaces urbains avec le tissu historique de la ville d\u00e9montre une approche respectueuse et consciente du d\u00e9veloppement urbain.<\/p>\n\n\n\n<p>Des projets tels que la r\u00e9novation de la Rambla Principale et la cr\u00e9ation d&rsquo;espaces verts et de zones pi\u00e9tonnes refl\u00e8tent l&rsquo;engagement de la ville envers un avenir durable et convivial pour les pi\u00e9tons, o\u00f9 la qualit\u00e9 de vie urbaine est une priorit\u00e9.<\/p>\n\n\n\n<p>L&rsquo;architecture moderne \u00e0 Vilanova i la Geltr\u00fa ne cherche pas \u00e0 \u00e9clipser son pass\u00e9, mais \u00e0 le compl\u00e9ter, cr\u00e9ant un dialogue entre l&rsquo;ancien et le nouveau qui enrichit le paysage urbain et culturel de la ville.<\/p>\n\n\n\n<p>Cette approche \u00e9quilibr\u00e9e entre pr\u00e9servation et innovation garantit que l&rsquo;h\u00e9ritage architectural et culturel de Vilanova i la Geltr\u00fa continue d&rsquo;\u00e9voluer, restant pertinent et dynamique pour les g\u00e9n\u00e9rations futures.<\/p>\n\n\n\n<h2 class=\"wp-block-heading\">Vilanova i la Geltr\u00fa, un Tr\u00e9sor \u00e0 D\u00e9couvrir<\/h2>\n\n\n\n<p>De ses monuments historiques \u00e0 ses innovations modernes, Vilanova i la Geltr\u00fa offre un panorama riche et diversifi\u00e9 \u00e0 explorer. Nous vous invitons \u00e0 d\u00e9couvrir cette gemme architecturale et patrimoniale par vous-m\u00eame, en vous promenant dans ses rues charg\u00e9es d&rsquo;histoire, en admirant ses b\u00e2timents embl\u00e9matiques et en d\u00e9couvrant la culture vibrante qui fait de cette ville un endroit unique.<\/p>\n\n\n\n<p>Explorer Vilanova i la Geltr\u00fa, c&rsquo;est entreprendre un voyage \u00e0 travers le temps, o\u00f9 chaque coin r\u00e9v\u00e8le une nouvelle facette de son riche pass\u00e9 et promet une exp\u00e9rience inoubliable pour ceux qui cherchent \u00e0 comprendre l&rsquo;essence de cette ville catalane.<\/p>\n\n\n\n<h3 class=\"wp-block-heading\">Qu&rsquo;est-ce qui rend Vilanova i la Geltr\u00fa sp\u00e9cial en termes d&rsquo;architecture et de patrimoine ?<\/h3>\n\n\n\n<p>Vilanova i la Geltr\u00fa se distingue par sa diversit\u00e9 architecturale, allant de l&rsquo;architecture m\u00e9di\u00e9vale aux innovations modernes. Son engagement envers la pr\u00e9servation du patrimoine, ainsi que le d\u00e9veloppement de projets int\u00e9grant l&rsquo;ancien et le nouveau, cr\u00e9ent un environnement urbain unique o\u00f9 l&rsquo;histoire et la modernit\u00e9 coexistent harmonieusement.<\/p>\n\n\n\n<h3 class=\"wp-block-heading\">Quels sont les monuments les plus embl\u00e9matiques \u00e0 visiter \u00e0 Vilanova i la Geltr\u00fa ?<\/h3>\n\n\n\n<p>Les visiteurs ne doivent pas manquer la Tour Carr\u00e9e du Mas de l&rsquo;Esquerrer, l&rsquo;Ancien March\u00e9 aux Poissons et le Mus\u00e9e Biblioth\u00e8que V\u00edctor Balaguer. Ces monuments sont non seulement des t\u00e9moins de l&rsquo;histoire riche de la ville, mais aussi des exemples du patrimoine culturel et architectural que Vilanova i la Geltr\u00fa offre.<\/p>\n","protected":false},"excerpt":{"rendered":"<p>D\u00e9couvrez la richesse architecturale et le patrimoine historique de Vilanova i la Geltr\u00fa, un tr\u00e9sor cach\u00e9 dans la r\u00e9gion du Garraf. Introduction au Charme Historique La ville de Vilanova i la Geltr\u00fa, avec son histoire vibrante refl\u00e9t\u00e9e dans ses b\u00e2timents et ses monuments, offre un voyage fascinant \u00e0 travers le temps. Cet article vous guidera [&hellip;]<\/p>\n","protected":false},"author":2,"featured_media":6267,"comment_status":"closed","ping_status":"closed","sticky":false,"template":"","format":"standard","meta":{"_acf_changed":false,"footnotes":""},"categories":[82],"tags":[],"class_list":["post-6675","post","type-post","status-publish","format-standard","has-post-thumbnail","hentry","category-blog-fr"],"acf":[],"yoast_head":"<!-- This site is optimized with the Yoast SEO plugin v27.5 - https:\/\/yoast.com\/product\/yoast-seo-wordpress\/ -->\n<title>D\u00e9couvrez la richesse architecturale et l&#039;h\u00e9ritage historique de Vilanova i la Geltr\u00fa | Atenea Park Suites - Apartaments<\/title>\n<meta name=\"description\" content=\"Explore the hidden gem of Vilanova i la Geltr\u00fa in Garraf: uncover architectural splendor and rich history in this Catalan town.\" \/>\n<meta name=\"robots\" content=\"index, follow, max-snippet:-1, max-image-preview:large, max-video-preview:-1\" \/>\n<link rel=\"canonical\" href=\"https:\/\/www.ateneapark.com\/fr\/decouvrez-la-richesse-architecturale-et-lheritage-historique-de-vilanova-i-la-geltru\" \/>\n<meta property=\"og:locale\" content=\"fr_FR\" \/>\n<meta property=\"og:type\" content=\"article\" \/>\n<meta property=\"og:title\" content=\"D\u00e9couvrez la richesse architecturale et l&#039;h\u00e9ritage historique de Vilanova i la Geltr\u00fa | Atenea Park Suites - Apartaments\" \/>\n<meta property=\"og:description\" content=\"Explore the hidden gem of Vilanova i la Geltr\u00fa in Garraf: uncover architectural splendor and rich history in this Catalan town.\" \/>\n<meta property=\"og:url\" content=\"https:\/\/www.ateneapark.com\/fr\/decouvrez-la-richesse-architecturale-et-lheritage-historique-de-vilanova-i-la-geltru\" \/>\n<meta property=\"og:site_name\" content=\"Atenea Park Suites - Apartaments\" \/>\n<meta property=\"article:published_time\" content=\"2024-03-13T10:27:47+00:00\" \/>\n<meta property=\"article:modified_time\" content=\"2024-04-18T12:22:51+00:00\" \/>\n<meta property=\"og:image\" content=\"https:\/\/www.ateneapark.com\/wp-content\/uploads\/2023\/09\/svdafa.png\" \/>\n\t<meta property=\"og:image:width\" content=\"1000\" \/>\n\t<meta property=\"og:image:height\" content=\"667\" \/>\n\t<meta property=\"og:image:type\" content=\"image\/png\" \/>\n<meta name=\"author\" content=\"Atenea\" \/>\n<meta name=\"twitter:card\" content=\"summary_large_image\" \/>\n<meta name=\"twitter:label1\" content=\"\u00c9crit par\" \/>\n\t<meta name=\"twitter:data1\" content=\"Atenea\" \/>\n\t<meta name=\"twitter:label2\" content=\"Dur\u00e9e de lecture estim\u00e9e\" \/>\n\t<meta name=\"twitter:data2\" content=\"5 minutes\" \/>\n<script type=\"application\/ld+json\" class=\"yoast-schema-graph\">{\"@context\":\"https:\\\/\\\/schema.org\",\"@graph\":[{\"@type\":\"Article\",\"@id\":\"https:\\\/\\\/www.ateneapark.com\\\/fr\\\/decouvrez-la-richesse-architecturale-et-lheritage-historique-de-vilanova-i-la-geltru#article\",\"isPartOf\":{\"@id\":\"https:\\\/\\\/www.ateneapark.com\\\/fr\\\/decouvrez-la-richesse-architecturale-et-lheritage-historique-de-vilanova-i-la-geltru\"},\"author\":{\"name\":\"Atenea\",\"@id\":\"https:\\\/\\\/www.ateneapark.com\\\/fr#\\\/schema\\\/person\\\/cc3769cd0cf3b47d29694fe04258346f\"},\"headline\":\"D\u00e9couvrez la richesse architecturale et l&rsquo;h\u00e9ritage historique de Vilanova i la Geltr\u00fa\",\"datePublished\":\"2024-03-13T10:27:47+00:00\",\"dateModified\":\"2024-04-18T12:22:51+00:00\",\"mainEntityOfPage\":{\"@id\":\"https:\\\/\\\/www.ateneapark.com\\\/fr\\\/decouvrez-la-richesse-architecturale-et-lheritage-historique-de-vilanova-i-la-geltru\"},\"wordCount\":1049,\"publisher\":{\"@id\":\"https:\\\/\\\/www.ateneapark.com\\\/fr#organization\"},\"image\":{\"@id\":\"https:\\\/\\\/www.ateneapark.com\\\/fr\\\/decouvrez-la-richesse-architecturale-et-lheritage-historique-de-vilanova-i-la-geltru#primaryimage\"},\"thumbnailUrl\":\"https:\\\/\\\/www.ateneapark.com\\\/wp-content\\\/uploads\\\/2023\\\/09\\\/svdafa.png\",\"articleSection\":[\"blog\"],\"inLanguage\":\"fr-FR\"},{\"@type\":\"WebPage\",\"@id\":\"https:\\\/\\\/www.ateneapark.com\\\/fr\\\/decouvrez-la-richesse-architecturale-et-lheritage-historique-de-vilanova-i-la-geltru\",\"url\":\"https:\\\/\\\/www.ateneapark.com\\\/fr\\\/decouvrez-la-richesse-architecturale-et-lheritage-historique-de-vilanova-i-la-geltru\",\"name\":\"D\u00e9couvrez la richesse architecturale et l'h\u00e9ritage historique de Vilanova i la Geltr\u00fa | Atenea Park Suites - Apartaments\",\"isPartOf\":{\"@id\":\"https:\\\/\\\/www.ateneapark.com\\\/fr#website\"},\"primaryImageOfPage\":{\"@id\":\"https:\\\/\\\/www.ateneapark.com\\\/fr\\\/decouvrez-la-richesse-architecturale-et-lheritage-historique-de-vilanova-i-la-geltru#primaryimage\"},\"image\":{\"@id\":\"https:\\\/\\\/www.ateneapark.com\\\/fr\\\/decouvrez-la-richesse-architecturale-et-lheritage-historique-de-vilanova-i-la-geltru#primaryimage\"},\"thumbnailUrl\":\"https:\\\/\\\/www.ateneapark.com\\\/wp-content\\\/uploads\\\/2023\\\/09\\\/svdafa.png\",\"datePublished\":\"2024-03-13T10:27:47+00:00\",\"dateModified\":\"2024-04-18T12:22:51+00:00\",\"description\":\"Explore the hidden gem of Vilanova i la Geltr\u00fa in Garraf: uncover architectural splendor and rich history in this Catalan town.\",\"breadcrumb\":{\"@id\":\"https:\\\/\\\/www.ateneapark.com\\\/fr\\\/decouvrez-la-richesse-architecturale-et-lheritage-historique-de-vilanova-i-la-geltru#breadcrumb\"},\"inLanguage\":\"fr-FR\",\"potentialAction\":[{\"@type\":\"ReadAction\",\"target\":[\"https:\\\/\\\/www.ateneapark.com\\\/fr\\\/decouvrez-la-richesse-architecturale-et-lheritage-historique-de-vilanova-i-la-geltru\"]}]},{\"@type\":\"ImageObject\",\"inLanguage\":\"fr-FR\",\"@id\":\"https:\\\/\\\/www.ateneapark.com\\\/fr\\\/decouvrez-la-richesse-architecturale-et-lheritage-historique-de-vilanova-i-la-geltru#primaryimage\",\"url\":\"https:\\\/\\\/www.ateneapark.com\\\/wp-content\\\/uploads\\\/2023\\\/09\\\/svdafa.png\",\"contentUrl\":\"https:\\\/\\\/www.ateneapark.com\\\/wp-content\\\/uploads\\\/2023\\\/09\\\/svdafa.png\",\"width\":1000,\"height\":667,\"caption\":\"cultura vilanova\"},{\"@type\":\"BreadcrumbList\",\"@id\":\"https:\\\/\\\/www.ateneapark.com\\\/fr\\\/decouvrez-la-richesse-architecturale-et-lheritage-historique-de-vilanova-i-la-geltru#breadcrumb\",\"itemListElement\":[{\"@type\":\"ListItem\",\"position\":1,\"name\":\"Home\",\"item\":\"https:\\\/\\\/www.ateneapark.com\\\/fr\"},{\"@type\":\"ListItem\",\"position\":2,\"name\":\"D\u00e9couvrez la richesse architecturale et l&#8217;h\u00e9ritage historique de Vilanova i la Geltr\u00fa\"}]},{\"@type\":\"WebSite\",\"@id\":\"https:\\\/\\\/www.ateneapark.com\\\/fr#website\",\"url\":\"https:\\\/\\\/www.ateneapark.com\\\/fr\",\"name\":\"Atenea Park Suites - Apartaments\",\"description\":\"Atenea Park est\u00e1 situado en Vilanova y la Geltr\u00fa, poblaci\u00f3n muy pr\u00f3xima a Sitges. Precio m\u00ednimo garantizado. Oferta 5%descuento, desayuno y parking gratis.\",\"publisher\":{\"@id\":\"https:\\\/\\\/www.ateneapark.com\\\/fr#organization\"},\"potentialAction\":[{\"@type\":\"SearchAction\",\"target\":{\"@type\":\"EntryPoint\",\"urlTemplate\":\"https:\\\/\\\/www.ateneapark.com\\\/fr?s={search_term_string}\"},\"query-input\":{\"@type\":\"PropertyValueSpecification\",\"valueRequired\":true,\"valueName\":\"search_term_string\"}}],\"inLanguage\":\"fr-FR\"},{\"@type\":\"Organization\",\"@id\":\"https:\\\/\\\/www.ateneapark.com\\\/fr#organization\",\"name\":\"Sanoimels, S.L\",\"url\":\"https:\\\/\\\/www.ateneapark.com\\\/fr\",\"logo\":{\"@type\":\"ImageObject\",\"inLanguage\":\"fr-FR\",\"@id\":\"https:\\\/\\\/www.ateneapark.com\\\/fr#\\\/schema\\\/logo\\\/image\\\/\",\"url\":\"https:\\\/\\\/www.ateneapark.com\\\/wp-content\\\/uploads\\\/2022\\\/02\\\/3.2-galeria.jpg\",\"contentUrl\":\"https:\\\/\\\/www.ateneapark.com\\\/wp-content\\\/uploads\\\/2022\\\/02\\\/3.2-galeria.jpg\",\"width\":1124,\"height\":750,\"caption\":\"Sanoimels, S.L\"},\"image\":{\"@id\":\"https:\\\/\\\/www.ateneapark.com\\\/fr#\\\/schema\\\/logo\\\/image\\\/\"}},{\"@type\":\"Person\",\"@id\":\"https:\\\/\\\/www.ateneapark.com\\\/fr#\\\/schema\\\/person\\\/cc3769cd0cf3b47d29694fe04258346f\",\"name\":\"Atenea\"}]}<\/script>\n<!-- \/ Yoast SEO plugin. -->","yoast_head_json":{"title":"D\u00e9couvrez la richesse architecturale et l'h\u00e9ritage historique de Vilanova i la Geltr\u00fa | Atenea Park Suites - Apartaments","description":"Explore the hidden gem of Vilanova i la Geltr\u00fa in Garraf: uncover architectural splendor and rich history in this Catalan town.","robots":{"index":"index","follow":"follow","max-snippet":"max-snippet:-1","max-image-preview":"max-image-preview:large","max-video-preview":"max-video-preview:-1"},"canonical":"https:\/\/www.ateneapark.com\/fr\/decouvrez-la-richesse-architecturale-et-lheritage-historique-de-vilanova-i-la-geltru","og_locale":"fr_FR","og_type":"article","og_title":"D\u00e9couvrez la richesse architecturale et l'h\u00e9ritage historique de Vilanova i la Geltr\u00fa | Atenea Park Suites - Apartaments","og_description":"Explore the hidden gem of Vilanova i la Geltr\u00fa in Garraf: uncover architectural splendor and rich history in this Catalan town.","og_url":"https:\/\/www.ateneapark.com\/fr\/decouvrez-la-richesse-architecturale-et-lheritage-historique-de-vilanova-i-la-geltru","og_site_name":"Atenea Park Suites - Apartaments","article_published_time":"2024-03-13T10:27:47+00:00","article_modified_time":"2024-04-18T12:22:51+00:00","og_image":[{"width":1000,"height":667,"url":"https:\/\/www.ateneapark.com\/wp-content\/uploads\/2023\/09\/svdafa.png","type":"image\/png"}],"author":"Atenea","twitter_card":"summary_large_image","twitter_misc":{"\u00c9crit par":"Atenea","Dur\u00e9e de lecture estim\u00e9e":"5 minutes"},"schema":{"@context":"https:\/\/schema.org","@graph":[{"@type":"Article","@id":"https:\/\/www.ateneapark.com\/fr\/decouvrez-la-richesse-architecturale-et-lheritage-historique-de-vilanova-i-la-geltru#article","isPartOf":{"@id":"https:\/\/www.ateneapark.com\/fr\/decouvrez-la-richesse-architecturale-et-lheritage-historique-de-vilanova-i-la-geltru"},"author":{"name":"Atenea","@id":"https:\/\/www.ateneapark.com\/fr#\/schema\/person\/cc3769cd0cf3b47d29694fe04258346f"},"headline":"D\u00e9couvrez la richesse architecturale et l&rsquo;h\u00e9ritage historique de Vilanova i la Geltr\u00fa","datePublished":"2024-03-13T10:27:47+00:00","dateModified":"2024-04-18T12:22:51+00:00","mainEntityOfPage":{"@id":"https:\/\/www.ateneapark.com\/fr\/decouvrez-la-richesse-architecturale-et-lheritage-historique-de-vilanova-i-la-geltru"},"wordCount":1049,"publisher":{"@id":"https:\/\/www.ateneapark.com\/fr#organization"},"image":{"@id":"https:\/\/www.ateneapark.com\/fr\/decouvrez-la-richesse-architecturale-et-lheritage-historique-de-vilanova-i-la-geltru#primaryimage"},"thumbnailUrl":"https:\/\/www.ateneapark.com\/wp-content\/uploads\/2023\/09\/svdafa.png","articleSection":["blog"],"inLanguage":"fr-FR"},{"@type":"WebPage","@id":"https:\/\/www.ateneapark.com\/fr\/decouvrez-la-richesse-architecturale-et-lheritage-historique-de-vilanova-i-la-geltru","url":"https:\/\/www.ateneapark.com\/fr\/decouvrez-la-richesse-architecturale-et-lheritage-historique-de-vilanova-i-la-geltru","name":"D\u00e9couvrez la richesse architecturale et l'h\u00e9ritage historique de Vilanova i la Geltr\u00fa | Atenea Park Suites - Apartaments","isPartOf":{"@id":"https:\/\/www.ateneapark.com\/fr#website"},"primaryImageOfPage":{"@id":"https:\/\/www.ateneapark.com\/fr\/decouvrez-la-richesse-architecturale-et-lheritage-historique-de-vilanova-i-la-geltru#primaryimage"},"image":{"@id":"https:\/\/www.ateneapark.com\/fr\/decouvrez-la-richesse-architecturale-et-lheritage-historique-de-vilanova-i-la-geltru#primaryimage"},"thumbnailUrl":"https:\/\/www.ateneapark.com\/wp-content\/uploads\/2023\/09\/svdafa.png","datePublished":"2024-03-13T10:27:47+00:00","dateModified":"2024-04-18T12:22:51+00:00","description":"Explore the hidden gem of Vilanova i la Geltr\u00fa in Garraf: uncover architectural splendor and rich history in this Catalan town.","breadcrumb":{"@id":"https:\/\/www.ateneapark.com\/fr\/decouvrez-la-richesse-architecturale-et-lheritage-historique-de-vilanova-i-la-geltru#breadcrumb"},"inLanguage":"fr-FR","potentialAction":[{"@type":"ReadAction","target":["https:\/\/www.ateneapark.com\/fr\/decouvrez-la-richesse-architecturale-et-lheritage-historique-de-vilanova-i-la-geltru"]}]},{"@type":"ImageObject","inLanguage":"fr-FR","@id":"https:\/\/www.ateneapark.com\/fr\/decouvrez-la-richesse-architecturale-et-lheritage-historique-de-vilanova-i-la-geltru#primaryimage","url":"https:\/\/www.ateneapark.com\/wp-content\/uploads\/2023\/09\/svdafa.png","contentUrl":"https:\/\/www.ateneapark.com\/wp-content\/uploads\/2023\/09\/svdafa.png","width":1000,"height":667,"caption":"cultura vilanova"},{"@type":"BreadcrumbList","@id":"https:\/\/www.ateneapark.com\/fr\/decouvrez-la-richesse-architecturale-et-lheritage-historique-de-vilanova-i-la-geltru#breadcrumb","itemListElement":[{"@type":"ListItem","position":1,"name":"Home","item":"https:\/\/www.ateneapark.com\/fr"},{"@type":"ListItem","position":2,"name":"D\u00e9couvrez la richesse architecturale et l&#8217;h\u00e9ritage historique de Vilanova i la Geltr\u00fa"}]},{"@type":"WebSite","@id":"https:\/\/www.ateneapark.com\/fr#website","url":"https:\/\/www.ateneapark.com\/fr","name":"Atenea Park Suites - Apartaments","description":"Atenea Park est\u00e1 situado en Vilanova y la Geltr\u00fa, poblaci\u00f3n muy pr\u00f3xima a Sitges. Precio m\u00ednimo garantizado. Oferta 5%descuento, desayuno y parking gratis.","publisher":{"@id":"https:\/\/www.ateneapark.com\/fr#organization"},"potentialAction":[{"@type":"SearchAction","target":{"@type":"EntryPoint","urlTemplate":"https:\/\/www.ateneapark.com\/fr?s={search_term_string}"},"query-input":{"@type":"PropertyValueSpecification","valueRequired":true,"valueName":"search_term_string"}}],"inLanguage":"fr-FR"},{"@type":"Organization","@id":"https:\/\/www.ateneapark.com\/fr#organization","name":"Sanoimels, S.L","url":"https:\/\/www.ateneapark.com\/fr","logo":{"@type":"ImageObject","inLanguage":"fr-FR","@id":"https:\/\/www.ateneapark.com\/fr#\/schema\/logo\/image\/","url":"https:\/\/www.ateneapark.com\/wp-content\/uploads\/2022\/02\/3.2-galeria.jpg","contentUrl":"https:\/\/www.ateneapark.com\/wp-content\/uploads\/2022\/02\/3.2-galeria.jpg","width":1124,"height":750,"caption":"Sanoimels, S.L"},"image":{"@id":"https:\/\/www.ateneapark.com\/fr#\/schema\/logo\/image\/"}},{"@type":"Person","@id":"https:\/\/www.ateneapark.com\/fr#\/schema\/person\/cc3769cd0cf3b47d29694fe04258346f","name":"Atenea"}]}},"_links":{"self":[{"href":"https:\/\/www.ateneapark.com\/fr\/wp-json\/wp\/v2\/posts\/6675","targetHints":{"allow":["GET"]}}],"collection":[{"href":"https:\/\/www.ateneapark.com\/fr\/wp-json\/wp\/v2\/posts"}],"about":[{"href":"https:\/\/www.ateneapark.com\/fr\/wp-json\/wp\/v2\/types\/post"}],"author":[{"embeddable":true,"href":"https:\/\/www.ateneapark.com\/fr\/wp-json\/wp\/v2\/users\/2"}],"replies":[{"embeddable":true,"href":"https:\/\/www.ateneapark.com\/fr\/wp-json\/wp\/v2\/comments?post=6675"}],"version-history":[{"count":4,"href":"https:\/\/www.ateneapark.com\/fr\/wp-json\/wp\/v2\/posts\/6675\/revisions"}],"predecessor-version":[{"id":6695,"href":"https:\/\/www.ateneapark.com\/fr\/wp-json\/wp\/v2\/posts\/6675\/revisions\/6695"}],"wp:featuredmedia":[{"embeddable":true,"href":"https:\/\/www.ateneapark.com\/fr\/wp-json\/wp\/v2\/media\/6267"}],"wp:attachment":[{"href":"https:\/\/www.ateneapark.com\/fr\/wp-json\/wp\/v2\/media?parent=6675"}],"wp:term":[{"taxonomy":"category","embeddable":true,"href":"https:\/\/www.ateneapark.com\/fr\/wp-json\/wp\/v2\/categories?post=6675"},{"taxonomy":"post_tag","embeddable":true,"href":"https:\/\/www.ateneapark.com\/fr\/wp-json\/wp\/v2\/tags?post=6675"}],"curies":[{"name":"wp","href":"https:\/\/api.w.org\/{rel}","templated":true}]}}