{"id":7087,"date":"2026-03-03T11:14:54","date_gmt":"2026-03-03T10:14:54","guid":{"rendered":"https:\/\/www.ateneapark.com\/?p=7087"},"modified":"2026-03-03T11:29:31","modified_gmt":"2026-03-03T10:29:31","slug":"por-que-dormir-cerca-del-mar-en-vilanova-i-la-geltru-mejora-tu-descanso-y-tu-bienestar","status":"publish","type":"post","link":"https:\/\/www.ateneapark.com\/es\/por-que-dormir-cerca-del-mar-en-vilanova-i-la-geltru-mejora-tu-descanso-y-tu-bienestar","title":{"rendered":"Por qu\u00e9 dormir cerca del mar en Vilanova i la Geltr\u00fa mejora tu descanso y tu bienestar"},"content":{"rendered":"<h2>(lo que nadie te explica cuando reservas alojamiento)<\/h2>\n<p>Hay elecciones que parecen peque\u00f1as, pero que determinan c\u00f3mo recuerdas unas vacaciones enteras. Una de ellas es d\u00f3nde duermes. No el hotel m\u00e1s barato, ni el m\u00e1s bonito en fotos, sino el entorno real en el que tu cuerpo y tu mente descansan.<\/p>\n<p>Dormir cerca del mar activa mecanismos cognitivos y fisiol\u00f3gicos que no se producen en entornos urbanos o interiores. Y cuando se activan, el descanso deja de ser \u201cnormal\u201d y pasa a ser profundamente reparador.<\/p>\n<h2>\ud83e\udde0 El cerebro en vacaciones: por qu\u00e9 necesita algo m\u00e1s que silencio<\/h2>\n<p>Aunque no lo notes, tu cerebro est\u00e1 dise\u00f1ado para detectar amenazas, cambios y est\u00edmulos constantes. En ciudades o zonas ruidosas, nunca \u201cdesconecta del todo\u201d.<\/p>\n<h2>\ud83c\udf0a El mar como se\u00f1al de seguridad cognitiva<\/h2>\n<p>Desde un punto de vista psicol\u00f3gico:<\/p>\n<ul>\n<li>El sonido del mar es predecible<\/li>\n<li>No exige atenci\u00f3n consciente<\/li>\n<li>No genera sobresaltos<\/li>\n<\/ul>\n<p>Esto env\u00eda una se\u00f1al clara al cerebro: no hay peligro. El resultado es una bajada autom\u00e1tica del nivel de alerta.<\/p>\n<p>\ud83d\udc49 Por eso dormir cerca del mar reduce la rumiaci\u00f3n mental y acelera la conciliaci\u00f3n del sue\u00f1o.<\/p>\n<h2>\ud83d\ude34 El efecto real del sonido de las olas al dormir<\/h2>\n<p>No es solo relajaci\u00f3n subjetiva. El ruido del mar para dormir:<\/p>\n<ul>\n<li>Enmascara sonidos puntuales molestos<\/li>\n<li>Estabiliza el ritmo cerebral<\/li>\n<li>Facilita fases de sue\u00f1o profundo (NREM)<\/li>\n<\/ul>\n<p>Por eso muchas personas duermen mejor en un alojamiento frente al mar, incluso sin darse cuenta del motivo exacto.<\/p>\n<h2>\ud83c\udf2c\ufe0f Aire marino y descanso: una combinaci\u00f3n infravalorada<\/h2>\n<p>Dormir cerca de la playa implica respirar un aire distinto.<\/p>\n<p>Beneficios f\u00edsicos del aire marino<\/p>\n<ul>\n<li>Mayor humedad ambiental<\/li>\n<li>Menos part\u00edculas contaminantes<\/li>\n<li>Sensaci\u00f3n de respiraci\u00f3n m\u00e1s fluida<\/li>\n<\/ul>\n<p>Esto se traduce en:<\/p>\n<ul>\n<li>Menos microdespertares<\/li>\n<li>Menos sequedad nasal<\/li>\n<li>Despertares m\u00e1s ligeros y energ\u00e9ticos<\/li>\n<\/ul>\n<p>Es uno de los motivos por los que muchas personas sienten mejor descanso en vacaciones cuando eligen la costa.<\/p>\n<h2>\ud83d\udca4 Dormir bien cambia tu percepci\u00f3n del viaje (y no al rev\u00e9s)<\/h2>\n<p>Aqu\u00ed entra un punto clave de psicolog\u00eda cognitiva:<br \/>\n\ud83d\udc49 el descanso condiciona la memoria emocional.<\/p>\n<p>Si duermes mal:<\/p>\n<ul>\n<li>Todo parece m\u00e1s cansado<\/li>\n<li>Los planes se disfrutan menos<\/li>\n<li>El recuerdo global del viaje empeora<\/li>\n<\/ul>\n<p>Si duermes bien:<\/p>\n<ul>\n<li>El d\u00eda empieza con m\u00e1s energ\u00eda<\/li>\n<li>Se reduce la irritabilidad<\/li>\n<li>La experiencia se percibe como m\u00e1s positiva<\/li>\n<\/ul>\n<p>Por eso elegir bien d\u00f3nde dormir en vacaciones es una decisi\u00f3n estrat\u00e9gica, no log\u00edstica.<\/p>\n<h2>\ud83c\udfd6\ufe0f Dormir junto al mar vs. \u201ccerca del mar\u201d: no es lo mismo<\/h2>\n<p>Muchos alojamientos prometen estar \u201ccerca\u201d, pero el cerebro distingue matices.<\/p>\n<p>Dormir realmente junto al mar implica:<\/p>\n<ul>\n<li>Presencia constante del entorno marino<\/li>\n<li>Sonido ambiental natural<\/li>\n<li>Sensaci\u00f3n visual y espacial de apertura<\/li>\n<\/ul>\n<p>Un hotel cerca de la playa no siempre genera el mismo efecto que alojarse junto al mar en una zona tranquila y bien orientada.<\/p>\n<h2>\ud83d\udccd Por qu\u00e9 Vilanova i la Geltr\u00fa es ideal para dormir bien<\/h2>\n<p>La costa catalana es extensa, pero no todas las zonas favorecen el descanso.<\/p>\n<p>Vilanova i la Geltr\u00fa destaca porque combina:<\/p>\n<ul>\n<li>Mar abierto y accesible<\/li>\n<li>Ambiente relajado, no masificado<\/li>\n<li>Ritmo local tranquilo incluso en temporada alta<\/li>\n<\/ul>\n<p>Esto la convierte en una de las mejores opciones para quien busca:<\/p>\n<ul>\n<li>vacaciones relajantes en la playa<\/li>\n<li>desconexi\u00f3n mental real<\/li>\n<li>descanso profundo sin aislamiento<\/li>\n<\/ul>\n<h2>\ud83c\udfe8 El papel del alojamiento en el descanso profundo<\/h2>\n<p>Un aparthotel en la costa catalana bien ubicado aporta algo clave: control.<\/p>\n<p>Ventajas cognitivas del aparthotel<\/p>\n<ul>\n<li>Espacios amplios \u2192 menos sensaci\u00f3n de encierro<\/li>\n<li>Rutinas m\u00e1s flexibles \u2192 menor estr\u00e9s<\/li>\n<li>Sensaci\u00f3n de \u201chogar temporal\u201d \u2192 mayor relajaci\u00f3n<\/li>\n<\/ul>\n<p>Todo esto ayuda a que el cuerpo entre antes en modo descanso.<\/p>\n<h2>\ud83c\udf05 El despertar cambia cuando duermes frente al mar<\/h2>\n<p>Uno de los efectos m\u00e1s potentes \u2014y menos comentados\u2014 es c\u00f3mo te despiertas.<\/p>\n<p>Dormir cerca del mar provoca:<\/p>\n<ul>\n<li>Despertares m\u00e1s suaves<\/li>\n<li>Menos sensaci\u00f3n de alarma<\/li>\n<li>Mejor estado de \u00e1nimo al comenzar el d\u00eda<\/li>\n<\/ul>\n<p>Ese primer minuto al despertar marca todo lo que viene despu\u00e9s.<\/p>\n<h2>\ud83e\uddd8 Alojarse cerca del mar no es un lujo, es autocuidado<\/h2>\n<p>Desde la psicolog\u00eda del bienestar, el entorno influye directamente en:<\/p>\n<ul>\n<li>Niveles de cortisol<\/li>\n<li>Regulaci\u00f3n emocional<\/li>\n<li>Capacidad de disfrute<\/li>\n<\/ul>\n<p>Elegir alojamiento en Vilanova i la Geltr\u00fa, junto al mar, es una forma inteligente de cuidar tu descanso sin esfuerzo consciente.<\/p>\n<h2>\ud83d\udccc D\u00f3nde dormir en Vilanova i la Geltr\u00fa para desconectar de verdad<\/h2>\n<p>Si buscas:<\/p>\n<ul>\n<li>un hotel tranquilo cerca del mar<\/li>\n<li>una escapada para bajar el ritmo<\/li>\n<li>un alojamiento para desconectar mentalmente<\/li>\n<\/ul>\n<p>La clave no est\u00e1 en hacer m\u00e1s actividades, sino en dormir mejor.<\/p>\n<h2>\ud83e\udde0 Lo que tu cerebro recordar\u00e1 del viaje<\/h2>\n<p>Al final, no recordar\u00e1s:<\/p>\n<ul>\n<li>el n\u00famero de planes<\/li>\n<li>ni las horas exactas de sue\u00f1o<\/li>\n<\/ul>\n<p>Recordar\u00e1s:<\/p>\n<ul>\n<li>c\u00f3mo te sent\u00edas<\/li>\n<li>si estabas relajado<\/li>\n<li>si volviste con energ\u00eda<\/li>\n<\/ul>\n<p>Y todo eso empieza por una decisi\u00f3n simple:<br \/>\ndormir cerca del mar.<\/p>\n<h2>En conclusi\u00f3n<\/h2>\n<p>Dormir junto al mar mejora:<\/p>\n<ul>\n<li>tu descanso<\/li>\n<li>tu bienestar<\/li>\n<li>y la experiencia completa de tus vacaciones<\/li>\n<\/ul>\n<p>No es casualidad. Es biolog\u00eda, psicolog\u00eda\u2026 y sentido com\u00fan.<\/p>\n","protected":false},"excerpt":{"rendered":"<p>(lo que nadie te explica cuando reservas alojamiento) Hay elecciones que parecen peque\u00f1as, pero que determinan c\u00f3mo recuerdas unas vacaciones enteras. Una de ellas es d\u00f3nde duermes. No el hotel m\u00e1s barato, ni el m\u00e1s bonito en fotos, sino el entorno real en el que tu cuerpo y tu mente descansan. Dormir cerca del mar [&hellip;]<\/p>\n","protected":false},"author":2,"featured_media":7094,"comment_status":"closed","ping_status":"closed","sticky":false,"template":"","format":"standard","meta":{"_acf_changed":false,"footnotes":""},"categories":[1],"tags":[],"class_list":["post-7087","post","type-post","status-publish","format-standard","has-post-thumbnail","hentry","category-sin-categorizar"],"acf":[],"yoast_head":"<!-- This site is optimized with the Yoast SEO plugin v27.4 - https:\/\/yoast.com\/product\/yoast-seo-wordpress\/ -->\n<title>Por qu\u00e9 dormir cerca del mar en Vilanova i la Geltr\u00fa mejora tu descanso y tu bienestar | Atenea Park Suites - Apartaments<\/title>\n<meta name=\"description\" content=\"Descubre por qu\u00e9 dormir cerca del mar en Vilanova i la Geltr\u00fa mejora tu descanso y bienestar. Reserva tu escapada y desconecta de verdad.\" \/>\n<meta name=\"robots\" content=\"index, follow, max-snippet:-1, max-image-preview:large, max-video-preview:-1\" \/>\n<link rel=\"canonical\" href=\"https:\/\/www.ateneapark.com\/es\/por-que-dormir-cerca-del-mar-en-vilanova-i-la-geltru-mejora-tu-descanso-y-tu-bienestar\" \/>\n<meta property=\"og:locale\" content=\"es_ES\" \/>\n<meta property=\"og:type\" content=\"article\" \/>\n<meta property=\"og:title\" content=\"Por qu\u00e9 dormir cerca del mar en Vilanova i la Geltr\u00fa mejora tu descanso y tu bienestar | Atenea Park Suites - Apartaments\" \/>\n<meta property=\"og:description\" content=\"Descubre por qu\u00e9 dormir cerca del mar en Vilanova i la Geltr\u00fa mejora tu descanso y bienestar. Reserva tu escapada y desconecta de verdad.\" \/>\n<meta property=\"og:url\" content=\"https:\/\/www.ateneapark.com\/es\/por-que-dormir-cerca-del-mar-en-vilanova-i-la-geltru-mejora-tu-descanso-y-tu-bienestar\" \/>\n<meta property=\"og:site_name\" content=\"Atenea Park Suites - Apartaments\" \/>\n<meta property=\"article:published_time\" content=\"2026-03-03T10:14:54+00:00\" \/>\n<meta property=\"article:modified_time\" content=\"2026-03-03T10:29:31+00:00\" \/>\n<meta property=\"og:image\" content=\"https:\/\/www.ateneapark.com\/wp-content\/uploads\/2026\/03\/Por-que-dormir-cerca-del-mar-en-Vilanova-i-la-Geltru-mejora-tu-descanso-y-tu-bienestar.jpg\" \/>\n\t<meta property=\"og:image:width\" content=\"800\" \/>\n\t<meta property=\"og:image:height\" content=\"533\" \/>\n\t<meta property=\"og:image:type\" content=\"image\/jpeg\" \/>\n<meta name=\"author\" content=\"Atenea\" \/>\n<meta name=\"twitter:card\" content=\"summary_large_image\" \/>\n<meta name=\"twitter:label1\" content=\"Escrito por\" \/>\n\t<meta name=\"twitter:data1\" content=\"Atenea\" \/>\n\t<meta name=\"twitter:label2\" content=\"Tiempo de lectura\" \/>\n\t<meta name=\"twitter:data2\" content=\"4 minutos\" \/>\n<script type=\"application\/ld+json\" class=\"yoast-schema-graph\">{\"@context\":\"https:\\\/\\\/schema.org\",\"@graph\":[{\"@type\":\"Article\",\"@id\":\"https:\\\/\\\/www.ateneapark.com\\\/es\\\/por-que-dormir-cerca-del-mar-en-vilanova-i-la-geltru-mejora-tu-descanso-y-tu-bienestar#article\",\"isPartOf\":{\"@id\":\"https:\\\/\\\/www.ateneapark.com\\\/es\\\/por-que-dormir-cerca-del-mar-en-vilanova-i-la-geltru-mejora-tu-descanso-y-tu-bienestar\"},\"author\":{\"name\":\"Atenea\",\"@id\":\"https:\\\/\\\/www.ateneapark.com\\\/es\\\/#\\\/schema\\\/person\\\/cc3769cd0cf3b47d29694fe04258346f\"},\"headline\":\"Por qu\u00e9 dormir cerca del mar en Vilanova i la Geltr\u00fa mejora tu descanso y tu bienestar\",\"datePublished\":\"2026-03-03T10:14:54+00:00\",\"dateModified\":\"2026-03-03T10:29:31+00:00\",\"mainEntityOfPage\":{\"@id\":\"https:\\\/\\\/www.ateneapark.com\\\/es\\\/por-que-dormir-cerca-del-mar-en-vilanova-i-la-geltru-mejora-tu-descanso-y-tu-bienestar\"},\"wordCount\":868,\"publisher\":{\"@id\":\"https:\\\/\\\/www.ateneapark.com\\\/es\\\/#organization\"},\"image\":{\"@id\":\"https:\\\/\\\/www.ateneapark.com\\\/es\\\/por-que-dormir-cerca-del-mar-en-vilanova-i-la-geltru-mejora-tu-descanso-y-tu-bienestar#primaryimage\"},\"thumbnailUrl\":\"https:\\\/\\\/www.ateneapark.com\\\/wp-content\\\/uploads\\\/2026\\\/03\\\/Por-que-dormir-cerca-del-mar-en-Vilanova-i-la-Geltru-mejora-tu-descanso-y-tu-bienestar.jpg\",\"articleSection\":[\"Sin categorizar\"],\"inLanguage\":\"es\"},{\"@type\":\"WebPage\",\"@id\":\"https:\\\/\\\/www.ateneapark.com\\\/es\\\/por-que-dormir-cerca-del-mar-en-vilanova-i-la-geltru-mejora-tu-descanso-y-tu-bienestar\",\"url\":\"https:\\\/\\\/www.ateneapark.com\\\/es\\\/por-que-dormir-cerca-del-mar-en-vilanova-i-la-geltru-mejora-tu-descanso-y-tu-bienestar\",\"name\":\"Por qu\u00e9 dormir cerca del mar en Vilanova i la Geltr\u00fa mejora tu descanso y tu bienestar | Atenea Park Suites - Apartaments\",\"isPartOf\":{\"@id\":\"https:\\\/\\\/www.ateneapark.com\\\/es\\\/#website\"},\"primaryImageOfPage\":{\"@id\":\"https:\\\/\\\/www.ateneapark.com\\\/es\\\/por-que-dormir-cerca-del-mar-en-vilanova-i-la-geltru-mejora-tu-descanso-y-tu-bienestar#primaryimage\"},\"image\":{\"@id\":\"https:\\\/\\\/www.ateneapark.com\\\/es\\\/por-que-dormir-cerca-del-mar-en-vilanova-i-la-geltru-mejora-tu-descanso-y-tu-bienestar#primaryimage\"},\"thumbnailUrl\":\"https:\\\/\\\/www.ateneapark.com\\\/wp-content\\\/uploads\\\/2026\\\/03\\\/Por-que-dormir-cerca-del-mar-en-Vilanova-i-la-Geltru-mejora-tu-descanso-y-tu-bienestar.jpg\",\"datePublished\":\"2026-03-03T10:14:54+00:00\",\"dateModified\":\"2026-03-03T10:29:31+00:00\",\"description\":\"Descubre por qu\u00e9 dormir cerca del mar en Vilanova i la Geltr\u00fa mejora tu descanso y bienestar. Reserva tu escapada y desconecta de verdad.\",\"breadcrumb\":{\"@id\":\"https:\\\/\\\/www.ateneapark.com\\\/es\\\/por-que-dormir-cerca-del-mar-en-vilanova-i-la-geltru-mejora-tu-descanso-y-tu-bienestar#breadcrumb\"},\"inLanguage\":\"es\",\"potentialAction\":[{\"@type\":\"ReadAction\",\"target\":[\"https:\\\/\\\/www.ateneapark.com\\\/es\\\/por-que-dormir-cerca-del-mar-en-vilanova-i-la-geltru-mejora-tu-descanso-y-tu-bienestar\"]}]},{\"@type\":\"ImageObject\",\"inLanguage\":\"es\",\"@id\":\"https:\\\/\\\/www.ateneapark.com\\\/es\\\/por-que-dormir-cerca-del-mar-en-vilanova-i-la-geltru-mejora-tu-descanso-y-tu-bienestar#primaryimage\",\"url\":\"https:\\\/\\\/www.ateneapark.com\\\/wp-content\\\/uploads\\\/2026\\\/03\\\/Por-que-dormir-cerca-del-mar-en-Vilanova-i-la-Geltru-mejora-tu-descanso-y-tu-bienestar.jpg\",\"contentUrl\":\"https:\\\/\\\/www.ateneapark.com\\\/wp-content\\\/uploads\\\/2026\\\/03\\\/Por-que-dormir-cerca-del-mar-en-Vilanova-i-la-Geltru-mejora-tu-descanso-y-tu-bienestar.jpg\",\"width\":800,\"height\":533},{\"@type\":\"BreadcrumbList\",\"@id\":\"https:\\\/\\\/www.ateneapark.com\\\/es\\\/por-que-dormir-cerca-del-mar-en-vilanova-i-la-geltru-mejora-tu-descanso-y-tu-bienestar#breadcrumb\",\"itemListElement\":[{\"@type\":\"ListItem\",\"position\":1,\"name\":\"Home\",\"item\":\"https:\\\/\\\/www.ateneapark.com\\\/es\"},{\"@type\":\"ListItem\",\"position\":2,\"name\":\"Por qu\u00e9 dormir cerca del mar en Vilanova i la Geltr\u00fa mejora tu descanso y tu bienestar\"}]},{\"@type\":\"WebSite\",\"@id\":\"https:\\\/\\\/www.ateneapark.com\\\/es\\\/#website\",\"url\":\"https:\\\/\\\/www.ateneapark.com\\\/es\\\/\",\"name\":\"Atenea Park Suites - Apartaments\",\"description\":\"Atenea Park est\u00e1 situado en Vilanova i la Geltr\u00fa, poblaci\u00f3n muy pr\u00f3xima a Sitges. Precio m\u00ednimo garantizado.\",\"publisher\":{\"@id\":\"https:\\\/\\\/www.ateneapark.com\\\/es\\\/#organization\"},\"potentialAction\":[{\"@type\":\"SearchAction\",\"target\":{\"@type\":\"EntryPoint\",\"urlTemplate\":\"https:\\\/\\\/www.ateneapark.com\\\/es\\\/?s={search_term_string}\"},\"query-input\":{\"@type\":\"PropertyValueSpecification\",\"valueRequired\":true,\"valueName\":\"search_term_string\"}}],\"inLanguage\":\"es\"},{\"@type\":\"Organization\",\"@id\":\"https:\\\/\\\/www.ateneapark.com\\\/es\\\/#organization\",\"name\":\"Sanoimels, S.L\",\"url\":\"https:\\\/\\\/www.ateneapark.com\\\/es\\\/\",\"logo\":{\"@type\":\"ImageObject\",\"inLanguage\":\"es\",\"@id\":\"https:\\\/\\\/www.ateneapark.com\\\/es\\\/#\\\/schema\\\/logo\\\/image\\\/\",\"url\":\"https:\\\/\\\/www.ateneapark.com\\\/wp-content\\\/uploads\\\/2022\\\/02\\\/3.2-galeria.jpg\",\"contentUrl\":\"https:\\\/\\\/www.ateneapark.com\\\/wp-content\\\/uploads\\\/2022\\\/02\\\/3.2-galeria.jpg\",\"width\":1124,\"height\":750,\"caption\":\"Sanoimels, S.L\"},\"image\":{\"@id\":\"https:\\\/\\\/www.ateneapark.com\\\/es\\\/#\\\/schema\\\/logo\\\/image\\\/\"}},{\"@type\":\"Person\",\"@id\":\"https:\\\/\\\/www.ateneapark.com\\\/es\\\/#\\\/schema\\\/person\\\/cc3769cd0cf3b47d29694fe04258346f\",\"name\":\"Atenea\"}]}<\/script>\n<!-- \/ Yoast SEO plugin. -->","yoast_head_json":{"title":"Por qu\u00e9 dormir cerca del mar en Vilanova i la Geltr\u00fa mejora tu descanso y tu bienestar | Atenea Park Suites - Apartaments","description":"Descubre por qu\u00e9 dormir cerca del mar en Vilanova i la Geltr\u00fa mejora tu descanso y bienestar. Reserva tu escapada y desconecta de verdad.","robots":{"index":"index","follow":"follow","max-snippet":"max-snippet:-1","max-image-preview":"max-image-preview:large","max-video-preview":"max-video-preview:-1"},"canonical":"https:\/\/www.ateneapark.com\/es\/por-que-dormir-cerca-del-mar-en-vilanova-i-la-geltru-mejora-tu-descanso-y-tu-bienestar","og_locale":"es_ES","og_type":"article","og_title":"Por qu\u00e9 dormir cerca del mar en Vilanova i la Geltr\u00fa mejora tu descanso y tu bienestar | Atenea Park Suites - Apartaments","og_description":"Descubre por qu\u00e9 dormir cerca del mar en Vilanova i la Geltr\u00fa mejora tu descanso y bienestar. Reserva tu escapada y desconecta de verdad.","og_url":"https:\/\/www.ateneapark.com\/es\/por-que-dormir-cerca-del-mar-en-vilanova-i-la-geltru-mejora-tu-descanso-y-tu-bienestar","og_site_name":"Atenea Park Suites - Apartaments","article_published_time":"2026-03-03T10:14:54+00:00","article_modified_time":"2026-03-03T10:29:31+00:00","og_image":[{"width":800,"height":533,"url":"https:\/\/www.ateneapark.com\/wp-content\/uploads\/2026\/03\/Por-que-dormir-cerca-del-mar-en-Vilanova-i-la-Geltru-mejora-tu-descanso-y-tu-bienestar.jpg","type":"image\/jpeg"}],"author":"Atenea","twitter_card":"summary_large_image","twitter_misc":{"Escrito por":"Atenea","Tiempo de lectura":"4 minutos"},"schema":{"@context":"https:\/\/schema.org","@graph":[{"@type":"Article","@id":"https:\/\/www.ateneapark.com\/es\/por-que-dormir-cerca-del-mar-en-vilanova-i-la-geltru-mejora-tu-descanso-y-tu-bienestar#article","isPartOf":{"@id":"https:\/\/www.ateneapark.com\/es\/por-que-dormir-cerca-del-mar-en-vilanova-i-la-geltru-mejora-tu-descanso-y-tu-bienestar"},"author":{"name":"Atenea","@id":"https:\/\/www.ateneapark.com\/es\/#\/schema\/person\/cc3769cd0cf3b47d29694fe04258346f"},"headline":"Por qu\u00e9 dormir cerca del mar en Vilanova i la Geltr\u00fa mejora tu descanso y tu bienestar","datePublished":"2026-03-03T10:14:54+00:00","dateModified":"2026-03-03T10:29:31+00:00","mainEntityOfPage":{"@id":"https:\/\/www.ateneapark.com\/es\/por-que-dormir-cerca-del-mar-en-vilanova-i-la-geltru-mejora-tu-descanso-y-tu-bienestar"},"wordCount":868,"publisher":{"@id":"https:\/\/www.ateneapark.com\/es\/#organization"},"image":{"@id":"https:\/\/www.ateneapark.com\/es\/por-que-dormir-cerca-del-mar-en-vilanova-i-la-geltru-mejora-tu-descanso-y-tu-bienestar#primaryimage"},"thumbnailUrl":"https:\/\/www.ateneapark.com\/wp-content\/uploads\/2026\/03\/Por-que-dormir-cerca-del-mar-en-Vilanova-i-la-Geltru-mejora-tu-descanso-y-tu-bienestar.jpg","articleSection":["Sin categorizar"],"inLanguage":"es"},{"@type":"WebPage","@id":"https:\/\/www.ateneapark.com\/es\/por-que-dormir-cerca-del-mar-en-vilanova-i-la-geltru-mejora-tu-descanso-y-tu-bienestar","url":"https:\/\/www.ateneapark.com\/es\/por-que-dormir-cerca-del-mar-en-vilanova-i-la-geltru-mejora-tu-descanso-y-tu-bienestar","name":"Por qu\u00e9 dormir cerca del mar en Vilanova i la Geltr\u00fa mejora tu descanso y tu bienestar | Atenea Park Suites - Apartaments","isPartOf":{"@id":"https:\/\/www.ateneapark.com\/es\/#website"},"primaryImageOfPage":{"@id":"https:\/\/www.ateneapark.com\/es\/por-que-dormir-cerca-del-mar-en-vilanova-i-la-geltru-mejora-tu-descanso-y-tu-bienestar#primaryimage"},"image":{"@id":"https:\/\/www.ateneapark.com\/es\/por-que-dormir-cerca-del-mar-en-vilanova-i-la-geltru-mejora-tu-descanso-y-tu-bienestar#primaryimage"},"thumbnailUrl":"https:\/\/www.ateneapark.com\/wp-content\/uploads\/2026\/03\/Por-que-dormir-cerca-del-mar-en-Vilanova-i-la-Geltru-mejora-tu-descanso-y-tu-bienestar.jpg","datePublished":"2026-03-03T10:14:54+00:00","dateModified":"2026-03-03T10:29:31+00:00","description":"Descubre por qu\u00e9 dormir cerca del mar en Vilanova i la Geltr\u00fa mejora tu descanso y bienestar. Reserva tu escapada y desconecta de verdad.","breadcrumb":{"@id":"https:\/\/www.ateneapark.com\/es\/por-que-dormir-cerca-del-mar-en-vilanova-i-la-geltru-mejora-tu-descanso-y-tu-bienestar#breadcrumb"},"inLanguage":"es","potentialAction":[{"@type":"ReadAction","target":["https:\/\/www.ateneapark.com\/es\/por-que-dormir-cerca-del-mar-en-vilanova-i-la-geltru-mejora-tu-descanso-y-tu-bienestar"]}]},{"@type":"ImageObject","inLanguage":"es","@id":"https:\/\/www.ateneapark.com\/es\/por-que-dormir-cerca-del-mar-en-vilanova-i-la-geltru-mejora-tu-descanso-y-tu-bienestar#primaryimage","url":"https:\/\/www.ateneapark.com\/wp-content\/uploads\/2026\/03\/Por-que-dormir-cerca-del-mar-en-Vilanova-i-la-Geltru-mejora-tu-descanso-y-tu-bienestar.jpg","contentUrl":"https:\/\/www.ateneapark.com\/wp-content\/uploads\/2026\/03\/Por-que-dormir-cerca-del-mar-en-Vilanova-i-la-Geltru-mejora-tu-descanso-y-tu-bienestar.jpg","width":800,"height":533},{"@type":"BreadcrumbList","@id":"https:\/\/www.ateneapark.com\/es\/por-que-dormir-cerca-del-mar-en-vilanova-i-la-geltru-mejora-tu-descanso-y-tu-bienestar#breadcrumb","itemListElement":[{"@type":"ListItem","position":1,"name":"Home","item":"https:\/\/www.ateneapark.com\/es"},{"@type":"ListItem","position":2,"name":"Por qu\u00e9 dormir cerca del mar en Vilanova i la Geltr\u00fa mejora tu descanso y tu bienestar"}]},{"@type":"WebSite","@id":"https:\/\/www.ateneapark.com\/es\/#website","url":"https:\/\/www.ateneapark.com\/es\/","name":"Atenea Park Suites - Apartaments","description":"Atenea Park est\u00e1 situado en Vilanova i la Geltr\u00fa, poblaci\u00f3n muy pr\u00f3xima a Sitges. Precio m\u00ednimo garantizado.","publisher":{"@id":"https:\/\/www.ateneapark.com\/es\/#organization"},"potentialAction":[{"@type":"SearchAction","target":{"@type":"EntryPoint","urlTemplate":"https:\/\/www.ateneapark.com\/es\/?s={search_term_string}"},"query-input":{"@type":"PropertyValueSpecification","valueRequired":true,"valueName":"search_term_string"}}],"inLanguage":"es"},{"@type":"Organization","@id":"https:\/\/www.ateneapark.com\/es\/#organization","name":"Sanoimels, S.L","url":"https:\/\/www.ateneapark.com\/es\/","logo":{"@type":"ImageObject","inLanguage":"es","@id":"https:\/\/www.ateneapark.com\/es\/#\/schema\/logo\/image\/","url":"https:\/\/www.ateneapark.com\/wp-content\/uploads\/2022\/02\/3.2-galeria.jpg","contentUrl":"https:\/\/www.ateneapark.com\/wp-content\/uploads\/2022\/02\/3.2-galeria.jpg","width":1124,"height":750,"caption":"Sanoimels, S.L"},"image":{"@id":"https:\/\/www.ateneapark.com\/es\/#\/schema\/logo\/image\/"}},{"@type":"Person","@id":"https:\/\/www.ateneapark.com\/es\/#\/schema\/person\/cc3769cd0cf3b47d29694fe04258346f","name":"Atenea"}]}},"_links":{"self":[{"href":"https:\/\/www.ateneapark.com\/es\/wp-json\/wp\/v2\/posts\/7087","targetHints":{"allow":["GET"]}}],"collection":[{"href":"https:\/\/www.ateneapark.com\/es\/wp-json\/wp\/v2\/posts"}],"about":[{"href":"https:\/\/www.ateneapark.com\/es\/wp-json\/wp\/v2\/types\/post"}],"author":[{"embeddable":true,"href":"https:\/\/www.ateneapark.com\/es\/wp-json\/wp\/v2\/users\/2"}],"replies":[{"embeddable":true,"href":"https:\/\/www.ateneapark.com\/es\/wp-json\/wp\/v2\/comments?post=7087"}],"version-history":[{"count":3,"href":"https:\/\/www.ateneapark.com\/es\/wp-json\/wp\/v2\/posts\/7087\/revisions"}],"predecessor-version":[{"id":7102,"href":"https:\/\/www.ateneapark.com\/es\/wp-json\/wp\/v2\/posts\/7087\/revisions\/7102"}],"wp:featuredmedia":[{"embeddable":true,"href":"https:\/\/www.ateneapark.com\/es\/wp-json\/wp\/v2\/media\/7094"}],"wp:attachment":[{"href":"https:\/\/www.ateneapark.com\/es\/wp-json\/wp\/v2\/media?parent=7087"}],"wp:term":[{"taxonomy":"category","embeddable":true,"href":"https:\/\/www.ateneapark.com\/es\/wp-json\/wp\/v2\/categories?post=7087"},{"taxonomy":"post_tag","embeddable":true,"href":"https:\/\/www.ateneapark.com\/es\/wp-json\/wp\/v2\/tags?post=7087"}],"curies":[{"name":"wp","href":"https:\/\/api.w.org\/{rel}","templated":true}]}}