{"id":7039,"date":"2025-10-31T12:16:05","date_gmt":"2025-10-31T11:16:05","guid":{"rendered":"https:\/\/www.ateneapark.com\/?p=7039"},"modified":"2025-10-31T12:16:08","modified_gmt":"2025-10-31T11:16:08","slug":"historia-de-vilanova-i-la-geltru-raices-evolucion-y-legado","status":"publish","type":"post","link":"https:\/\/www.ateneapark.com\/es\/historia-de-vilanova-i-la-geltru-raices-evolucion-y-legado","title":{"rendered":"Historia de Vilanova i la Geltr\u00fa: ra\u00edces, evoluci\u00f3n y legado"},"content":{"rendered":"<p><span style=\"font-weight: 400;\">La historia de Vilanova i la Geltr\u00fa no es solo un relato local: es una narraci\u00f3n que mezcla <\/span><b>identidad, progreso y memoria colectiva<\/b><span style=\"font-weight: 400;\">. Para que tu mente lo asimile con facilidad, te guiar\u00e9 por una cronolog\u00eda clara, con datos clave, sorpresas culturales y v\u00ednculos poderosos con el presente. Ver\u00e1s c\u00f3mo el pasado palpita en cada calle, plaza y edificio de esta ciudad costera catalana.<\/span><\/p>\n<h2><b>Pr\u00f3ximamente investigaremos:<\/b><\/h2>\n<ul>\n<li style=\"font-weight: 400;\" aria-level=\"1\"><span style=\"font-weight: 400;\">evoluci\u00f3n de Vilanova<\/span><span style=\"font-weight: 400;\">\n<p><\/span><\/li>\n<li style=\"font-weight: 400;\" aria-level=\"1\"><span style=\"font-weight: 400;\">patrimonio de la Geltr\u00fa<\/span><span style=\"font-weight: 400;\">\n<p><\/span><\/li>\n<li style=\"font-weight: 400;\" aria-level=\"1\"><span style=\"font-weight: 400;\">ra\u00edces hist\u00f3ricas de Vilanova<\/span><span style=\"font-weight: 400;\">\n<p><\/span><\/li>\n<li style=\"font-weight: 400;\" aria-level=\"1\"><span style=\"font-weight: 400;\">legado cultural vilanov\u00ed<\/span><span style=\"font-weight: 400;\">\n<p><\/span><\/li>\n<li style=\"font-weight: 400;\" aria-level=\"1\"><span style=\"font-weight: 400;\">or\u00edgenes medievales de Geltr\u00fa<\/span><span style=\"font-weight: 400;\">\n<p><\/span><\/li>\n<\/ul>\n<h2><b>Introducci\u00f3n hist\u00f3rica: antes que la villa moderna<\/b><\/h2>\n<p><span style=\"font-weight: 400;\">Antes de que existiera \u201cVilanova\u201d como tal, la zona ya albergaba poblaciones antiguas. En la comarca del Garraf se han documentado m\u00e1s de once asentamientos ib\u00e9ricos, entre ellos el de la Geltr\u00fa. (vilanova.cat)<\/span><span style=\"font-weight: 400;\"><br \/>\n<\/span><span style=\"font-weight: 400;\"> Estas comunidades iberas manten\u00edan comercio mar\u00edtimo: exportaban cer\u00e1micas desde su puerto hacia otros puntos del Mediterr\u00e1neo. (garrafturisme.cat)<\/span><span style=\"font-weight: 400;\"><br \/>\n<\/span><span style=\"font-weight: 400;\"> M\u00e1s tarde, en \u00e9poca romana, se instalaron estructuras de asentamientos que siguieron el patr\u00f3n urbano mediterr\u00e1neo. (garrafturisme.cat)<\/span><span style=\"font-weight: 400;\"><br \/>\n<\/span><span style=\"font-weight: 400;\"> As\u00ed, los cimientos humanos del territorio ya exist\u00edan mucho antes de que surgiera la ciudad que hoy conocemos.<\/span><\/p>\n<h3><b>La Geltr\u00fa antigua: n\u00facleo primordial<\/b><\/h3>\n<p><span style=\"font-weight: 400;\">Geltr\u00fa aparece documentada en tiempos medievales como un n\u00facleo de poder, vinculado al obispado de Barcelona en algunos periodos. (enciclopedia.cat)<\/span><span style=\"font-weight: 400;\"><br \/>\n<\/span><span style=\"font-weight: 400;\"> A su lado, la zona mar\u00edtima y terrenos bajos, vinculados a Cubelles, ofrec\u00edan espacio para expandirse cuando la tierra de Geltr\u00fa resultaba limitada. (enciclopedia.cat)<\/span><span style=\"font-weight: 400;\"><br \/>\n<\/span><span style=\"font-weight: 400;\"> Es en ese contexto que surge la \u201cVila Nova de Cubelles\u201d, que luego se convertir\u00e1 en el embri\u00f3n de la parte moderna de la ciudad. (catalunya.com)<\/span><\/p>\n<h2><b>La fundaci\u00f3n formal y la edad media de la villa<\/b><\/h2>\n<p><span style=\"font-weight: 400;\">La existencia simult\u00e1nea de dos n\u00facleos (Geltr\u00fa y Vila Nova) conlleva una fusi\u00f3n progresiva. (enciclopedia.cat)<\/span><span style=\"font-weight: 400;\"><br \/>\n<\/span><span style=\"font-weight: 400;\"> En 1274, el rey Jaime I otorg\u00f3 la <\/span><b>Carta de Poblaci\u00f3n<\/b><span style=\"font-weight: 400;\"> a la Vila Nova de Cubelles, formalizando su asentamiento y autonom\u00eda. (catalunya.com)<\/span><span style=\"font-weight: 400;\"><br \/>\n<\/span><span style=\"font-weight: 400;\"> Con el tiempo, ambos n\u00facleos se entrelazaron, uniendo sus destinos. (enciclopedia.cat)<\/span><span style=\"font-weight: 400;\"><br \/>\n<\/span><span style=\"font-weight: 400;\"> Durante la Edad Media, la actividad mar\u00edtima y agr\u00edcola consolidaron un tejido econ\u00f3mico incipiente, mientras que las \u00e9lites locales edificaban castillos e iglesias para afirmar su poder territorial.<\/span><\/p>\n<h3><b>Leyendas y mito fundacional<\/b><\/h3>\n<p><span style=\"font-weight: 400;\">Una leyenda popular sostiene que habitantes de Geltr\u00fa huyeron de las imposiciones del se\u00f1or feudal \u2014como el derecho de pernada\u2014 y establecieron una nueva villa cerca del mar, la \u201cVila Nova\u201d. (wikipedia.org)<\/span><span style=\"font-weight: 400;\"><br \/>\n<\/span><span style=\"font-weight: 400;\"> Aunque la leyenda carece de base documental firme, cumple una funci\u00f3n simb\u00f3lica poderosa: cultivar el sentido de rebeld\u00eda, libertad y distinci\u00f3n frente al poder feudal. Esa resonancia mitol\u00f3gica potencia la aceptaci\u00f3n emocional del relato local.<\/span><\/p>\n<h2><b>Avance hacia la Edad Moderna: comercio y transformaci\u00f3n<\/b><\/h2>\n<p><span style=\"font-weight: 400;\">En los siglos XVI al XVIII, Vilanova i la Geltr\u00fa fortaleci\u00f3 su posici\u00f3n gracias al <\/span><b>comercio mar\u00edtimo<\/b><span style=\"font-weight: 400;\">, la actividad portuaria y la creciente vinculaci\u00f3n con rutas atl\u00e1nticas. (ateneapark.com)<\/span><span style=\"font-weight: 400;\"><br \/>\n<\/span><span style=\"font-weight: 400;\"> Cuando Carlos III autoriz\u00f3 el comercio con Am\u00e9rica, muchas fortunas indianas invertidas en la ciudad marcaron un salto econ\u00f3mico y arquitect\u00f3nico. (ecured.cu)<\/span><span style=\"font-weight: 400;\"><br \/>\n<\/span><span style=\"font-weight: 400;\"> Los comerciantes enriquecidos construyeron viviendas se\u00f1oriales, jardines rom\u00e1nticos, palacetes e instituciones culturales que hoy forman parte del patrimonio local. (visitvilanova.cat)<\/span><span style=\"font-weight: 400;\"><br \/>\n<\/span><span style=\"font-weight: 400;\"> En esta fase, Vilanova se convierte en un espejo del esplendor colonial extendido: identidad moderna construida a partir de la conexi\u00f3n con ultramar. (vilanova.blog)<\/span><\/p>\n<h3><b>La huella de los indianos<\/b><\/h3>\n<p><span style=\"font-weight: 400;\">El fen\u00f3meno indiano (las fortunas tra\u00eddas de las Am\u00e9ricas) dej\u00f3 su huella en mansiones, calles, y en el orgullo local. (vilanova.blog)<\/span><span style=\"font-weight: 400;\"><br \/>\n<\/span><span style=\"font-weight: 400;\"> Pero tambi\u00e9n contiene una sombra: parte de esas riquezas provino del comercio esclavista, un cap\u00edtulo que la ciudad rescata hoy como memoria cr\u00edtica y de aprendizaje. (vilanova.blog)<\/span><span style=\"font-weight: 400;\"><br \/>\n<\/span><span style=\"font-weight: 400;\"> Esa tensi\u00f3n entre orgullo cultural y responsabilidad hist\u00f3rica fortalece la aceptaci\u00f3n cognitiva del relato: reconocemos lo bello y lo oscuro, y eso humaniza la narrativa.<\/span><\/p>\n<h2><b>Siglo XIX: industrializaci\u00f3n, ferrocarril y expansi\u00f3n urbana<\/b><\/h2>\n<p><span style=\"font-weight: 400;\">El siglo XIX representa un punto de inflexi\u00f3n decisivo. Vilanova i la Geltr\u00fa inicia un proceso de industrializaci\u00f3n que transforma su tejido socioecon\u00f3mico. (diaridevilanova.cat)<\/span><span style=\"font-weight: 400;\"><br \/>\n<\/span><span style=\"font-weight: 400;\"> Entre las industrias emergentes, la textil destaca como motor de empleo e innovaci\u00f3n local. (diaridevilanova.cat)<\/span><span style=\"font-weight: 400;\"><br \/>\n<\/span><span style=\"font-weight: 400;\"> En 1882-1884 se inaugur\u00f3 la l\u00ednea de ferrocarril que conect\u00f3 la ciudad con Barcelona y otros puntos clave, dinamizando el transporte de mercanc\u00edas y personas. (wikipedia.org)<\/span><span style=\"font-weight: 400;\"><br \/>\n<\/span><span style=\"font-weight: 400;\"> La mejor accesibilidad permiti\u00f3 un crecimiento demogr\u00e1fico sostenido y la expansi\u00f3n de nuevos barrios, uniendo lo mar\u00edtimo con lo urbano. (wikipedia.org)<\/span><\/p>\n<h3><b>Figuras locales y arquitectura se\u00f1orial<\/b><\/h3>\n<p><span style=\"font-weight: 400;\">Entre las personalidades destacadas figura Josep Tom\u00e0s Ventosa Soler, impulsor de la transformaci\u00f3n urbana y benefactor del espacio p\u00fablico. (wikipedia.org)<\/span><span style=\"font-weight: 400;\"><br \/>\n<\/span><span style=\"font-weight: 400;\"> Asimismo, palacetes como la Casa Cabanyes o la Casa Sam\u00e0 manifiestan el estilo indiano modernista con jardines rom\u00e1nticos y elementos decorativos exuberantes. (visitvilanova.cat)<\/span><span style=\"font-weight: 400;\"><br \/>\n<\/span><span style=\"font-weight: 400;\"> Esa arquitectura no solo embellece la ciudad, sino que transmite un mensaje simb\u00f3lico de progreso, prestigio y legitimidad local.<\/span><\/p>\n<h2><b>Siglo XX: conflictos, recuperaci\u00f3n y turismo<\/b><\/h2>\n<p><span style=\"font-weight: 400;\">El siglo XX se vive como un per\u00edodo de desaf\u00edos y resiliencia para Vilanova i la Geltr\u00fa. Durante la Guerra Civil espa\u00f1ola (1936-1939), la ciudad sufri\u00f3 bombardeos que da\u00f1aron infraestructura clave como el puerto y la estaci\u00f3n. (diaridevilanova.cat)<\/span><span style=\"font-weight: 400;\"><br \/>\n<\/span><span style=\"font-weight: 400;\"> La econom\u00eda local, especialmente la industria textil, sufri\u00f3 paralizaci\u00f3n, desabastecimiento y emigraciones forzadas. Pero tras el conflicto, se inicia un lento proceso de reconstrucci\u00f3n. (diaridevilanova.cat)<\/span><span style=\"font-weight: 400;\"><br \/>\n<\/span><span style=\"font-weight: 400;\"> A partir de los a\u00f1os 50, la diversificaci\u00f3n econ\u00f3mica, el impulso de servicios y la visi\u00f3n hacia el turismo costero transformaron nuevamente la ciudad. (diaridevilanova.cat)<\/span><span style=\"font-weight: 400;\"><br \/>\n<\/span><span style=\"font-weight: 400;\"> En 1974 se construy\u00f3 el Puerto Deportivo, consolidando la relaci\u00f3n de Vilanova con el mar como bandera del turismo n\u00e1utico. (diaridevilanova.cat)<\/span><span style=\"font-weight: 400;\"><br \/>\n<\/span><span style=\"font-weight: 400;\"> Hoy conviven el legado industrial con la cultura del ocio, el patrimonio arquitect\u00f3nico y una ciudad que mira hacia el futuro.<\/span><\/p>\n<h3><b>Patrimonio cultural y museos<\/b><\/h3>\n<p><span style=\"font-weight: 400;\">Entre los referentes destacan la Biblioteca-Museo V\u00edctor Balaguer, con colecciones de arte, arqueolog\u00eda y literatura. (wikipedia.org)<\/span><span style=\"font-weight: 400;\"><br \/>\n<\/span><span style=\"font-weight: 400;\"> Tambi\u00e9n el Museu del Ferrocarril de Vilanova i la Geltr\u00fa alberga una de las colecciones de vapor m\u00e1s importantes del mundo. (wikipedia.org)<\/span><span style=\"font-weight: 400;\"><br \/>\n<\/span><span style=\"font-weight: 400;\"> El casco antiguo, las ermitas, iglesias y palacetes sobreviven como nodos de memoria viva, integrados en rutas culturales. (visitvilanova.cat)<\/span><span style=\"font-weight: 400;\"><br \/>\n<\/span><span style=\"font-weight: 400;\"> El Carnaval de Vilanova \u2014con sus tradiciones como la \u201cmerengada\u201d\u2014 y otros festejos populares refuerzan el sentido comunitario. (elpais.com)<\/span><\/p>\n<h2><b>Vilanova i la Geltr\u00fa hoy: identidad viva y proyectos de futuro<\/b><\/h2>\n<p><span style=\"font-weight: 400;\">Hoy, Vilanova i la Geltr\u00fa es la capital de la comarca del Garraf, con una poblaci\u00f3n cercana a los <\/span><b>66 000 habitantes<\/b><span style=\"font-weight: 400;\">. (wikipedia.org)<\/span><span style=\"font-weight: 400;\"><br \/>\n<\/span><span style=\"font-weight: 400;\"> Se ubica a 40 km al suroeste de Barcelona y combina su condici\u00f3n costera con una infraestructura moderna conectada. (catalunyaturisme.cat)<\/span><span style=\"font-weight: 400;\"><br \/>\n<\/span><span style=\"font-weight: 400;\"> Su identidad arquitect\u00f3nica \u2014mezcla de medieval, modernista, colonial e innovadora\u2014 crea un paisaje urbano rico y diverso. (ateneapark.com)<\/span><span style=\"font-weight: 400;\"><br \/>\n<\/span><span style=\"font-weight: 400;\"> La ciudad apuesta tambi\u00e9n por la sostenibilidad urbana, la movilidad inteligente y el rescate del patrimonio como motor de vida local y turismo cultural. (destinosinteligentes.es)<\/span><\/p>\n<h3><b>Principales hitos urbanos y culturales<\/b><\/h3>\n<ul>\n<li style=\"font-weight: 400;\" aria-level=\"1\"><span style=\"font-weight: 400;\">Restauraci\u00f3n del casco antiguo y rehabilitaci\u00f3n arquitect\u00f3nica.<\/span><span style=\"font-weight: 400;\">\n<p><\/span><\/li>\n<li style=\"font-weight: 400;\" aria-level=\"1\"><span style=\"font-weight: 400;\">Mejora de la red de transporte ferroviario y conexiones r\u00e1pidas con Barcelona.<\/span><span style=\"font-weight: 400;\">\n<p><\/span><\/li>\n<li style=\"font-weight: 400;\" aria-level=\"1\"><span style=\"font-weight: 400;\">Proyectos de movilidad sostenible y reducci\u00f3n de emisiones.<\/span><span style=\"font-weight: 400;\">\n<p><\/span><\/li>\n<li style=\"font-weight: 400;\" aria-level=\"1\"><span style=\"font-weight: 400;\">Fomento del turismo cultural, patrimonial y n\u00e1utico.<\/span><span style=\"font-weight: 400;\">\n<p><\/span><\/li>\n<li style=\"font-weight: 400;\" aria-level=\"1\"><span style=\"font-weight: 400;\">Programas de memoria hist\u00f3rica y reconocimiento de patrimonio intangible.<\/span><span style=\"font-weight: 400;\">\n<p><\/span><\/li>\n<\/ul>\n<p><span style=\"font-weight: 400;\">El relato de <\/span><b>la historia de Vilanova i la Geltr\u00fa<\/b><span style=\"font-weight: 400;\"> funciona como puente entre generaciones: evoca ra\u00edces profundas, incorpora luces y sombras, y permite entender el presente con mayor claridad. Gracias a esa conexi\u00f3n emocional y cognitiva, la ciudad no es un museo pasivo, sino un organismo vivo que vibra con su pasado y nutre su porvenir.<\/span><\/p>\n<p><b>Vivir, conocer y admirar: recuerdo, identidad y retorno<\/b><\/p>\n","protected":false},"excerpt":{"rendered":"<p>La historia de Vilanova i la Geltr\u00fa no es solo un relato local: es una narraci\u00f3n que mezcla identidad, progreso y memoria colectiva. Para que tu mente lo asimile con facilidad, te guiar\u00e9 por una cronolog\u00eda clara, con datos clave, sorpresas culturales y v\u00ednculos poderosos con el presente. Ver\u00e1s c\u00f3mo el pasado palpita en cada [&hellip;]<\/p>\n","protected":false},"author":2,"featured_media":7040,"comment_status":"closed","ping_status":"closed","sticky":false,"template":"","format":"standard","meta":{"_acf_changed":false,"footnotes":""},"categories":[79],"tags":[],"class_list":["post-7039","post","type-post","status-publish","format-standard","has-post-thumbnail","hentry","category-blog"],"acf":[],"yoast_head":"<!-- This site is optimized with the Yoast SEO plugin v27.5 - https:\/\/yoast.com\/product\/yoast-seo-wordpress\/ -->\n<title>Historia de Vilanova i la Geltr\u00fa: ra\u00edces, evoluci\u00f3n y legado | Atenea Park Suites - Apartaments<\/title>\n<meta name=\"description\" content=\"Descubre la historia viva de **Vilanova i la Geltr\u00fa**: identidad, patrimonio y legado cultural. \ud83c\udf0a\u2728 \u00a1Explora su pasado y vive su esencia hoy!\" \/>\n<meta name=\"robots\" content=\"index, follow, max-snippet:-1, max-image-preview:large, max-video-preview:-1\" \/>\n<link rel=\"canonical\" href=\"https:\/\/www.ateneapark.com\/es\/historia-de-vilanova-i-la-geltru-raices-evolucion-y-legado\" \/>\n<meta property=\"og:locale\" content=\"es_ES\" \/>\n<meta property=\"og:type\" content=\"article\" \/>\n<meta property=\"og:title\" content=\"Historia de Vilanova i la Geltr\u00fa: ra\u00edces, evoluci\u00f3n y legado | Atenea Park Suites - Apartaments\" \/>\n<meta property=\"og:description\" content=\"Descubre la historia viva de **Vilanova i la Geltr\u00fa**: identidad, patrimonio y legado cultural. \ud83c\udf0a\u2728 \u00a1Explora su pasado y vive su esencia hoy!\" \/>\n<meta property=\"og:url\" content=\"https:\/\/www.ateneapark.com\/es\/historia-de-vilanova-i-la-geltru-raices-evolucion-y-legado\" \/>\n<meta property=\"og:site_name\" content=\"Atenea Park Suites - Apartaments\" \/>\n<meta property=\"article:published_time\" content=\"2025-10-31T11:16:05+00:00\" \/>\n<meta property=\"article:modified_time\" content=\"2025-10-31T11:16:08+00:00\" \/>\n<meta property=\"og:image\" content=\"https:\/\/www.ateneapark.com\/wp-content\/uploads\/2025\/10\/Seedream-4-2025-10-31-scaled.jpeg\" \/>\n\t<meta property=\"og:image:width\" content=\"2560\" \/>\n\t<meta property=\"og:image:height\" content=\"1340\" \/>\n\t<meta property=\"og:image:type\" content=\"image\/jpeg\" \/>\n<meta name=\"author\" content=\"Atenea\" \/>\n<meta name=\"twitter:card\" content=\"summary_large_image\" \/>\n<meta name=\"twitter:label1\" content=\"Escrito por\" \/>\n\t<meta name=\"twitter:data1\" content=\"Atenea\" \/>\n\t<meta name=\"twitter:label2\" content=\"Tiempo de lectura\" \/>\n\t<meta name=\"twitter:data2\" content=\"6 minutos\" \/>\n<script type=\"application\/ld+json\" class=\"yoast-schema-graph\">{\"@context\":\"https:\\\/\\\/schema.org\",\"@graph\":[{\"@type\":\"Article\",\"@id\":\"https:\\\/\\\/www.ateneapark.com\\\/es\\\/historia-de-vilanova-i-la-geltru-raices-evolucion-y-legado#article\",\"isPartOf\":{\"@id\":\"https:\\\/\\\/www.ateneapark.com\\\/es\\\/historia-de-vilanova-i-la-geltru-raices-evolucion-y-legado\"},\"author\":{\"name\":\"Atenea\",\"@id\":\"https:\\\/\\\/www.ateneapark.com\\\/es\\\/#\\\/schema\\\/person\\\/cc3769cd0cf3b47d29694fe04258346f\"},\"headline\":\"Historia de Vilanova i la Geltr\u00fa: ra\u00edces, evoluci\u00f3n y legado\",\"datePublished\":\"2025-10-31T11:16:05+00:00\",\"dateModified\":\"2025-10-31T11:16:08+00:00\",\"mainEntityOfPage\":{\"@id\":\"https:\\\/\\\/www.ateneapark.com\\\/es\\\/historia-de-vilanova-i-la-geltru-raices-evolucion-y-legado\"},\"wordCount\":1329,\"publisher\":{\"@id\":\"https:\\\/\\\/www.ateneapark.com\\\/es\\\/#organization\"},\"image\":{\"@id\":\"https:\\\/\\\/www.ateneapark.com\\\/es\\\/historia-de-vilanova-i-la-geltru-raices-evolucion-y-legado#primaryimage\"},\"thumbnailUrl\":\"https:\\\/\\\/www.ateneapark.com\\\/wp-content\\\/uploads\\\/2025\\\/10\\\/Seedream-4-2025-10-31-scaled.jpeg\",\"articleSection\":[\"blog\"],\"inLanguage\":\"es\"},{\"@type\":\"WebPage\",\"@id\":\"https:\\\/\\\/www.ateneapark.com\\\/es\\\/historia-de-vilanova-i-la-geltru-raices-evolucion-y-legado\",\"url\":\"https:\\\/\\\/www.ateneapark.com\\\/es\\\/historia-de-vilanova-i-la-geltru-raices-evolucion-y-legado\",\"name\":\"Historia de Vilanova i la Geltr\u00fa: ra\u00edces, evoluci\u00f3n y legado | Atenea Park Suites - Apartaments\",\"isPartOf\":{\"@id\":\"https:\\\/\\\/www.ateneapark.com\\\/es\\\/#website\"},\"primaryImageOfPage\":{\"@id\":\"https:\\\/\\\/www.ateneapark.com\\\/es\\\/historia-de-vilanova-i-la-geltru-raices-evolucion-y-legado#primaryimage\"},\"image\":{\"@id\":\"https:\\\/\\\/www.ateneapark.com\\\/es\\\/historia-de-vilanova-i-la-geltru-raices-evolucion-y-legado#primaryimage\"},\"thumbnailUrl\":\"https:\\\/\\\/www.ateneapark.com\\\/wp-content\\\/uploads\\\/2025\\\/10\\\/Seedream-4-2025-10-31-scaled.jpeg\",\"datePublished\":\"2025-10-31T11:16:05+00:00\",\"dateModified\":\"2025-10-31T11:16:08+00:00\",\"description\":\"Descubre la historia viva de **Vilanova i la Geltr\u00fa**: identidad, patrimonio y legado cultural. \ud83c\udf0a\u2728 \u00a1Explora su pasado y vive su esencia hoy!\",\"breadcrumb\":{\"@id\":\"https:\\\/\\\/www.ateneapark.com\\\/es\\\/historia-de-vilanova-i-la-geltru-raices-evolucion-y-legado#breadcrumb\"},\"inLanguage\":\"es\",\"potentialAction\":[{\"@type\":\"ReadAction\",\"target\":[\"https:\\\/\\\/www.ateneapark.com\\\/es\\\/historia-de-vilanova-i-la-geltru-raices-evolucion-y-legado\"]}]},{\"@type\":\"ImageObject\",\"inLanguage\":\"es\",\"@id\":\"https:\\\/\\\/www.ateneapark.com\\\/es\\\/historia-de-vilanova-i-la-geltru-raices-evolucion-y-legado#primaryimage\",\"url\":\"https:\\\/\\\/www.ateneapark.com\\\/wp-content\\\/uploads\\\/2025\\\/10\\\/Seedream-4-2025-10-31-scaled.jpeg\",\"contentUrl\":\"https:\\\/\\\/www.ateneapark.com\\\/wp-content\\\/uploads\\\/2025\\\/10\\\/Seedream-4-2025-10-31-scaled.jpeg\",\"width\":2560,\"height\":1340,\"caption\":\"vilanova i la geltru siglo 19\"},{\"@type\":\"BreadcrumbList\",\"@id\":\"https:\\\/\\\/www.ateneapark.com\\\/es\\\/historia-de-vilanova-i-la-geltru-raices-evolucion-y-legado#breadcrumb\",\"itemListElement\":[{\"@type\":\"ListItem\",\"position\":1,\"name\":\"Home\",\"item\":\"https:\\\/\\\/www.ateneapark.com\\\/es\"},{\"@type\":\"ListItem\",\"position\":2,\"name\":\"Historia de Vilanova i la Geltr\u00fa: ra\u00edces, evoluci\u00f3n y legado\"}]},{\"@type\":\"WebSite\",\"@id\":\"https:\\\/\\\/www.ateneapark.com\\\/es\\\/#website\",\"url\":\"https:\\\/\\\/www.ateneapark.com\\\/es\\\/\",\"name\":\"Atenea Park Suites - Apartaments\",\"description\":\"Atenea Park est\u00e1 situado en Vilanova i la Geltr\u00fa, poblaci\u00f3n muy pr\u00f3xima a Sitges. Precio m\u00ednimo garantizado.\",\"publisher\":{\"@id\":\"https:\\\/\\\/www.ateneapark.com\\\/es\\\/#organization\"},\"potentialAction\":[{\"@type\":\"SearchAction\",\"target\":{\"@type\":\"EntryPoint\",\"urlTemplate\":\"https:\\\/\\\/www.ateneapark.com\\\/es\\\/?s={search_term_string}\"},\"query-input\":{\"@type\":\"PropertyValueSpecification\",\"valueRequired\":true,\"valueName\":\"search_term_string\"}}],\"inLanguage\":\"es\"},{\"@type\":\"Organization\",\"@id\":\"https:\\\/\\\/www.ateneapark.com\\\/es\\\/#organization\",\"name\":\"Sanoimels, S.L\",\"url\":\"https:\\\/\\\/www.ateneapark.com\\\/es\\\/\",\"logo\":{\"@type\":\"ImageObject\",\"inLanguage\":\"es\",\"@id\":\"https:\\\/\\\/www.ateneapark.com\\\/es\\\/#\\\/schema\\\/logo\\\/image\\\/\",\"url\":\"https:\\\/\\\/www.ateneapark.com\\\/wp-content\\\/uploads\\\/2022\\\/02\\\/3.2-galeria.jpg\",\"contentUrl\":\"https:\\\/\\\/www.ateneapark.com\\\/wp-content\\\/uploads\\\/2022\\\/02\\\/3.2-galeria.jpg\",\"width\":1124,\"height\":750,\"caption\":\"Sanoimels, S.L\"},\"image\":{\"@id\":\"https:\\\/\\\/www.ateneapark.com\\\/es\\\/#\\\/schema\\\/logo\\\/image\\\/\"}},{\"@type\":\"Person\",\"@id\":\"https:\\\/\\\/www.ateneapark.com\\\/es\\\/#\\\/schema\\\/person\\\/cc3769cd0cf3b47d29694fe04258346f\",\"name\":\"Atenea\"}]}<\/script>\n<!-- \/ Yoast SEO plugin. -->","yoast_head_json":{"title":"Historia de Vilanova i la Geltr\u00fa: ra\u00edces, evoluci\u00f3n y legado | Atenea Park Suites - Apartaments","description":"Descubre la historia viva de **Vilanova i la Geltr\u00fa**: identidad, patrimonio y legado cultural. \ud83c\udf0a\u2728 \u00a1Explora su pasado y vive su esencia hoy!","robots":{"index":"index","follow":"follow","max-snippet":"max-snippet:-1","max-image-preview":"max-image-preview:large","max-video-preview":"max-video-preview:-1"},"canonical":"https:\/\/www.ateneapark.com\/es\/historia-de-vilanova-i-la-geltru-raices-evolucion-y-legado","og_locale":"es_ES","og_type":"article","og_title":"Historia de Vilanova i la Geltr\u00fa: ra\u00edces, evoluci\u00f3n y legado | Atenea Park Suites - Apartaments","og_description":"Descubre la historia viva de **Vilanova i la Geltr\u00fa**: identidad, patrimonio y legado cultural. \ud83c\udf0a\u2728 \u00a1Explora su pasado y vive su esencia hoy!","og_url":"https:\/\/www.ateneapark.com\/es\/historia-de-vilanova-i-la-geltru-raices-evolucion-y-legado","og_site_name":"Atenea Park Suites - Apartaments","article_published_time":"2025-10-31T11:16:05+00:00","article_modified_time":"2025-10-31T11:16:08+00:00","og_image":[{"width":2560,"height":1340,"url":"https:\/\/www.ateneapark.com\/wp-content\/uploads\/2025\/10\/Seedream-4-2025-10-31-scaled.jpeg","type":"image\/jpeg"}],"author":"Atenea","twitter_card":"summary_large_image","twitter_misc":{"Escrito por":"Atenea","Tiempo de lectura":"6 minutos"},"schema":{"@context":"https:\/\/schema.org","@graph":[{"@type":"Article","@id":"https:\/\/www.ateneapark.com\/es\/historia-de-vilanova-i-la-geltru-raices-evolucion-y-legado#article","isPartOf":{"@id":"https:\/\/www.ateneapark.com\/es\/historia-de-vilanova-i-la-geltru-raices-evolucion-y-legado"},"author":{"name":"Atenea","@id":"https:\/\/www.ateneapark.com\/es\/#\/schema\/person\/cc3769cd0cf3b47d29694fe04258346f"},"headline":"Historia de Vilanova i la Geltr\u00fa: ra\u00edces, evoluci\u00f3n y legado","datePublished":"2025-10-31T11:16:05+00:00","dateModified":"2025-10-31T11:16:08+00:00","mainEntityOfPage":{"@id":"https:\/\/www.ateneapark.com\/es\/historia-de-vilanova-i-la-geltru-raices-evolucion-y-legado"},"wordCount":1329,"publisher":{"@id":"https:\/\/www.ateneapark.com\/es\/#organization"},"image":{"@id":"https:\/\/www.ateneapark.com\/es\/historia-de-vilanova-i-la-geltru-raices-evolucion-y-legado#primaryimage"},"thumbnailUrl":"https:\/\/www.ateneapark.com\/wp-content\/uploads\/2025\/10\/Seedream-4-2025-10-31-scaled.jpeg","articleSection":["blog"],"inLanguage":"es"},{"@type":"WebPage","@id":"https:\/\/www.ateneapark.com\/es\/historia-de-vilanova-i-la-geltru-raices-evolucion-y-legado","url":"https:\/\/www.ateneapark.com\/es\/historia-de-vilanova-i-la-geltru-raices-evolucion-y-legado","name":"Historia de Vilanova i la Geltr\u00fa: ra\u00edces, evoluci\u00f3n y legado | Atenea Park Suites - Apartaments","isPartOf":{"@id":"https:\/\/www.ateneapark.com\/es\/#website"},"primaryImageOfPage":{"@id":"https:\/\/www.ateneapark.com\/es\/historia-de-vilanova-i-la-geltru-raices-evolucion-y-legado#primaryimage"},"image":{"@id":"https:\/\/www.ateneapark.com\/es\/historia-de-vilanova-i-la-geltru-raices-evolucion-y-legado#primaryimage"},"thumbnailUrl":"https:\/\/www.ateneapark.com\/wp-content\/uploads\/2025\/10\/Seedream-4-2025-10-31-scaled.jpeg","datePublished":"2025-10-31T11:16:05+00:00","dateModified":"2025-10-31T11:16:08+00:00","description":"Descubre la historia viva de **Vilanova i la Geltr\u00fa**: identidad, patrimonio y legado cultural. \ud83c\udf0a\u2728 \u00a1Explora su pasado y vive su esencia hoy!","breadcrumb":{"@id":"https:\/\/www.ateneapark.com\/es\/historia-de-vilanova-i-la-geltru-raices-evolucion-y-legado#breadcrumb"},"inLanguage":"es","potentialAction":[{"@type":"ReadAction","target":["https:\/\/www.ateneapark.com\/es\/historia-de-vilanova-i-la-geltru-raices-evolucion-y-legado"]}]},{"@type":"ImageObject","inLanguage":"es","@id":"https:\/\/www.ateneapark.com\/es\/historia-de-vilanova-i-la-geltru-raices-evolucion-y-legado#primaryimage","url":"https:\/\/www.ateneapark.com\/wp-content\/uploads\/2025\/10\/Seedream-4-2025-10-31-scaled.jpeg","contentUrl":"https:\/\/www.ateneapark.com\/wp-content\/uploads\/2025\/10\/Seedream-4-2025-10-31-scaled.jpeg","width":2560,"height":1340,"caption":"vilanova i la geltru siglo 19"},{"@type":"BreadcrumbList","@id":"https:\/\/www.ateneapark.com\/es\/historia-de-vilanova-i-la-geltru-raices-evolucion-y-legado#breadcrumb","itemListElement":[{"@type":"ListItem","position":1,"name":"Home","item":"https:\/\/www.ateneapark.com\/es"},{"@type":"ListItem","position":2,"name":"Historia de Vilanova i la Geltr\u00fa: ra\u00edces, evoluci\u00f3n y legado"}]},{"@type":"WebSite","@id":"https:\/\/www.ateneapark.com\/es\/#website","url":"https:\/\/www.ateneapark.com\/es\/","name":"Atenea Park Suites - Apartaments","description":"Atenea Park est\u00e1 situado en Vilanova i la Geltr\u00fa, poblaci\u00f3n muy pr\u00f3xima a Sitges. Precio m\u00ednimo garantizado.","publisher":{"@id":"https:\/\/www.ateneapark.com\/es\/#organization"},"potentialAction":[{"@type":"SearchAction","target":{"@type":"EntryPoint","urlTemplate":"https:\/\/www.ateneapark.com\/es\/?s={search_term_string}"},"query-input":{"@type":"PropertyValueSpecification","valueRequired":true,"valueName":"search_term_string"}}],"inLanguage":"es"},{"@type":"Organization","@id":"https:\/\/www.ateneapark.com\/es\/#organization","name":"Sanoimels, S.L","url":"https:\/\/www.ateneapark.com\/es\/","logo":{"@type":"ImageObject","inLanguage":"es","@id":"https:\/\/www.ateneapark.com\/es\/#\/schema\/logo\/image\/","url":"https:\/\/www.ateneapark.com\/wp-content\/uploads\/2022\/02\/3.2-galeria.jpg","contentUrl":"https:\/\/www.ateneapark.com\/wp-content\/uploads\/2022\/02\/3.2-galeria.jpg","width":1124,"height":750,"caption":"Sanoimels, S.L"},"image":{"@id":"https:\/\/www.ateneapark.com\/es\/#\/schema\/logo\/image\/"}},{"@type":"Person","@id":"https:\/\/www.ateneapark.com\/es\/#\/schema\/person\/cc3769cd0cf3b47d29694fe04258346f","name":"Atenea"}]}},"_links":{"self":[{"href":"https:\/\/www.ateneapark.com\/es\/wp-json\/wp\/v2\/posts\/7039","targetHints":{"allow":["GET"]}}],"collection":[{"href":"https:\/\/www.ateneapark.com\/es\/wp-json\/wp\/v2\/posts"}],"about":[{"href":"https:\/\/www.ateneapark.com\/es\/wp-json\/wp\/v2\/types\/post"}],"author":[{"embeddable":true,"href":"https:\/\/www.ateneapark.com\/es\/wp-json\/wp\/v2\/users\/2"}],"replies":[{"embeddable":true,"href":"https:\/\/www.ateneapark.com\/es\/wp-json\/wp\/v2\/comments?post=7039"}],"version-history":[{"count":1,"href":"https:\/\/www.ateneapark.com\/es\/wp-json\/wp\/v2\/posts\/7039\/revisions"}],"predecessor-version":[{"id":7044,"href":"https:\/\/www.ateneapark.com\/es\/wp-json\/wp\/v2\/posts\/7039\/revisions\/7044"}],"wp:featuredmedia":[{"embeddable":true,"href":"https:\/\/www.ateneapark.com\/es\/wp-json\/wp\/v2\/media\/7040"}],"wp:attachment":[{"href":"https:\/\/www.ateneapark.com\/es\/wp-json\/wp\/v2\/media?parent=7039"}],"wp:term":[{"taxonomy":"category","embeddable":true,"href":"https:\/\/www.ateneapark.com\/es\/wp-json\/wp\/v2\/categories?post=7039"},{"taxonomy":"post_tag","embeddable":true,"href":"https:\/\/www.ateneapark.com\/es\/wp-json\/wp\/v2\/tags?post=7039"}],"curies":[{"name":"wp","href":"https:\/\/api.w.org\/{rel}","templated":true}]}}