{"id":6948,"date":"2025-02-18T18:49:16","date_gmt":"2025-02-18T17:49:16","guid":{"rendered":"https:\/\/www.ateneapark.com\/?p=6948"},"modified":"2025-03-19T18:51:48","modified_gmt":"2025-03-19T17:51:48","slug":"vilanova-i-la-geltru-un-paraiso-natural-por-descubrir","status":"publish","type":"post","link":"https:\/\/www.ateneapark.com\/es\/vilanova-i-la-geltru-un-paraiso-natural-por-descubrir","title":{"rendered":"Vilanova i la Geltr\u00fa, un para\u00edso natural por descubrir"},"content":{"rendered":"\n<p>Vilanova i la Geltr\u00fa no solo es conocida por sus playas y su patrimonio hist\u00f3rico, sino tambi\u00e9n por su sorprendente entorno natural. Si eres un amante del senderismo, este destino es perfecto para explorar rutas que se apartan de los circuitos m\u00e1s transitados, revelando paisajes impresionantes y rincones de serenidad que pocos conocen.<\/p>\n\n\n\n<p>Aqu\u00ed te presentamos las rutas de senderismo menos conocidas, ideales para aquellos que buscan una conexi\u00f3n m\u00e1s aut\u00e9ntica con la naturaleza de esta regi\u00f3n del Mediterr\u00e1neo.<\/p>\n\n\n\n<h3 class=\"wp-block-heading\">Rutas de Senderismo en el Parque Natural del Garraf<\/h3>\n\n\n\n<p>El Parque Natural del Garraf es una de las joyas m\u00e1s cercanas a Vilanova i la Geltr\u00fa, y aunque muchas rutas son populares, hay algunos senderos menos frecuentados que merecen la pena descubrir. Este parque ofrece una mezcla de terreno rocoso, vegetaci\u00f3n aut\u00f3ctona y vistas al mar que har\u00e1n las delicias de cualquier senderista.<\/p>\n\n\n\n<p>La diversidad del paisaje en el Garraf hace que sea una zona ideal tanto para caminantes experimentados como para aquellos que buscan una ruta m\u00e1s tranquila. Aqu\u00ed se encuentran algunos de los senderos menos transitados, que ofrecen una experiencia m\u00e1s \u00edntima con la naturaleza.<\/p>\n\n\n\n<h4 class=\"wp-block-heading\">La Ruta de la Cova Negra<\/h4>\n\n\n\n<p>Uno de los secretos mejor guardados del Parque Natural del Garraf es la Cova Negra, una cueva de gran belleza natural que ofrece vistas \u00fanicas del paisaje rocoso y \u00e1rido de la zona. Esta ruta es de dificultad media y lleva alrededor de 3 horas.<\/p>\n\n\n\n<p><strong>Caracter\u00edsticas de la ruta:<\/strong><\/p>\n\n\n\n<p>\u00b7Duraci\u00f3n: Aproximadamente 3 horas.<\/p>\n\n\n\n<p>\u00b7Dificultad: Media.<\/p>\n\n\n\n<p>\u00b7Consejos: Llevar suficiente agua y calzado adecuado para terrenos rocosos.<\/p>\n\n\n\n<p>El camino hacia la Cova Negra pasa por una mezcla de terreno rocoso y vegetaci\u00f3n aut\u00f3ctona, con una atm\u00f3sfera tranquila que permite disfrutar plenamente de la naturaleza. Es ideal para aquellos que buscan un sendero con vistas espectaculares y la posibilidad de explorar una cueva.<\/p>\n\n\n\n<p>Adem\u00e1s, la Cova Negra tiene un inter\u00e9s hist\u00f3rico, ya que se han encontrado restos arqueol\u00f3gicos en la zona, lo que a\u00f1ade un atractivo cultural a la ruta.<\/p>\n\n\n\n<figure class=\"wp-block-image size-full\"><img loading=\"lazy\" decoding=\"async\" width=\"650\" height=\"470\" src=\"https:\/\/www.ateneapark.com\/wp-content\/uploads\/2025\/02\/image-2.png\" alt=\"\" class=\"wp-image-6949\" srcset=\"https:\/\/www.ateneapark.com\/wp-content\/uploads\/2025\/02\/image-2.png 650w, https:\/\/www.ateneapark.com\/wp-content\/uploads\/2025\/02\/image-2-300x217.png 300w\" sizes=\"(max-width: 650px) 100vw, 650px\" \/><\/figure>\n\n\n\n<p><em>imagen:https:\/\/parcs.diba.cat\/<\/em><\/p>\n\n\n\n<h4 class=\"wp-block-heading\">El Sendero de Les Basses de Can Pardo<\/h4>\n\n\n\n<p>Para aquellos que buscan una caminata m\u00e1s corta y sencilla, el sendero de Les Basses de Can Pardo es ideal. Con un recorrido circular de aproximadamente 2 horas, esta ruta pasa por paisajes verdes y tranquilos, y es perfecta para una escapada r\u00e1pida o una caminata en familia.<\/p>\n\n\n\n<p><strong>Caracter\u00edsticas de la ruta:<\/strong><\/p>\n\n\n\n<p>\u00b7Duraci\u00f3n: Aproximadamente 2 horas.<\/p>\n\n\n\n<p>\u00b7Dificultad: F\u00e1cil.<\/p>\n\n\n\n<p>\u00b7Consejos: Ideal para principiantes o familias que quieran disfrutar de la naturaleza sin esfuerzo f\u00edsico excesivo.<\/p>\n\n\n\n<p>El sendero ofrece la posibilidad de observar la fauna y flora local, lo que lo convierte en una experiencia educativa, especialmente para ni\u00f1os. A lo largo del camino, hay \u00e1reas de descanso donde puedes parar a disfrutar del paisaje.<\/p>\n\n\n\n<figure class=\"wp-block-image size-full\"><img loading=\"lazy\" decoding=\"async\" width=\"1800\" height=\"1200\" src=\"https:\/\/www.ateneapark.com\/wp-content\/uploads\/yootheme\/accommodations-post-casa-di-campagna-image-02.jpg\" alt=\"\" class=\"wp-image-1352\"\/><\/figure>\n\n\n\n<h3 class=\"wp-block-heading\">Descubre la Serra de Miralpeix: Naturaleza Salvaje Cerca del Mar<\/h3>\n\n\n\n<p>La Serra de Miralpeix, ubicada al noreste de Vilanova i la Geltr\u00fa, es una zona poco conocida para hacer senderismo. Con impresionantes vistas al mar Mediterr\u00e1neo y una flora diversa, es el lugar perfecto para los amantes de la naturaleza.<\/p>\n\n\n\n<p>Este macizo monta\u00f1oso no solo es ideal para senderismo, sino tambi\u00e9n para observar la rica biodiversidad del \u00e1rea. Gracias a su proximidad con la costa, ofrece un contraste perfecto entre el paisaje marino y las zonas monta\u00f1osas.<\/p>\n\n\n\n<h4 class=\"wp-block-heading\">El Camino hacia el Puig de l\u2019\u00c0liga<\/h4>\n\n\n\n<p>El Puig de l\u2019\u00c0liga es uno de los puntos m\u00e1s altos de la Serra de Miralpeix, y llegar a la cima recompensa con vistas panor\u00e1micas espectaculares de la costa. La ruta es de dificultad media y es ideal para aquellos que buscan un desaf\u00edo moderado.<\/p>\n\n\n\n<p><strong>Caracter\u00edsticas de la ruta:<\/strong><\/p>\n\n\n\n<p>\u00b7Duraci\u00f3n: Aproximadamente 4 horas.<\/p>\n\n\n\n<p>\u00b7Dificultad: Media.<\/p>\n\n\n\n<p>\u00b7Consejos: La ruta es ideal para una caminata matutina o vespertina. No olvides llevar protecci\u00f3n solar.<\/p>\n\n\n\n<p>Esta ruta es perfecta para aquellos que disfrutan de una mezcla de mar y monta\u00f1a. El Puig de l&#8217;\u00c0liga ofrece una vista impresionante que se extiende hasta el horizonte del Mediterr\u00e1neo, haciendo que el esfuerzo de la subida valga la pena.<\/p>\n\n\n\n<h4 class=\"wp-block-heading\">Sendero de los Pinares Mediterr\u00e1neos<\/h4>\n\n\n\n<p>Un sendero m\u00e1s relajado pero igualmente hermoso es el que atraviesa los pinares mediterr\u00e1neos de la Serra de Miralpeix. Este sendero, de aproximadamente 1 hora y media, es ideal para un paseo tranquilo rodeado de la fragancia del pino y la brisa marina.<\/p>\n\n\n\n<figure class=\"wp-block-image size-full\"><img loading=\"lazy\" decoding=\"async\" width=\"850\" height=\"565\" src=\"https:\/\/www.ateneapark.com\/wp-content\/uploads\/2025\/02\/image-3.png\" alt=\"\" class=\"wp-image-6953\" srcset=\"https:\/\/www.ateneapark.com\/wp-content\/uploads\/2025\/02\/image-3.png 850w, https:\/\/www.ateneapark.com\/wp-content\/uploads\/2025\/02\/image-3-300x199.png 300w, https:\/\/www.ateneapark.com\/wp-content\/uploads\/2025\/02\/image-3-768x510.png 768w\" sizes=\"(max-width: 850px) 100vw, 850px\" \/><\/figure>\n\n\n\n<p><em>imagen:https:\/\/www.visitsitges.com\/<\/em><\/p>\n\n\n\n<p><strong>Caracter\u00edsticas de la ruta:<\/strong><\/p>\n\n\n\n<p>\u00b7Duraci\u00f3n: Aproximadamente 1 hora y media.<\/p>\n\n\n\n<p>\u00b7Dificultad: F\u00e1cil.<\/p>\n\n\n\n<p>\u00b7Consejos: Es una excelente opci\u00f3n para quienes buscan una caminata relajante.<\/p>\n\n\n\n<p>Adem\u00e1s de las vistas impresionantes, este sendero es un lugar perfecto para observar aves y otras especies animales que habitan en los pinares. Es una ruta muy recomendada para aquellos que buscan desconectar en un ambiente natural y tranquilo.<\/p>\n\n\n\n<h3 class=\"wp-block-heading\">Senderismo en la Zona de la Costa del Garraf<\/h3>\n\n\n\n<p>Si prefieres estar cerca del mar, la Costa del Garraf ofrece algunas rutas menos conocidas que combinan acantilados con vistas al mar, ideales para los que desean disfrutar de la brisa marina mientras caminan.<\/p>\n\n\n\n<p>El sonido del mar, el sol mediterr\u00e1neo y la tranquilidad de las calas escondidas hacen que esta zona sea perfecta para una escapada de senderismo. Las rutas de la Costa del Garraf son una oportunidad \u00fanica para explorar zonas de playa poco concurridas.<\/p>\n\n\n\n<h4 class=\"wp-block-heading\">Camino de las Calas Escondidas<\/h4>\n\n\n\n<p>Este sendero recorre peque\u00f1as calas escondidas y poco frecuentadas a lo largo de la costa. Es perfecto para aquellos que buscan explorar playas tranquilas mientras disfrutan de una caminata moderada. Las calas son el lugar ideal para detenerse, descansar y disfrutar del mar en total tranquilidad.<\/p>\n\n\n\n<p><strong>Caracter\u00edsticas de la ruta:<\/strong><\/p>\n\n\n\n<p>\u00b7Duraci\u00f3n: Aproximadamente 3 horas.<\/p>\n\n\n\n<p>\u00b7Dificultad: Media.<\/p>\n\n\n\n<p>\u00b7Consejos: Lleva calzado adecuado para terrenos irregulares y prep\u00e1rate para disfrutar de un chapuz\u00f3n en alguna cala aislada.<\/p>\n\n\n\n<p>A lo largo de la ruta, podr\u00e1s disfrutar de unas vistas espectaculares de los acantilados y del azul profundo del mar Mediterr\u00e1neo. Las calas son un refugio perfecto para los que buscan evitar las playas m\u00e1s concurridas de la zona.<\/p>\n\n\n\n<figure class=\"wp-block-image size-large\"><img loading=\"lazy\" decoding=\"async\" width=\"1024\" height=\"461\" src=\"https:\/\/www.ateneapark.com\/wp-content\/uploads\/2025\/02\/image-4-1024x461.png\" alt=\"\" class=\"wp-image-6957\" srcset=\"https:\/\/www.ateneapark.com\/wp-content\/uploads\/2025\/02\/image-4-1024x461.png 1024w, https:\/\/www.ateneapark.com\/wp-content\/uploads\/2025\/02\/image-4-300x135.png 300w, https:\/\/www.ateneapark.com\/wp-content\/uploads\/2025\/02\/image-4-768x346.png 768w, https:\/\/www.ateneapark.com\/wp-content\/uploads\/2025\/02\/image-4-1536x691.png 1536w, https:\/\/www.ateneapark.com\/wp-content\/uploads\/2025\/02\/image-4.png 1600w\" sizes=\"(max-width: 1024px) 100vw, 1024px\" \/><\/figure>\n\n\n\n<p><em>imagen:https:\/\/www.clubhouse27.com\/<\/em><\/p>\n\n\n\n<h4 class=\"wp-block-heading\">El Sendero de los Acantilados<\/h4>\n\n\n\n<p>Otra opci\u00f3n en la Costa del Garraf es el sendero de los acantilados, una ruta que recorre el borde de los impresionantes acantilados de la regi\u00f3n. Este camino es perfecto para aquellos que disfrutan de las alturas y las vistas abiertas al mar.<\/p>\n\n\n\n<p><strong>Caracter\u00edsticas de la ruta:<\/strong><\/p>\n\n\n\n<p>\u00b7Duraci\u00f3n: Aproximadamente 2 horas y media.<\/p>\n\n\n\n<p>\u00b7Dificultad: Media.<\/p>\n\n\n\n<p>\u00b7Consejos: Ideal para los amantes de la fotograf\u00eda, ya que ofrece m\u00faltiples oportunidades para capturar el paisaje costero.<\/p>\n\n\n\n<p>Este sendero es algo m\u00e1s exigente en algunos tramos debido a los desniveles, pero ofrece algunas de las vistas m\u00e1s espectaculares de la zona. A medida que avanzas, podr\u00e1s observar la erosi\u00f3n de los acantilados, una muestra impresionante de la fuerza del mar.<\/p>\n\n\n\n<figure class=\"wp-block-image size-full\"><img loading=\"lazy\" decoding=\"async\" width=\"850\" height=\"565\" src=\"https:\/\/www.ateneapark.com\/wp-content\/uploads\/2025\/02\/image-5.png\" alt=\"\" class=\"wp-image-6961\" srcset=\"https:\/\/www.ateneapark.com\/wp-content\/uploads\/2025\/02\/image-5.png 850w, https:\/\/www.ateneapark.com\/wp-content\/uploads\/2025\/02\/image-5-300x199.png 300w, https:\/\/www.ateneapark.com\/wp-content\/uploads\/2025\/02\/image-5-768x510.png 768w\" sizes=\"(max-width: 850px) 100vw, 850px\" \/><\/figure>\n\n\n\n<p><em>imagen:https:\/\/www.visitsitges.com\/<\/em><\/p>\n\n\n\n<h3 class=\"wp-block-heading\">Consejos para Disfrutar de las Rutas de Senderismo en Vilanova i la Geltr\u00fa<\/h3>\n\n\n\n<p>El senderismo en Vilanova i la Geltr\u00fa y sus alrededores ofrece una gran variedad de paisajes, desde monta\u00f1as hasta la costa. Sin embargo, para aprovechar al m\u00e1ximo estas rutas menos conocidas, es importante tener en cuenta algunos consejos \u00fatiles:<\/p>\n\n\n\n<p>\u00b7<strong>Equipamiento adecuado:<\/strong>&nbsp;Usa calzado c\u00f3modo y resistente, preferiblemente botas de senderismo, para evitar lesiones.<\/p>\n\n\n\n<p>\u00b7<strong>Hidrataci\u00f3n:<\/strong>&nbsp;Lleva siempre agua suficiente, sobre todo en rutas m\u00e1s largas o en \u00e9pocas de calor.<\/p>\n\n\n\n<p>\u00b7<strong>Protecci\u00f3n solar:<\/strong>&nbsp;Usa crema solar y lleva sombrero o gorra, ya que algunas rutas carecen de sombra.<\/p>\n\n\n\n<p>\u00b7<strong>Mapa o GPS:<\/strong>&nbsp;Muchas de estas rutas no est\u00e1n tan bien se\u00f1alizadas como las m\u00e1s populares, por lo que llevar un mapa o usar una aplicaci\u00f3n de GPS es recomendable.<\/p>\n\n\n\n<p>\u00b7<strong>Respetar la naturaleza:<\/strong>&nbsp;Recoge siempre tu basura y respeta el entorno natural, preservando su belleza para futuros senderistas.<\/p>\n","protected":false},"excerpt":{"rendered":"<p>Vilanova i la Geltr\u00fa no solo es conocida por sus playas y su patrimonio hist\u00f3rico, sino tambi\u00e9n por su sorprendente entorno natural. Si eres un amante del senderismo, este destino es perfecto para explorar rutas que se apartan de los circuitos m\u00e1s transitados, revelando paisajes impresionantes y rincones de serenidad que pocos conocen. Aqu\u00ed te [&hellip;]<\/p>\n","protected":false},"author":2,"featured_media":6338,"comment_status":"closed","ping_status":"closed","sticky":false,"template":"","format":"standard","meta":{"_acf_changed":false,"footnotes":""},"categories":[79],"tags":[],"class_list":["post-6948","post","type-post","status-publish","format-standard","has-post-thumbnail","hentry","category-blog"],"acf":[],"yoast_head":"<!-- This site is optimized with the Yoast SEO plugin v27.5 - https:\/\/yoast.com\/product\/yoast-seo-wordpress\/ -->\n<title>Vilanova i la Geltr\u00fa, un para\u00edso natural por descubrir | Atenea Park Suites - Apartaments<\/title>\n<meta name=\"robots\" content=\"index, follow, max-snippet:-1, max-image-preview:large, max-video-preview:-1\" \/>\n<link rel=\"canonical\" href=\"https:\/\/www.ateneapark.com\/es\/vilanova-i-la-geltru-un-paraiso-natural-por-descubrir\" \/>\n<meta property=\"og:locale\" content=\"es_ES\" \/>\n<meta property=\"og:type\" content=\"article\" \/>\n<meta property=\"og:title\" content=\"Vilanova i la Geltr\u00fa, un para\u00edso natural por descubrir | Atenea Park Suites - Apartaments\" \/>\n<meta property=\"og:description\" content=\"Vilanova i la Geltr\u00fa no solo es conocida por sus playas y su patrimonio hist\u00f3rico, sino tambi\u00e9n por su sorprendente entorno natural. Si eres un amante del senderismo, este destino es perfecto para explorar rutas que se apartan de los circuitos m\u00e1s transitados, revelando paisajes impresionantes y rincones de serenidad que pocos conocen. Aqu\u00ed te [&hellip;]\" \/>\n<meta property=\"og:url\" content=\"https:\/\/www.ateneapark.com\/es\/vilanova-i-la-geltru-un-paraiso-natural-por-descubrir\" \/>\n<meta property=\"og:site_name\" content=\"Atenea Park Suites - Apartaments\" \/>\n<meta property=\"article:published_time\" content=\"2025-02-18T17:49:16+00:00\" \/>\n<meta property=\"article:modified_time\" content=\"2025-03-19T17:51:48+00:00\" \/>\n<meta property=\"og:image\" content=\"https:\/\/www.ateneapark.com\/wp-content\/uploads\/2023\/10\/garraf1-1.jpg\" \/>\n\t<meta property=\"og:image:width\" content=\"1200\" \/>\n\t<meta property=\"og:image:height\" content=\"450\" \/>\n\t<meta property=\"og:image:type\" content=\"image\/jpeg\" \/>\n<meta name=\"author\" content=\"Atenea\" \/>\n<meta name=\"twitter:card\" content=\"summary_large_image\" \/>\n<meta name=\"twitter:label1\" content=\"Escrito por\" \/>\n\t<meta name=\"twitter:data1\" content=\"Atenea\" \/>\n\t<meta name=\"twitter:label2\" content=\"Tiempo de lectura\" \/>\n\t<meta name=\"twitter:data2\" content=\"7 minutos\" \/>\n<script type=\"application\/ld+json\" class=\"yoast-schema-graph\">{\"@context\":\"https:\\\/\\\/schema.org\",\"@graph\":[{\"@type\":\"Article\",\"@id\":\"https:\\\/\\\/www.ateneapark.com\\\/es\\\/vilanova-i-la-geltru-un-paraiso-natural-por-descubrir#article\",\"isPartOf\":{\"@id\":\"https:\\\/\\\/www.ateneapark.com\\\/es\\\/vilanova-i-la-geltru-un-paraiso-natural-por-descubrir\"},\"author\":{\"name\":\"Atenea\",\"@id\":\"https:\\\/\\\/www.ateneapark.com\\\/es\\\/#\\\/schema\\\/person\\\/cc3769cd0cf3b47d29694fe04258346f\"},\"headline\":\"Vilanova i la Geltr\u00fa, un para\u00edso natural por descubrir\",\"datePublished\":\"2025-02-18T17:49:16+00:00\",\"dateModified\":\"2025-03-19T17:51:48+00:00\",\"mainEntityOfPage\":{\"@id\":\"https:\\\/\\\/www.ateneapark.com\\\/es\\\/vilanova-i-la-geltru-un-paraiso-natural-por-descubrir\"},\"wordCount\":1348,\"publisher\":{\"@id\":\"https:\\\/\\\/www.ateneapark.com\\\/es\\\/#organization\"},\"image\":{\"@id\":\"https:\\\/\\\/www.ateneapark.com\\\/es\\\/vilanova-i-la-geltru-un-paraiso-natural-por-descubrir#primaryimage\"},\"thumbnailUrl\":\"https:\\\/\\\/www.ateneapark.com\\\/wp-content\\\/uploads\\\/2023\\\/10\\\/garraf1-1.jpg\",\"articleSection\":[\"blog\"],\"inLanguage\":\"es\"},{\"@type\":\"WebPage\",\"@id\":\"https:\\\/\\\/www.ateneapark.com\\\/es\\\/vilanova-i-la-geltru-un-paraiso-natural-por-descubrir\",\"url\":\"https:\\\/\\\/www.ateneapark.com\\\/es\\\/vilanova-i-la-geltru-un-paraiso-natural-por-descubrir\",\"name\":\"Vilanova i la Geltr\u00fa, un para\u00edso natural por descubrir | Atenea Park Suites - Apartaments\",\"isPartOf\":{\"@id\":\"https:\\\/\\\/www.ateneapark.com\\\/es\\\/#website\"},\"primaryImageOfPage\":{\"@id\":\"https:\\\/\\\/www.ateneapark.com\\\/es\\\/vilanova-i-la-geltru-un-paraiso-natural-por-descubrir#primaryimage\"},\"image\":{\"@id\":\"https:\\\/\\\/www.ateneapark.com\\\/es\\\/vilanova-i-la-geltru-un-paraiso-natural-por-descubrir#primaryimage\"},\"thumbnailUrl\":\"https:\\\/\\\/www.ateneapark.com\\\/wp-content\\\/uploads\\\/2023\\\/10\\\/garraf1-1.jpg\",\"datePublished\":\"2025-02-18T17:49:16+00:00\",\"dateModified\":\"2025-03-19T17:51:48+00:00\",\"breadcrumb\":{\"@id\":\"https:\\\/\\\/www.ateneapark.com\\\/es\\\/vilanova-i-la-geltru-un-paraiso-natural-por-descubrir#breadcrumb\"},\"inLanguage\":\"es\",\"potentialAction\":[{\"@type\":\"ReadAction\",\"target\":[\"https:\\\/\\\/www.ateneapark.com\\\/es\\\/vilanova-i-la-geltru-un-paraiso-natural-por-descubrir\"]}]},{\"@type\":\"ImageObject\",\"inLanguage\":\"es\",\"@id\":\"https:\\\/\\\/www.ateneapark.com\\\/es\\\/vilanova-i-la-geltru-un-paraiso-natural-por-descubrir#primaryimage\",\"url\":\"https:\\\/\\\/www.ateneapark.com\\\/wp-content\\\/uploads\\\/2023\\\/10\\\/garraf1-1.jpg\",\"contentUrl\":\"https:\\\/\\\/www.ateneapark.com\\\/wp-content\\\/uploads\\\/2023\\\/10\\\/garraf1-1.jpg\",\"width\":1200,\"height\":450},{\"@type\":\"BreadcrumbList\",\"@id\":\"https:\\\/\\\/www.ateneapark.com\\\/es\\\/vilanova-i-la-geltru-un-paraiso-natural-por-descubrir#breadcrumb\",\"itemListElement\":[{\"@type\":\"ListItem\",\"position\":1,\"name\":\"Home\",\"item\":\"https:\\\/\\\/www.ateneapark.com\\\/es\"},{\"@type\":\"ListItem\",\"position\":2,\"name\":\"Vilanova i la Geltr\u00fa, un para\u00edso natural por descubrir\"}]},{\"@type\":\"WebSite\",\"@id\":\"https:\\\/\\\/www.ateneapark.com\\\/es\\\/#website\",\"url\":\"https:\\\/\\\/www.ateneapark.com\\\/es\\\/\",\"name\":\"Atenea Park Suites - Apartaments\",\"description\":\"Atenea Park est\u00e1 situado en Vilanova i la Geltr\u00fa, poblaci\u00f3n muy pr\u00f3xima a Sitges. Precio m\u00ednimo garantizado.\",\"publisher\":{\"@id\":\"https:\\\/\\\/www.ateneapark.com\\\/es\\\/#organization\"},\"potentialAction\":[{\"@type\":\"SearchAction\",\"target\":{\"@type\":\"EntryPoint\",\"urlTemplate\":\"https:\\\/\\\/www.ateneapark.com\\\/es\\\/?s={search_term_string}\"},\"query-input\":{\"@type\":\"PropertyValueSpecification\",\"valueRequired\":true,\"valueName\":\"search_term_string\"}}],\"inLanguage\":\"es\"},{\"@type\":\"Organization\",\"@id\":\"https:\\\/\\\/www.ateneapark.com\\\/es\\\/#organization\",\"name\":\"Sanoimels, S.L\",\"url\":\"https:\\\/\\\/www.ateneapark.com\\\/es\\\/\",\"logo\":{\"@type\":\"ImageObject\",\"inLanguage\":\"es\",\"@id\":\"https:\\\/\\\/www.ateneapark.com\\\/es\\\/#\\\/schema\\\/logo\\\/image\\\/\",\"url\":\"https:\\\/\\\/www.ateneapark.com\\\/wp-content\\\/uploads\\\/2022\\\/02\\\/3.2-galeria.jpg\",\"contentUrl\":\"https:\\\/\\\/www.ateneapark.com\\\/wp-content\\\/uploads\\\/2022\\\/02\\\/3.2-galeria.jpg\",\"width\":1124,\"height\":750,\"caption\":\"Sanoimels, S.L\"},\"image\":{\"@id\":\"https:\\\/\\\/www.ateneapark.com\\\/es\\\/#\\\/schema\\\/logo\\\/image\\\/\"}},{\"@type\":\"Person\",\"@id\":\"https:\\\/\\\/www.ateneapark.com\\\/es\\\/#\\\/schema\\\/person\\\/cc3769cd0cf3b47d29694fe04258346f\",\"name\":\"Atenea\"}]}<\/script>\n<!-- \/ Yoast SEO plugin. -->","yoast_head_json":{"title":"Vilanova i la Geltr\u00fa, un para\u00edso natural por descubrir | Atenea Park Suites - Apartaments","robots":{"index":"index","follow":"follow","max-snippet":"max-snippet:-1","max-image-preview":"max-image-preview:large","max-video-preview":"max-video-preview:-1"},"canonical":"https:\/\/www.ateneapark.com\/es\/vilanova-i-la-geltru-un-paraiso-natural-por-descubrir","og_locale":"es_ES","og_type":"article","og_title":"Vilanova i la Geltr\u00fa, un para\u00edso natural por descubrir | Atenea Park Suites - Apartaments","og_description":"Vilanova i la Geltr\u00fa no solo es conocida por sus playas y su patrimonio hist\u00f3rico, sino tambi\u00e9n por su sorprendente entorno natural. Si eres un amante del senderismo, este destino es perfecto para explorar rutas que se apartan de los circuitos m\u00e1s transitados, revelando paisajes impresionantes y rincones de serenidad que pocos conocen. Aqu\u00ed te [&hellip;]","og_url":"https:\/\/www.ateneapark.com\/es\/vilanova-i-la-geltru-un-paraiso-natural-por-descubrir","og_site_name":"Atenea Park Suites - Apartaments","article_published_time":"2025-02-18T17:49:16+00:00","article_modified_time":"2025-03-19T17:51:48+00:00","og_image":[{"width":1200,"height":450,"url":"https:\/\/www.ateneapark.com\/wp-content\/uploads\/2023\/10\/garraf1-1.jpg","type":"image\/jpeg"}],"author":"Atenea","twitter_card":"summary_large_image","twitter_misc":{"Escrito por":"Atenea","Tiempo de lectura":"7 minutos"},"schema":{"@context":"https:\/\/schema.org","@graph":[{"@type":"Article","@id":"https:\/\/www.ateneapark.com\/es\/vilanova-i-la-geltru-un-paraiso-natural-por-descubrir#article","isPartOf":{"@id":"https:\/\/www.ateneapark.com\/es\/vilanova-i-la-geltru-un-paraiso-natural-por-descubrir"},"author":{"name":"Atenea","@id":"https:\/\/www.ateneapark.com\/es\/#\/schema\/person\/cc3769cd0cf3b47d29694fe04258346f"},"headline":"Vilanova i la Geltr\u00fa, un para\u00edso natural por descubrir","datePublished":"2025-02-18T17:49:16+00:00","dateModified":"2025-03-19T17:51:48+00:00","mainEntityOfPage":{"@id":"https:\/\/www.ateneapark.com\/es\/vilanova-i-la-geltru-un-paraiso-natural-por-descubrir"},"wordCount":1348,"publisher":{"@id":"https:\/\/www.ateneapark.com\/es\/#organization"},"image":{"@id":"https:\/\/www.ateneapark.com\/es\/vilanova-i-la-geltru-un-paraiso-natural-por-descubrir#primaryimage"},"thumbnailUrl":"https:\/\/www.ateneapark.com\/wp-content\/uploads\/2023\/10\/garraf1-1.jpg","articleSection":["blog"],"inLanguage":"es"},{"@type":"WebPage","@id":"https:\/\/www.ateneapark.com\/es\/vilanova-i-la-geltru-un-paraiso-natural-por-descubrir","url":"https:\/\/www.ateneapark.com\/es\/vilanova-i-la-geltru-un-paraiso-natural-por-descubrir","name":"Vilanova i la Geltr\u00fa, un para\u00edso natural por descubrir | Atenea Park Suites - Apartaments","isPartOf":{"@id":"https:\/\/www.ateneapark.com\/es\/#website"},"primaryImageOfPage":{"@id":"https:\/\/www.ateneapark.com\/es\/vilanova-i-la-geltru-un-paraiso-natural-por-descubrir#primaryimage"},"image":{"@id":"https:\/\/www.ateneapark.com\/es\/vilanova-i-la-geltru-un-paraiso-natural-por-descubrir#primaryimage"},"thumbnailUrl":"https:\/\/www.ateneapark.com\/wp-content\/uploads\/2023\/10\/garraf1-1.jpg","datePublished":"2025-02-18T17:49:16+00:00","dateModified":"2025-03-19T17:51:48+00:00","breadcrumb":{"@id":"https:\/\/www.ateneapark.com\/es\/vilanova-i-la-geltru-un-paraiso-natural-por-descubrir#breadcrumb"},"inLanguage":"es","potentialAction":[{"@type":"ReadAction","target":["https:\/\/www.ateneapark.com\/es\/vilanova-i-la-geltru-un-paraiso-natural-por-descubrir"]}]},{"@type":"ImageObject","inLanguage":"es","@id":"https:\/\/www.ateneapark.com\/es\/vilanova-i-la-geltru-un-paraiso-natural-por-descubrir#primaryimage","url":"https:\/\/www.ateneapark.com\/wp-content\/uploads\/2023\/10\/garraf1-1.jpg","contentUrl":"https:\/\/www.ateneapark.com\/wp-content\/uploads\/2023\/10\/garraf1-1.jpg","width":1200,"height":450},{"@type":"BreadcrumbList","@id":"https:\/\/www.ateneapark.com\/es\/vilanova-i-la-geltru-un-paraiso-natural-por-descubrir#breadcrumb","itemListElement":[{"@type":"ListItem","position":1,"name":"Home","item":"https:\/\/www.ateneapark.com\/es"},{"@type":"ListItem","position":2,"name":"Vilanova i la Geltr\u00fa, un para\u00edso natural por descubrir"}]},{"@type":"WebSite","@id":"https:\/\/www.ateneapark.com\/es\/#website","url":"https:\/\/www.ateneapark.com\/es\/","name":"Atenea Park Suites - Apartaments","description":"Atenea Park est\u00e1 situado en Vilanova i la Geltr\u00fa, poblaci\u00f3n muy pr\u00f3xima a Sitges. Precio m\u00ednimo garantizado.","publisher":{"@id":"https:\/\/www.ateneapark.com\/es\/#organization"},"potentialAction":[{"@type":"SearchAction","target":{"@type":"EntryPoint","urlTemplate":"https:\/\/www.ateneapark.com\/es\/?s={search_term_string}"},"query-input":{"@type":"PropertyValueSpecification","valueRequired":true,"valueName":"search_term_string"}}],"inLanguage":"es"},{"@type":"Organization","@id":"https:\/\/www.ateneapark.com\/es\/#organization","name":"Sanoimels, S.L","url":"https:\/\/www.ateneapark.com\/es\/","logo":{"@type":"ImageObject","inLanguage":"es","@id":"https:\/\/www.ateneapark.com\/es\/#\/schema\/logo\/image\/","url":"https:\/\/www.ateneapark.com\/wp-content\/uploads\/2022\/02\/3.2-galeria.jpg","contentUrl":"https:\/\/www.ateneapark.com\/wp-content\/uploads\/2022\/02\/3.2-galeria.jpg","width":1124,"height":750,"caption":"Sanoimels, S.L"},"image":{"@id":"https:\/\/www.ateneapark.com\/es\/#\/schema\/logo\/image\/"}},{"@type":"Person","@id":"https:\/\/www.ateneapark.com\/es\/#\/schema\/person\/cc3769cd0cf3b47d29694fe04258346f","name":"Atenea"}]}},"_links":{"self":[{"href":"https:\/\/www.ateneapark.com\/es\/wp-json\/wp\/v2\/posts\/6948","targetHints":{"allow":["GET"]}}],"collection":[{"href":"https:\/\/www.ateneapark.com\/es\/wp-json\/wp\/v2\/posts"}],"about":[{"href":"https:\/\/www.ateneapark.com\/es\/wp-json\/wp\/v2\/types\/post"}],"author":[{"embeddable":true,"href":"https:\/\/www.ateneapark.com\/es\/wp-json\/wp\/v2\/users\/2"}],"replies":[{"embeddable":true,"href":"https:\/\/www.ateneapark.com\/es\/wp-json\/wp\/v2\/comments?post=6948"}],"version-history":[{"count":2,"href":"https:\/\/www.ateneapark.com\/es\/wp-json\/wp\/v2\/posts\/6948\/revisions"}],"predecessor-version":[{"id":7003,"href":"https:\/\/www.ateneapark.com\/es\/wp-json\/wp\/v2\/posts\/6948\/revisions\/7003"}],"wp:featuredmedia":[{"embeddable":true,"href":"https:\/\/www.ateneapark.com\/es\/wp-json\/wp\/v2\/media\/6338"}],"wp:attachment":[{"href":"https:\/\/www.ateneapark.com\/es\/wp-json\/wp\/v2\/media?parent=6948"}],"wp:term":[{"taxonomy":"category","embeddable":true,"href":"https:\/\/www.ateneapark.com\/es\/wp-json\/wp\/v2\/categories?post=6948"},{"taxonomy":"post_tag","embeddable":true,"href":"https:\/\/www.ateneapark.com\/es\/wp-json\/wp\/v2\/tags?post=6948"}],"curies":[{"name":"wp","href":"https:\/\/api.w.org\/{rel}","templated":true}]}}