{"id":6285,"date":"2023-10-02T12:24:18","date_gmt":"2023-10-02T10:24:18","guid":{"rendered":"https:\/\/www.ateneapark.com\/?p=6285"},"modified":"2023-10-02T12:44:14","modified_gmt":"2023-10-02T10:44:14","slug":"eventos-exposiciones-y-charlas-para-visitar-en-vilanova-i-la-geltru","status":"publish","type":"post","link":"https:\/\/www.ateneapark.com\/es\/eventos-exposiciones-y-charlas-para-visitar-en-vilanova-i-la-geltru","title":{"rendered":"Eventos, Exposiciones y Charlas para Visitar en Vilanova i la Geltr\u00fa"},"content":{"rendered":"<p>Descubre una emocionante variedad de eventos culturales, exposiciones y charlas que te esperan en Vilanova i la Geltr\u00fa en los pr\u00f3ximos meses. La ciudad ofrece una rica programaci\u00f3n de actividades que atraer\u00e1n a amantes del arte, la cultura y la historia. Acomp\u00e1\u00f1anos en un recorrido por estas fascinantes actividades que enriquecer\u00e1n tu visita a esta encantadora localidad costera.<\/p>\n<h3>El Placer de Viajar<\/h3>\n<p>Una emocionante exposici\u00f3n llamada \u00abEl Placer de Viajar\u00bb se encuentra en exhibici\u00f3n hasta el mes de octubre en la Nau Panor\u00e0mica. Esta muestra est\u00e1 basada en el libro \u00abEl Ferrocarril en las Artes y la Literatura Catalana\u00bb y es producida por el Museo del Ferrocarril de Catalu\u00f1a, comisariada por Jordi Font-Agust\u00ed. \u00a1No te la pierdas!<\/p>\n<p><strong>Fecha:<\/strong> Del 18 de mayo al 22 de octubre de 2023<br \/>\n<strong>Lugar:<\/strong> Museo del Ferrocarril de Catalu\u00f1a, Vilanova i la Geltr\u00fa<br \/>\n<strong>Direcci\u00f3n:<\/strong> Pla\u00e7a d&#8217;Eduard Maristany, s\/n<\/p>\n<h3>Exposici\u00f3n de Dibujos de Ksenia Litvinova<\/h3>\n<p>Del 4 al 28 de septiembre de 2023, puedes disfrutar de una exposici\u00f3n de dibujos de Ksenia Litvinova en el Mur del TOC. Esta es una oportunidad \u00fanica para explorar el mundo art\u00edstico de Litvinova y apreciar su talento.<\/p>\n<p><strong>Fecha:<\/strong> Del 4 al 28 de septiembre de 2023<br \/>\n<strong>Lugar:<\/strong> Mur del TOC, Vilanova i la Geltr\u00fa<br \/>\n<strong>Direcci\u00f3n:<\/strong> Carrer de Sant Sebasti\u00e0, 11<\/p>\n<h3>Ho Veig Negre!<\/h3>\n<p>\u00bfEres un entusiasta de la literatura de g\u00e9nero negro? \u00a1No te pierdas el concurso de lectura \u00abHo Veig Negre!\u00bb que se lleva a cabo en la Biblioteca Municipal Joan Oliva i Mil\u00e0! Sum\u00e9rgete en el mundo del misterio y el suspense.<\/p>\n<p><strong>Fecha:<\/strong> Del 19 de junio al 24 de febrero de 2024<br \/>\n<strong>Lugar:<\/strong> Biblioteca Municipal Joan Oliva i Mil\u00e0, Vilanova i la Geltr\u00fa<br \/>\n<strong>Direcci\u00f3n:<\/strong> Pla\u00e7a de la Vila, 12<\/p>\n<h3>Liga de F\u00fatbol Sala Casernes Vilanova 2023-2024<\/h3>\n<p>Si eres amante del f\u00fatbol sala, aqu\u00ed tienes una oportunidad emocionante. Las inscripciones para la Liga de F\u00fatbol Sala Casernes Vilanova 2023-2024 est\u00e1n abiertas hasta el 24 de septiembre. \u00a1Prep\u00e1rate para mostrar tus habilidades en la cancha!<\/p>\n<p><strong>Fecha l\u00edmite de inscripci\u00f3n:<\/strong> 24 de septiembre de 2023<br \/>\n<strong>Lugar:<\/strong> Pabell\u00f3n Municipal de Deportes, Vilanova i la Geltr\u00fa<br \/>\n<strong>Direcci\u00f3n:<\/strong> Pla\u00e7a de les Casernes, s\/n<\/p>\n<h3>VAGOlab Memoria en Movimiento<\/h3>\n<p>Explora la relaci\u00f3n entre el ferrocarril y la memoria en Vilanova en la exposici\u00f3n \u00abVAGOlab Memoria en Movimiento\u00bb, disponible hasta el 17 de septiembre en el Museo del Ferrocarril de Catalu\u00f1a. Descubre c\u00f3mo el ferrocarril ha dejado una huella en la historia de la ciudad.<\/p>\n<p><strong>Fecha:<\/strong> Hasta el 17 de septiembre de 2023<br \/>\n<strong>Lugar:<\/strong> Museo del Ferrocarril de Catalu\u00f1a, Vilanova i la Geltr\u00fa<br \/>\n<strong>Direcci\u00f3n:<\/strong> Pla\u00e7a d&#8217;Eduard Maristany, s\/n<\/p>\n<h3>\u00bfHas Visto Mis Llaves?<\/h3>\n<p>El 13 de septiembre de 2023, no te pierdas la charla psicoeducativa titulada \u00ab\u00bfHas Visto Mis Llaves?\u00bb. Aborda temas relacionados con el envejecimiento y la cognici\u00f3n como parte de una campa\u00f1a de concienciaci\u00f3n y prevenci\u00f3n del deterioro cognitivo. Una oportunidad para tomar conciencia de la importancia de la prevenci\u00f3n.<\/p>\n<p><strong>Fecha:<\/strong> 13 de septiembre de 2023<br \/>\n<strong>Lugar:<\/strong> Casal Municipal de la Gent Gran, Vilanova i la Geltr\u00fa<br \/>\n<strong>Direcci\u00f3n:<\/strong> Carrer de Josep Llanza, 4<\/p>\n<h3>El Fogoner y el Tren del Centenario<\/h3>\n<p>Una visita especial dirigida especialmente a los m\u00e1s peque\u00f1os es \u00abEl Fogoner y el Tren del Centenario\u00bb. La experiencia incluye la posibilidad de realizar recortables en la Estaci\u00f3 Petita de Vilanova.<\/p>\n<p><strong>Incluido en la entrada al Museo del Ferrocarril de Catalu\u00f1a<\/strong><br \/>\n<strong>Lugar:<\/strong> Museo del Ferrocarril de Catalu\u00f1a, Vilanova i la Geltr\u00fa<br \/>\n<strong>Direcci\u00f3n:<\/strong> Pla\u00e7a d&#8217;Eduard Maristany, s\/n<\/p>\n<h3>TRENexperi\u00e8ncies: Toca la Matar\u00f3!<\/h3>\n<p>Disfruta de una visita comentada, \u00abTRENexperi\u00e8ncies: Toca la Matar\u00f3!\u00bb. Podr\u00e1s tocar la antigua locomotora de vapor, conocida como Toca la Matar\u00f3, la primera que circul\u00f3 en la pen\u00ednsula ib\u00e9rica. Una experiencia \u00fanica para los entusiastas del ferrocarril.<\/p>\n<p><strong>Incluido en cualquier tarifa vigente de entrada al Museo<\/strong><br \/>\n<strong>Lugar:<\/strong> Museo del Ferrocarril de Catalu\u00f1a, Vilanova i la Geltr\u00fa<br \/>\n<strong>Direcci\u00f3n:<\/strong> Pla\u00e7a d&#8217;Eduard Maristany, s\/n<\/p>\n<h3>L&#8217;Estaci\u00f3 Petita de Vilanova<\/h3>\n<p>Descubre un juego de observaci\u00f3n y conocimiento en \u00abL&#8217;Estaci\u00f3 Petita de Vilanova\u00bb. Una actividad gratuita que se encuentra disponible con la entrada al museo, dise\u00f1ada para divertir y educar a los m\u00e1s j\u00f3venes.<\/p>\n<p><strong>Gratuito con la entrada al museo<\/strong><br \/>\n<strong>Lugar:<\/strong> Museo del Ferrocarril de Catalu\u00f1a, Vilanova i la Geltr\u00fa<br \/>\n<strong>Direcci\u00f3n:<\/strong> Pla\u00e7a d&#8217;Eduard Maristany, s\/n<\/p>\n<h3>La Santa Fe, una Catalana Potente<\/h3>\n<p>Realiza una visita a la locomotora a vapor Santa Fe y descubre su importancia hist\u00f3rica. Esta experiencia est\u00e1 incluida en el precio de la entrada al museo y es una oportunidad para conocer la potente locomotora Santa Fe.<\/p>\n<p><strong>Incluido en el precio de la entrada al museo<\/strong><br \/>\n<strong>Lugar:<\/strong> Museo del Ferrocarril de Catalu\u00f1a, Vilanova i la Geltr\u00fa<br \/>\n<strong>Direcci\u00f3n:<\/strong> Pla\u00e7a d&#8217;Eduard Maristany, s\/n<\/p>\n<h3>Copa Am\u00e9rica: Jornadas de Puertas Abiertas en el Espai Far<\/h3>\n<p>Con motivo de la celebraci\u00f3n de la regata preliminar de la Copa Am\u00e9rica, del 14 al 17 de septiembre, el Espai Far abre sus puertas al p\u00fablico en horario de 10 a 14 h y de 17 a 20 h. Aprovecha esta oportunidad para conocer m\u00e1s sobre este emocionante evento deportivo.<\/p>\n<p><strong>Acceso libre<\/strong><br \/>\n<strong>Lugar:<\/strong> Espai Far, Vilanova i la Geltr\u00fa<br \/>\n<strong>Direcci\u00f3n:<\/strong> Pujada del Far de Sant Crist\u00f2fol, 2<\/p>\n<h3>COPA AM\u00c9RICA DE VELA: Exposici\u00f3n Itinerante<\/h3>\n<p>Vilanova i la Geltr\u00fa se prepara para vivir un evento extraordinario. Del 14 al 17 de septiembre, acoger\u00e1 la primera prueba preliminar de la 37a edici\u00f3n de la Copa Am\u00e9rica de vela, marcando el inicio de la competici\u00f3n que se celebrar\u00e1 en Barcelona en 2024. Para conocer m\u00e1s sobre este emocionante evento, no te pierdas la exposici\u00f3n itinerante \u00abParlem del mar per parlar de nosaltres\u00bb en la Pla\u00e7a del Port.<\/p>\n<p><strong>Lugar:<\/strong> Pla\u00e7a del Port, s\/n<\/p>\n<h3>Descubriendo Vilanova i la Geltr\u00fa en Temporada Baja<\/h3>\n<p>Si planeas visitar Vilanova i la Geltr\u00fa durante la temporada baja, no te preocupes. La ciudad sigue ofreciendo una gran cantidad de actividades y lugares de inter\u00e9s para explorar. Desde paseos tranquilos por la playa hasta explorar la rica historia de la ciudad, hay mucho por descubrir.<\/p>\n<h3>Disfruta de la Puesta de Sol en Vilanova i la Geltr\u00fa<\/h3>\n<p>Nada puede ser m\u00e1s rom\u00e1ntico que disfrutar de una espectacular puesta de sol en Vilanova i la Geltr\u00fa. Ya sea que est\u00e9s buscando un lugar tranquilo en la playa o un mirador panor\u00e1mico, la ciudad ofrece excelentes opciones para apreciar la belleza del atardecer.<\/p>\n<p>Con estas emocionantes actividades y eventos que puedes disfrutar en Vilanova i la Geltr\u00fa, tu visita a esta encantadora ciudad costera ser\u00e1 a\u00fan m\u00e1s especial.<\/p>\n<p>\u00a1Hasta aqu\u00ed llega nuestra gu\u00eda de eventos y actividades en Vilanova i la Geltr\u00fa! Esperamos que esta lista te ayude a planificar tu visita y aprovechar al m\u00e1ximo tu tiempo en esta hermosa ciudad.<\/p>\n<p>Recuerda que Vilanova i la Geltr\u00fa siempre tiene algo especial que ofrecer, ya sea que est\u00e9s interesado en la cultura, la historia o simplemente disfrutar de la belleza del entorno.<\/p>\n<p><strong>Enlaces de Inter\u00e9s:<\/strong><br \/>\n&#8211; Si deseas obtener m\u00e1s informaci\u00f3n sobre alojamiento en Vilanova i la Geltr\u00fa, te invitamos a visitar nuestra p\u00e1gina web: <a href=\"https:\/\/www.ateneapark.com\/es\/\">Apartamentos en Vilanova i la Geltr\u00fa<\/a>.<\/p>\n<p>&#8211; Para conocer m\u00e1s eventos y actividades en la ciudad, consulta el calendario oficial en: <a href=\"https:\/\/www.vilanova.cat\/agenda\/?acces=properstrentadies\">Agenda Vilanova i la Geltr\u00fa<\/a>.<\/p>\n<p>Con estas opciones variadas, tu viaje a Vilanova i la Geltr\u00fa promete ser una experiencia memorable llena de descubrimientos y momentos especiales.<\/p>\n<p>\u00a1Esperamos que disfrutes al m\u00e1ximo de tu visita a esta hermosa ciudad en la costa catalana!<\/p>\n","protected":false},"excerpt":{"rendered":"<p>Descubre una emocionante variedad de eventos culturales, exposiciones y charlas que te esperan en Vilanova i la Geltr\u00fa en los pr\u00f3ximos meses. La ciudad ofrece una rica programaci\u00f3n de actividades que atraer\u00e1n a amantes del arte, la cultura y la historia. Acomp\u00e1\u00f1anos en un recorrido por estas fascinantes actividades que enriquecer\u00e1n tu visita a esta [&hellip;]<\/p>\n","protected":false},"author":2,"featured_media":6286,"comment_status":"closed","ping_status":"closed","sticky":false,"template":"","format":"standard","meta":{"_acf_changed":false,"footnotes":""},"categories":[79],"tags":[],"class_list":["post-6285","post","type-post","status-publish","format-standard","has-post-thumbnail","hentry","category-blog"],"acf":[],"yoast_head":"<!-- This site is optimized with the Yoast SEO plugin v27.5 - https:\/\/yoast.com\/product\/yoast-seo-wordpress\/ -->\n<title>Eventos, Exposiciones y Charlas para Visitar en Vilanova i la Geltr\u00fa | Atenea Park Suites - Apartaments<\/title>\n<meta name=\"description\" content=\"Descubre los eventos, exposiciones y charlas para 2023 en Vilanova i la Geltr\u00fa, entra e inf\u00f3rmate\" \/>\n<meta name=\"robots\" content=\"index, follow, max-snippet:-1, max-image-preview:large, max-video-preview:-1\" \/>\n<link rel=\"canonical\" href=\"https:\/\/www.ateneapark.com\/es\/eventos-exposiciones-y-charlas-para-visitar-en-vilanova-i-la-geltru\" \/>\n<meta property=\"og:locale\" content=\"es_ES\" \/>\n<meta property=\"og:type\" content=\"article\" \/>\n<meta property=\"og:title\" content=\"Eventos, Exposiciones y Charlas para Visitar en Vilanova i la Geltr\u00fa | Atenea Park Suites - Apartaments\" \/>\n<meta property=\"og:description\" content=\"Descubre los eventos, exposiciones y charlas para 2023 en Vilanova i la Geltr\u00fa, entra e inf\u00f3rmate\" \/>\n<meta property=\"og:url\" content=\"https:\/\/www.ateneapark.com\/es\/eventos-exposiciones-y-charlas-para-visitar-en-vilanova-i-la-geltru\" \/>\n<meta property=\"og:site_name\" content=\"Atenea Park Suites - Apartaments\" \/>\n<meta property=\"article:published_time\" content=\"2023-10-02T10:24:18+00:00\" \/>\n<meta property=\"article:modified_time\" content=\"2023-10-02T10:44:14+00:00\" \/>\n<meta property=\"og:image\" content=\"https:\/\/www.ateneapark.com\/wp-content\/uploads\/2023\/10\/ferro.png\" \/>\n\t<meta property=\"og:image:width\" content=\"700\" \/>\n\t<meta property=\"og:image:height\" content=\"400\" \/>\n\t<meta property=\"og:image:type\" content=\"image\/png\" \/>\n<meta name=\"author\" content=\"Atenea\" \/>\n<meta name=\"twitter:card\" content=\"summary_large_image\" \/>\n<meta name=\"twitter:label1\" content=\"Escrito por\" \/>\n\t<meta name=\"twitter:data1\" content=\"Atenea\" \/>\n\t<meta name=\"twitter:label2\" content=\"Tiempo de lectura\" \/>\n\t<meta name=\"twitter:data2\" content=\"6 minutos\" \/>\n<script type=\"application\/ld+json\" class=\"yoast-schema-graph\">{\"@context\":\"https:\\\/\\\/schema.org\",\"@graph\":[{\"@type\":\"Article\",\"@id\":\"https:\\\/\\\/www.ateneapark.com\\\/es\\\/eventos-exposiciones-y-charlas-para-visitar-en-vilanova-i-la-geltru#article\",\"isPartOf\":{\"@id\":\"https:\\\/\\\/www.ateneapark.com\\\/es\\\/eventos-exposiciones-y-charlas-para-visitar-en-vilanova-i-la-geltru\"},\"author\":{\"name\":\"Atenea\",\"@id\":\"https:\\\/\\\/www.ateneapark.com\\\/es\\\/#\\\/schema\\\/person\\\/cc3769cd0cf3b47d29694fe04258346f\"},\"headline\":\"Eventos, Exposiciones y Charlas para Visitar en Vilanova i la Geltr\u00fa\",\"datePublished\":\"2023-10-02T10:24:18+00:00\",\"dateModified\":\"2023-10-02T10:44:14+00:00\",\"mainEntityOfPage\":{\"@id\":\"https:\\\/\\\/www.ateneapark.com\\\/es\\\/eventos-exposiciones-y-charlas-para-visitar-en-vilanova-i-la-geltru\"},\"wordCount\":1290,\"publisher\":{\"@id\":\"https:\\\/\\\/www.ateneapark.com\\\/es\\\/#organization\"},\"image\":{\"@id\":\"https:\\\/\\\/www.ateneapark.com\\\/es\\\/eventos-exposiciones-y-charlas-para-visitar-en-vilanova-i-la-geltru#primaryimage\"},\"thumbnailUrl\":\"https:\\\/\\\/www.ateneapark.com\\\/wp-content\\\/uploads\\\/2023\\\/10\\\/ferro.png\",\"articleSection\":[\"blog\"],\"inLanguage\":\"es\"},{\"@type\":\"WebPage\",\"@id\":\"https:\\\/\\\/www.ateneapark.com\\\/es\\\/eventos-exposiciones-y-charlas-para-visitar-en-vilanova-i-la-geltru\",\"url\":\"https:\\\/\\\/www.ateneapark.com\\\/es\\\/eventos-exposiciones-y-charlas-para-visitar-en-vilanova-i-la-geltru\",\"name\":\"Eventos, Exposiciones y Charlas para Visitar en Vilanova i la Geltr\u00fa | Atenea Park Suites - Apartaments\",\"isPartOf\":{\"@id\":\"https:\\\/\\\/www.ateneapark.com\\\/es\\\/#website\"},\"primaryImageOfPage\":{\"@id\":\"https:\\\/\\\/www.ateneapark.com\\\/es\\\/eventos-exposiciones-y-charlas-para-visitar-en-vilanova-i-la-geltru#primaryimage\"},\"image\":{\"@id\":\"https:\\\/\\\/www.ateneapark.com\\\/es\\\/eventos-exposiciones-y-charlas-para-visitar-en-vilanova-i-la-geltru#primaryimage\"},\"thumbnailUrl\":\"https:\\\/\\\/www.ateneapark.com\\\/wp-content\\\/uploads\\\/2023\\\/10\\\/ferro.png\",\"datePublished\":\"2023-10-02T10:24:18+00:00\",\"dateModified\":\"2023-10-02T10:44:14+00:00\",\"description\":\"Descubre los eventos, exposiciones y charlas para 2023 en Vilanova i la Geltr\u00fa, entra e inf\u00f3rmate\",\"breadcrumb\":{\"@id\":\"https:\\\/\\\/www.ateneapark.com\\\/es\\\/eventos-exposiciones-y-charlas-para-visitar-en-vilanova-i-la-geltru#breadcrumb\"},\"inLanguage\":\"es\",\"potentialAction\":[{\"@type\":\"ReadAction\",\"target\":[\"https:\\\/\\\/www.ateneapark.com\\\/es\\\/eventos-exposiciones-y-charlas-para-visitar-en-vilanova-i-la-geltru\"]}]},{\"@type\":\"ImageObject\",\"inLanguage\":\"es\",\"@id\":\"https:\\\/\\\/www.ateneapark.com\\\/es\\\/eventos-exposiciones-y-charlas-para-visitar-en-vilanova-i-la-geltru#primaryimage\",\"url\":\"https:\\\/\\\/www.ateneapark.com\\\/wp-content\\\/uploads\\\/2023\\\/10\\\/ferro.png\",\"contentUrl\":\"https:\\\/\\\/www.ateneapark.com\\\/wp-content\\\/uploads\\\/2023\\\/10\\\/ferro.png\",\"width\":700,\"height\":400,\"caption\":\"eventos vilanova\"},{\"@type\":\"BreadcrumbList\",\"@id\":\"https:\\\/\\\/www.ateneapark.com\\\/es\\\/eventos-exposiciones-y-charlas-para-visitar-en-vilanova-i-la-geltru#breadcrumb\",\"itemListElement\":[{\"@type\":\"ListItem\",\"position\":1,\"name\":\"Home\",\"item\":\"https:\\\/\\\/www.ateneapark.com\\\/es\"},{\"@type\":\"ListItem\",\"position\":2,\"name\":\"Eventos, Exposiciones y Charlas para Visitar en Vilanova i la Geltr\u00fa\"}]},{\"@type\":\"WebSite\",\"@id\":\"https:\\\/\\\/www.ateneapark.com\\\/es\\\/#website\",\"url\":\"https:\\\/\\\/www.ateneapark.com\\\/es\\\/\",\"name\":\"Atenea Park Suites - Apartaments\",\"description\":\"Atenea Park est\u00e1 situado en Vilanova i la Geltr\u00fa, poblaci\u00f3n muy pr\u00f3xima a Sitges. Precio m\u00ednimo garantizado.\",\"publisher\":{\"@id\":\"https:\\\/\\\/www.ateneapark.com\\\/es\\\/#organization\"},\"potentialAction\":[{\"@type\":\"SearchAction\",\"target\":{\"@type\":\"EntryPoint\",\"urlTemplate\":\"https:\\\/\\\/www.ateneapark.com\\\/es\\\/?s={search_term_string}\"},\"query-input\":{\"@type\":\"PropertyValueSpecification\",\"valueRequired\":true,\"valueName\":\"search_term_string\"}}],\"inLanguage\":\"es\"},{\"@type\":\"Organization\",\"@id\":\"https:\\\/\\\/www.ateneapark.com\\\/es\\\/#organization\",\"name\":\"Sanoimels, S.L\",\"url\":\"https:\\\/\\\/www.ateneapark.com\\\/es\\\/\",\"logo\":{\"@type\":\"ImageObject\",\"inLanguage\":\"es\",\"@id\":\"https:\\\/\\\/www.ateneapark.com\\\/es\\\/#\\\/schema\\\/logo\\\/image\\\/\",\"url\":\"https:\\\/\\\/www.ateneapark.com\\\/wp-content\\\/uploads\\\/2022\\\/02\\\/3.2-galeria.jpg\",\"contentUrl\":\"https:\\\/\\\/www.ateneapark.com\\\/wp-content\\\/uploads\\\/2022\\\/02\\\/3.2-galeria.jpg\",\"width\":1124,\"height\":750,\"caption\":\"Sanoimels, S.L\"},\"image\":{\"@id\":\"https:\\\/\\\/www.ateneapark.com\\\/es\\\/#\\\/schema\\\/logo\\\/image\\\/\"}},{\"@type\":\"Person\",\"@id\":\"https:\\\/\\\/www.ateneapark.com\\\/es\\\/#\\\/schema\\\/person\\\/cc3769cd0cf3b47d29694fe04258346f\",\"name\":\"Atenea\"}]}<\/script>\n<!-- \/ Yoast SEO plugin. -->","yoast_head_json":{"title":"Eventos, Exposiciones y Charlas para Visitar en Vilanova i la Geltr\u00fa | Atenea Park Suites - Apartaments","description":"Descubre los eventos, exposiciones y charlas para 2023 en Vilanova i la Geltr\u00fa, entra e inf\u00f3rmate","robots":{"index":"index","follow":"follow","max-snippet":"max-snippet:-1","max-image-preview":"max-image-preview:large","max-video-preview":"max-video-preview:-1"},"canonical":"https:\/\/www.ateneapark.com\/es\/eventos-exposiciones-y-charlas-para-visitar-en-vilanova-i-la-geltru","og_locale":"es_ES","og_type":"article","og_title":"Eventos, Exposiciones y Charlas para Visitar en Vilanova i la Geltr\u00fa | Atenea Park Suites - Apartaments","og_description":"Descubre los eventos, exposiciones y charlas para 2023 en Vilanova i la Geltr\u00fa, entra e inf\u00f3rmate","og_url":"https:\/\/www.ateneapark.com\/es\/eventos-exposiciones-y-charlas-para-visitar-en-vilanova-i-la-geltru","og_site_name":"Atenea Park Suites - Apartaments","article_published_time":"2023-10-02T10:24:18+00:00","article_modified_time":"2023-10-02T10:44:14+00:00","og_image":[{"width":700,"height":400,"url":"https:\/\/www.ateneapark.com\/wp-content\/uploads\/2023\/10\/ferro.png","type":"image\/png"}],"author":"Atenea","twitter_card":"summary_large_image","twitter_misc":{"Escrito por":"Atenea","Tiempo de lectura":"6 minutos"},"schema":{"@context":"https:\/\/schema.org","@graph":[{"@type":"Article","@id":"https:\/\/www.ateneapark.com\/es\/eventos-exposiciones-y-charlas-para-visitar-en-vilanova-i-la-geltru#article","isPartOf":{"@id":"https:\/\/www.ateneapark.com\/es\/eventos-exposiciones-y-charlas-para-visitar-en-vilanova-i-la-geltru"},"author":{"name":"Atenea","@id":"https:\/\/www.ateneapark.com\/es\/#\/schema\/person\/cc3769cd0cf3b47d29694fe04258346f"},"headline":"Eventos, Exposiciones y Charlas para Visitar en Vilanova i la Geltr\u00fa","datePublished":"2023-10-02T10:24:18+00:00","dateModified":"2023-10-02T10:44:14+00:00","mainEntityOfPage":{"@id":"https:\/\/www.ateneapark.com\/es\/eventos-exposiciones-y-charlas-para-visitar-en-vilanova-i-la-geltru"},"wordCount":1290,"publisher":{"@id":"https:\/\/www.ateneapark.com\/es\/#organization"},"image":{"@id":"https:\/\/www.ateneapark.com\/es\/eventos-exposiciones-y-charlas-para-visitar-en-vilanova-i-la-geltru#primaryimage"},"thumbnailUrl":"https:\/\/www.ateneapark.com\/wp-content\/uploads\/2023\/10\/ferro.png","articleSection":["blog"],"inLanguage":"es"},{"@type":"WebPage","@id":"https:\/\/www.ateneapark.com\/es\/eventos-exposiciones-y-charlas-para-visitar-en-vilanova-i-la-geltru","url":"https:\/\/www.ateneapark.com\/es\/eventos-exposiciones-y-charlas-para-visitar-en-vilanova-i-la-geltru","name":"Eventos, Exposiciones y Charlas para Visitar en Vilanova i la Geltr\u00fa | Atenea Park Suites - Apartaments","isPartOf":{"@id":"https:\/\/www.ateneapark.com\/es\/#website"},"primaryImageOfPage":{"@id":"https:\/\/www.ateneapark.com\/es\/eventos-exposiciones-y-charlas-para-visitar-en-vilanova-i-la-geltru#primaryimage"},"image":{"@id":"https:\/\/www.ateneapark.com\/es\/eventos-exposiciones-y-charlas-para-visitar-en-vilanova-i-la-geltru#primaryimage"},"thumbnailUrl":"https:\/\/www.ateneapark.com\/wp-content\/uploads\/2023\/10\/ferro.png","datePublished":"2023-10-02T10:24:18+00:00","dateModified":"2023-10-02T10:44:14+00:00","description":"Descubre los eventos, exposiciones y charlas para 2023 en Vilanova i la Geltr\u00fa, entra e inf\u00f3rmate","breadcrumb":{"@id":"https:\/\/www.ateneapark.com\/es\/eventos-exposiciones-y-charlas-para-visitar-en-vilanova-i-la-geltru#breadcrumb"},"inLanguage":"es","potentialAction":[{"@type":"ReadAction","target":["https:\/\/www.ateneapark.com\/es\/eventos-exposiciones-y-charlas-para-visitar-en-vilanova-i-la-geltru"]}]},{"@type":"ImageObject","inLanguage":"es","@id":"https:\/\/www.ateneapark.com\/es\/eventos-exposiciones-y-charlas-para-visitar-en-vilanova-i-la-geltru#primaryimage","url":"https:\/\/www.ateneapark.com\/wp-content\/uploads\/2023\/10\/ferro.png","contentUrl":"https:\/\/www.ateneapark.com\/wp-content\/uploads\/2023\/10\/ferro.png","width":700,"height":400,"caption":"eventos vilanova"},{"@type":"BreadcrumbList","@id":"https:\/\/www.ateneapark.com\/es\/eventos-exposiciones-y-charlas-para-visitar-en-vilanova-i-la-geltru#breadcrumb","itemListElement":[{"@type":"ListItem","position":1,"name":"Home","item":"https:\/\/www.ateneapark.com\/es"},{"@type":"ListItem","position":2,"name":"Eventos, Exposiciones y Charlas para Visitar en Vilanova i la Geltr\u00fa"}]},{"@type":"WebSite","@id":"https:\/\/www.ateneapark.com\/es\/#website","url":"https:\/\/www.ateneapark.com\/es\/","name":"Atenea Park Suites - Apartaments","description":"Atenea Park est\u00e1 situado en Vilanova i la Geltr\u00fa, poblaci\u00f3n muy pr\u00f3xima a Sitges. Precio m\u00ednimo garantizado.","publisher":{"@id":"https:\/\/www.ateneapark.com\/es\/#organization"},"potentialAction":[{"@type":"SearchAction","target":{"@type":"EntryPoint","urlTemplate":"https:\/\/www.ateneapark.com\/es\/?s={search_term_string}"},"query-input":{"@type":"PropertyValueSpecification","valueRequired":true,"valueName":"search_term_string"}}],"inLanguage":"es"},{"@type":"Organization","@id":"https:\/\/www.ateneapark.com\/es\/#organization","name":"Sanoimels, S.L","url":"https:\/\/www.ateneapark.com\/es\/","logo":{"@type":"ImageObject","inLanguage":"es","@id":"https:\/\/www.ateneapark.com\/es\/#\/schema\/logo\/image\/","url":"https:\/\/www.ateneapark.com\/wp-content\/uploads\/2022\/02\/3.2-galeria.jpg","contentUrl":"https:\/\/www.ateneapark.com\/wp-content\/uploads\/2022\/02\/3.2-galeria.jpg","width":1124,"height":750,"caption":"Sanoimels, S.L"},"image":{"@id":"https:\/\/www.ateneapark.com\/es\/#\/schema\/logo\/image\/"}},{"@type":"Person","@id":"https:\/\/www.ateneapark.com\/es\/#\/schema\/person\/cc3769cd0cf3b47d29694fe04258346f","name":"Atenea"}]}},"_links":{"self":[{"href":"https:\/\/www.ateneapark.com\/es\/wp-json\/wp\/v2\/posts\/6285","targetHints":{"allow":["GET"]}}],"collection":[{"href":"https:\/\/www.ateneapark.com\/es\/wp-json\/wp\/v2\/posts"}],"about":[{"href":"https:\/\/www.ateneapark.com\/es\/wp-json\/wp\/v2\/types\/post"}],"author":[{"embeddable":true,"href":"https:\/\/www.ateneapark.com\/es\/wp-json\/wp\/v2\/users\/2"}],"replies":[{"embeddable":true,"href":"https:\/\/www.ateneapark.com\/es\/wp-json\/wp\/v2\/comments?post=6285"}],"version-history":[{"count":1,"href":"https:\/\/www.ateneapark.com\/es\/wp-json\/wp\/v2\/posts\/6285\/revisions"}],"predecessor-version":[{"id":6290,"href":"https:\/\/www.ateneapark.com\/es\/wp-json\/wp\/v2\/posts\/6285\/revisions\/6290"}],"wp:featuredmedia":[{"embeddable":true,"href":"https:\/\/www.ateneapark.com\/es\/wp-json\/wp\/v2\/media\/6286"}],"wp:attachment":[{"href":"https:\/\/www.ateneapark.com\/es\/wp-json\/wp\/v2\/media?parent=6285"}],"wp:term":[{"taxonomy":"category","embeddable":true,"href":"https:\/\/www.ateneapark.com\/es\/wp-json\/wp\/v2\/categories?post=6285"},{"taxonomy":"post_tag","embeddable":true,"href":"https:\/\/www.ateneapark.com\/es\/wp-json\/wp\/v2\/tags?post=6285"}],"curies":[{"name":"wp","href":"https:\/\/api.w.org\/{rel}","templated":true}]}}