{"id":6223,"date":"2023-07-20T11:57:48","date_gmt":"2023-07-20T09:57:48","guid":{"rendered":"https:\/\/www.ateneapark.com\/?p=6223"},"modified":"2026-03-05T10:07:09","modified_gmt":"2026-03-05T09:07:09","slug":"descubriendo-vilanova-i-la-geltru-en-temporada-baja","status":"publish","type":"post","link":"https:\/\/www.ateneapark.com\/es\/descubriendo-vilanova-i-la-geltru-en-temporada-baja","title":{"rendered":"Descubriendo Vilanova i la Geltr\u00fa en Temporada Baja"},"content":{"rendered":"<p>Conocida por su rica historia, hermosas playas y vibrante vida cultural, Vilanova i la Geltr\u00fa es un destino de ensue\u00f1o para muchos viajeros. Sin embargo, hay un secreto que los viajeros experimentados conocen bien: visitar durante la temporada baja puede enriquecer tu experiencia de maneras inesperadas.<\/p>\n<h2>El Encanto de la Temporada Baja<\/h2>\n<p>La temporada baja, que normalmente se extiende desde el oto\u00f1o hasta principios de primavera, es una \u00e9poca del a\u00f1o en la que la afluencia de turistas disminuye. Aunque muchas personas eligen visitar durante el verano para disfrutar del sol y el calor, hay varias razones convincentes para considerar una visita en temporada baja.<\/p>\n<h3>Menos Turistas y una Experiencia M\u00e1s Aut\u00e9ntica<\/h3>\n<p>Uno de los mayores atractivos de la temporada baja es la menor cantidad de visitantes. Las calles est\u00e1n menos concurridas, lo que te permite explorar la ciudad a tu propio ritmo. Adem\u00e1s, con menos turistas, tienes la oportunidad de interactuar m\u00e1s con los locales y sumergirte en la <strong>cultura aut\u00e9ntica<\/strong> de Vilanova i la Geltr\u00fa.<\/p>\n<h3>Precios M\u00e1s Asequibles<\/h3>\n<p>Otra ventaja significativa de viajar en temporada baja son los <strong>precios m\u00e1s bajos<\/strong>. Desde alojamiento hasta comidas y actividades tur\u00edsticas, es probable que encuentres tarifas m\u00e1s econ\u00f3micas durante estos meses. Esto puede hacer que tu viaje sea m\u00e1s asequible, o permitirte disfrutar de experiencias adicionales con tu presupuesto.<\/p>\n<h3>Clima Tranquilo<\/h3>\n<p>Aunque el clima puede ser m\u00e1s fresco durante la temporada baja, las temperaturas suaves pueden ser ideales para explorar la ciudad sin el agobio del calor del verano. Adem\u00e1s, el clima oto\u00f1al e invernal puede a\u00f1adir un toque de magia a la belleza natural de Vilanova i la Geltr\u00fa.<\/p>\n<h2>Disfrutando de Vilanova i la Geltr\u00fa en Temporada Baja<\/h2>\n<p>A pesar de ser temporada baja, hay una multitud de actividades y atracciones para disfrutar en Vilanova i la Geltr\u00fa. Aqu\u00ed te presentamos algunas:<\/p>\n<ul>\n<li><strong>Explorar los Museos:<\/strong> La ciudad cuenta con una variedad de museos fascinantes que puedes visitar, como el Museu de la Curiositat y el Museu del Mar.<\/li>\n<li><strong>Rutas de Senderismo:<\/strong> Con el clima m\u00e1s fresco, puedes disfrutar de las rutas de senderismo alrededor de la ciudad y apreciar la belleza del paisaje.<\/li>\n<li><strong>Comida Local:<\/strong> Prueba la deliciosa gastronom\u00eda local en los restaurantes y mercados de la ciudad. Recuerda que puedes visitar el restaurante Atenea con comida de proximidad y alta calidad: <a href=\"https:\/\/atenearestaurant.com\">Atenea Restaurant<\/a> <\/li>\n<\/ul>\n<h2>Prepar\u00e1ndote para Tu Visita en Temporada Baja<\/h2>\n<p>Si est\u00e1s planeando una visita a Vilanova i la Geltr\u00fa durante la temporada baja, aqu\u00ed tienes algunos consejos para aprovechar al m\u00e1ximo tu viaje:<\/p>\n<ul>\n<li><strong>Empaqueta de manera inteligente:<\/strong> Aseg\u00farate de traer ropa adecuada para el clima m\u00e1s fresco. Un paraguas o impermeable tambi\u00e9n puede ser \u00fatil en caso de lluvias ocasionales.<\/li>\n<li><strong>Planifica tus actividades:<\/strong> Algunas atracciones pueden tener horarios reducidos durante la temporada baja, as\u00ed que aseg\u00farate de verificar los horarios de apertura antes de tu visita.<\/li>\n<li><strong>Reserva con antelaci\u00f3n:<\/strong> Aunque hay menos turistas, sigue siendo una buena idea reservar alojamiento y actividades con antelaci\u00f3n para asegurar disponibilidad.<\/li>\n<\/ul>\n<h2>Una Experiencia \u00danica Te Espera<\/h2>\n<p>Visitar Vilanova i la Geltr\u00fa durante la temporada baja te ofrece la oportunidad de experimentar la ciudad de una manera \u00fanica. Con menos multitudes, precios m\u00e1s bajos y una atm\u00f3sfera tranquila, puedes descubrir la verdadera esencia de esta encantadora ciudad catalana. As\u00ed que, \u00bfpor qu\u00e9 no considerar una visita fuera de temporada para tu pr\u00f3ximo viaje?<\/p>\n","protected":false},"excerpt":{"rendered":"<p>Conocida por su rica historia, hermosas playas y vibrante vida cultural, Vilanova i la Geltr\u00fa es un destino de ensue\u00f1o para muchos viajeros. Sin embargo, hay un secreto que los viajeros experimentados conocen bien: visitar durante la temporada baja puede enriquecer tu experiencia de maneras inesperadas. El Encanto de la Temporada Baja La temporada baja, [&hellip;]<\/p>\n","protected":false},"author":2,"featured_media":6224,"comment_status":"closed","ping_status":"closed","sticky":false,"template":"","format":"standard","meta":{"_acf_changed":false,"footnotes":""},"categories":[79],"tags":[],"class_list":["post-6223","post","type-post","status-publish","format-standard","has-post-thumbnail","hentry","category-blog"],"acf":[],"yoast_head":"<!-- This site is optimized with the Yoast SEO plugin v27.5 - https:\/\/yoast.com\/product\/yoast-seo-wordpress\/ -->\n<title>Descubriendo Vilanova i la Geltr\u00fa en Temporada Baja | Atenea Park Suites - Apartaments<\/title>\n<meta name=\"description\" content=\"Descubre la gran historia, playas impresionantes y vibrante cultura de Vilanova i la Geltr\u00fa en temporada baja. \u00a1Planifica tu aventura hoy!\" \/>\n<meta name=\"robots\" content=\"index, follow, max-snippet:-1, max-image-preview:large, max-video-preview:-1\" \/>\n<link rel=\"canonical\" href=\"https:\/\/www.ateneapark.com\/es\/descubriendo-vilanova-i-la-geltru-en-temporada-baja\" \/>\n<meta property=\"og:locale\" content=\"es_ES\" \/>\n<meta property=\"og:type\" content=\"article\" \/>\n<meta property=\"og:title\" content=\"Descubriendo Vilanova i la Geltr\u00fa en Temporada Baja | Atenea Park Suites - Apartaments\" \/>\n<meta property=\"og:description\" content=\"Descubre la gran historia, playas impresionantes y vibrante cultura de Vilanova i la Geltr\u00fa en temporada baja. \u00a1Planifica tu aventura hoy!\" \/>\n<meta property=\"og:url\" content=\"https:\/\/www.ateneapark.com\/es\/descubriendo-vilanova-i-la-geltru-en-temporada-baja\" \/>\n<meta property=\"og:site_name\" content=\"Atenea Park Suites - Apartaments\" \/>\n<meta property=\"article:published_time\" content=\"2023-07-20T09:57:48+00:00\" \/>\n<meta property=\"article:modified_time\" content=\"2026-03-05T09:07:09+00:00\" \/>\n<meta property=\"og:image\" content=\"https:\/\/www.ateneapark.com\/wp-content\/uploads\/2023\/07\/dsagddsh.png\" \/>\n\t<meta property=\"og:image:width\" content=\"741\" \/>\n\t<meta property=\"og:image:height\" content=\"404\" \/>\n\t<meta property=\"og:image:type\" content=\"image\/png\" \/>\n<meta name=\"author\" content=\"Atenea\" \/>\n<meta name=\"twitter:card\" content=\"summary_large_image\" \/>\n<meta name=\"twitter:label1\" content=\"Escrito por\" \/>\n\t<meta name=\"twitter:data1\" content=\"Atenea\" \/>\n\t<meta name=\"twitter:label2\" content=\"Tiempo de lectura\" \/>\n\t<meta name=\"twitter:data2\" content=\"3 minutos\" \/>\n<script type=\"application\/ld+json\" class=\"yoast-schema-graph\">{\"@context\":\"https:\\\/\\\/schema.org\",\"@graph\":[{\"@type\":\"Article\",\"@id\":\"https:\\\/\\\/www.ateneapark.com\\\/es\\\/descubriendo-vilanova-i-la-geltru-en-temporada-baja#article\",\"isPartOf\":{\"@id\":\"https:\\\/\\\/www.ateneapark.com\\\/es\\\/descubriendo-vilanova-i-la-geltru-en-temporada-baja\"},\"author\":{\"name\":\"Atenea\",\"@id\":\"https:\\\/\\\/www.ateneapark.com\\\/es\\\/#\\\/schema\\\/person\\\/cc3769cd0cf3b47d29694fe04258346f\"},\"headline\":\"Descubriendo Vilanova i la Geltr\u00fa en Temporada Baja\",\"datePublished\":\"2023-07-20T09:57:48+00:00\",\"dateModified\":\"2026-03-05T09:07:09+00:00\",\"mainEntityOfPage\":{\"@id\":\"https:\\\/\\\/www.ateneapark.com\\\/es\\\/descubriendo-vilanova-i-la-geltru-en-temporada-baja\"},\"wordCount\":591,\"publisher\":{\"@id\":\"https:\\\/\\\/www.ateneapark.com\\\/es\\\/#organization\"},\"image\":{\"@id\":\"https:\\\/\\\/www.ateneapark.com\\\/es\\\/descubriendo-vilanova-i-la-geltru-en-temporada-baja#primaryimage\"},\"thumbnailUrl\":\"https:\\\/\\\/www.ateneapark.com\\\/wp-content\\\/uploads\\\/2023\\\/07\\\/dsagddsh.png\",\"articleSection\":[\"blog\"],\"inLanguage\":\"es\"},{\"@type\":\"WebPage\",\"@id\":\"https:\\\/\\\/www.ateneapark.com\\\/es\\\/descubriendo-vilanova-i-la-geltru-en-temporada-baja\",\"url\":\"https:\\\/\\\/www.ateneapark.com\\\/es\\\/descubriendo-vilanova-i-la-geltru-en-temporada-baja\",\"name\":\"Descubriendo Vilanova i la Geltr\u00fa en Temporada Baja | Atenea Park Suites - Apartaments\",\"isPartOf\":{\"@id\":\"https:\\\/\\\/www.ateneapark.com\\\/es\\\/#website\"},\"primaryImageOfPage\":{\"@id\":\"https:\\\/\\\/www.ateneapark.com\\\/es\\\/descubriendo-vilanova-i-la-geltru-en-temporada-baja#primaryimage\"},\"image\":{\"@id\":\"https:\\\/\\\/www.ateneapark.com\\\/es\\\/descubriendo-vilanova-i-la-geltru-en-temporada-baja#primaryimage\"},\"thumbnailUrl\":\"https:\\\/\\\/www.ateneapark.com\\\/wp-content\\\/uploads\\\/2023\\\/07\\\/dsagddsh.png\",\"datePublished\":\"2023-07-20T09:57:48+00:00\",\"dateModified\":\"2026-03-05T09:07:09+00:00\",\"description\":\"Descubre la gran historia, playas impresionantes y vibrante cultura de Vilanova i la Geltr\u00fa en temporada baja. \u00a1Planifica tu aventura hoy!\",\"breadcrumb\":{\"@id\":\"https:\\\/\\\/www.ateneapark.com\\\/es\\\/descubriendo-vilanova-i-la-geltru-en-temporada-baja#breadcrumb\"},\"inLanguage\":\"es\",\"potentialAction\":[{\"@type\":\"ReadAction\",\"target\":[\"https:\\\/\\\/www.ateneapark.com\\\/es\\\/descubriendo-vilanova-i-la-geltru-en-temporada-baja\"]}]},{\"@type\":\"ImageObject\",\"inLanguage\":\"es\",\"@id\":\"https:\\\/\\\/www.ateneapark.com\\\/es\\\/descubriendo-vilanova-i-la-geltru-en-temporada-baja#primaryimage\",\"url\":\"https:\\\/\\\/www.ateneapark.com\\\/wp-content\\\/uploads\\\/2023\\\/07\\\/dsagddsh.png\",\"contentUrl\":\"https:\\\/\\\/www.ateneapark.com\\\/wp-content\\\/uploads\\\/2023\\\/07\\\/dsagddsh.png\",\"width\":741,\"height\":404,\"caption\":\"paseo vilanova i la geltru\"},{\"@type\":\"BreadcrumbList\",\"@id\":\"https:\\\/\\\/www.ateneapark.com\\\/es\\\/descubriendo-vilanova-i-la-geltru-en-temporada-baja#breadcrumb\",\"itemListElement\":[{\"@type\":\"ListItem\",\"position\":1,\"name\":\"Home\",\"item\":\"https:\\\/\\\/www.ateneapark.com\\\/es\"},{\"@type\":\"ListItem\",\"position\":2,\"name\":\"Descubriendo Vilanova i la Geltr\u00fa en Temporada Baja\"}]},{\"@type\":\"WebSite\",\"@id\":\"https:\\\/\\\/www.ateneapark.com\\\/es\\\/#website\",\"url\":\"https:\\\/\\\/www.ateneapark.com\\\/es\\\/\",\"name\":\"Atenea Park Suites - Apartaments\",\"description\":\"Atenea Park est\u00e1 situado en Vilanova i la Geltr\u00fa, poblaci\u00f3n muy pr\u00f3xima a Sitges. Precio m\u00ednimo garantizado.\",\"publisher\":{\"@id\":\"https:\\\/\\\/www.ateneapark.com\\\/es\\\/#organization\"},\"potentialAction\":[{\"@type\":\"SearchAction\",\"target\":{\"@type\":\"EntryPoint\",\"urlTemplate\":\"https:\\\/\\\/www.ateneapark.com\\\/es\\\/?s={search_term_string}\"},\"query-input\":{\"@type\":\"PropertyValueSpecification\",\"valueRequired\":true,\"valueName\":\"search_term_string\"}}],\"inLanguage\":\"es\"},{\"@type\":\"Organization\",\"@id\":\"https:\\\/\\\/www.ateneapark.com\\\/es\\\/#organization\",\"name\":\"Sanoimels, S.L\",\"url\":\"https:\\\/\\\/www.ateneapark.com\\\/es\\\/\",\"logo\":{\"@type\":\"ImageObject\",\"inLanguage\":\"es\",\"@id\":\"https:\\\/\\\/www.ateneapark.com\\\/es\\\/#\\\/schema\\\/logo\\\/image\\\/\",\"url\":\"https:\\\/\\\/www.ateneapark.com\\\/wp-content\\\/uploads\\\/2022\\\/02\\\/3.2-galeria.jpg\",\"contentUrl\":\"https:\\\/\\\/www.ateneapark.com\\\/wp-content\\\/uploads\\\/2022\\\/02\\\/3.2-galeria.jpg\",\"width\":1124,\"height\":750,\"caption\":\"Sanoimels, S.L\"},\"image\":{\"@id\":\"https:\\\/\\\/www.ateneapark.com\\\/es\\\/#\\\/schema\\\/logo\\\/image\\\/\"}},{\"@type\":\"Person\",\"@id\":\"https:\\\/\\\/www.ateneapark.com\\\/es\\\/#\\\/schema\\\/person\\\/cc3769cd0cf3b47d29694fe04258346f\",\"name\":\"Atenea\"}]}<\/script>\n<!-- \/ Yoast SEO plugin. -->","yoast_head_json":{"title":"Descubriendo Vilanova i la Geltr\u00fa en Temporada Baja | Atenea Park Suites - Apartaments","description":"Descubre la gran historia, playas impresionantes y vibrante cultura de Vilanova i la Geltr\u00fa en temporada baja. \u00a1Planifica tu aventura hoy!","robots":{"index":"index","follow":"follow","max-snippet":"max-snippet:-1","max-image-preview":"max-image-preview:large","max-video-preview":"max-video-preview:-1"},"canonical":"https:\/\/www.ateneapark.com\/es\/descubriendo-vilanova-i-la-geltru-en-temporada-baja","og_locale":"es_ES","og_type":"article","og_title":"Descubriendo Vilanova i la Geltr\u00fa en Temporada Baja | Atenea Park Suites - Apartaments","og_description":"Descubre la gran historia, playas impresionantes y vibrante cultura de Vilanova i la Geltr\u00fa en temporada baja. \u00a1Planifica tu aventura hoy!","og_url":"https:\/\/www.ateneapark.com\/es\/descubriendo-vilanova-i-la-geltru-en-temporada-baja","og_site_name":"Atenea Park Suites - Apartaments","article_published_time":"2023-07-20T09:57:48+00:00","article_modified_time":"2026-03-05T09:07:09+00:00","og_image":[{"width":741,"height":404,"url":"https:\/\/www.ateneapark.com\/wp-content\/uploads\/2023\/07\/dsagddsh.png","type":"image\/png"}],"author":"Atenea","twitter_card":"summary_large_image","twitter_misc":{"Escrito por":"Atenea","Tiempo de lectura":"3 minutos"},"schema":{"@context":"https:\/\/schema.org","@graph":[{"@type":"Article","@id":"https:\/\/www.ateneapark.com\/es\/descubriendo-vilanova-i-la-geltru-en-temporada-baja#article","isPartOf":{"@id":"https:\/\/www.ateneapark.com\/es\/descubriendo-vilanova-i-la-geltru-en-temporada-baja"},"author":{"name":"Atenea","@id":"https:\/\/www.ateneapark.com\/es\/#\/schema\/person\/cc3769cd0cf3b47d29694fe04258346f"},"headline":"Descubriendo Vilanova i la Geltr\u00fa en Temporada Baja","datePublished":"2023-07-20T09:57:48+00:00","dateModified":"2026-03-05T09:07:09+00:00","mainEntityOfPage":{"@id":"https:\/\/www.ateneapark.com\/es\/descubriendo-vilanova-i-la-geltru-en-temporada-baja"},"wordCount":591,"publisher":{"@id":"https:\/\/www.ateneapark.com\/es\/#organization"},"image":{"@id":"https:\/\/www.ateneapark.com\/es\/descubriendo-vilanova-i-la-geltru-en-temporada-baja#primaryimage"},"thumbnailUrl":"https:\/\/www.ateneapark.com\/wp-content\/uploads\/2023\/07\/dsagddsh.png","articleSection":["blog"],"inLanguage":"es"},{"@type":"WebPage","@id":"https:\/\/www.ateneapark.com\/es\/descubriendo-vilanova-i-la-geltru-en-temporada-baja","url":"https:\/\/www.ateneapark.com\/es\/descubriendo-vilanova-i-la-geltru-en-temporada-baja","name":"Descubriendo Vilanova i la Geltr\u00fa en Temporada Baja | Atenea Park Suites - Apartaments","isPartOf":{"@id":"https:\/\/www.ateneapark.com\/es\/#website"},"primaryImageOfPage":{"@id":"https:\/\/www.ateneapark.com\/es\/descubriendo-vilanova-i-la-geltru-en-temporada-baja#primaryimage"},"image":{"@id":"https:\/\/www.ateneapark.com\/es\/descubriendo-vilanova-i-la-geltru-en-temporada-baja#primaryimage"},"thumbnailUrl":"https:\/\/www.ateneapark.com\/wp-content\/uploads\/2023\/07\/dsagddsh.png","datePublished":"2023-07-20T09:57:48+00:00","dateModified":"2026-03-05T09:07:09+00:00","description":"Descubre la gran historia, playas impresionantes y vibrante cultura de Vilanova i la Geltr\u00fa en temporada baja. \u00a1Planifica tu aventura hoy!","breadcrumb":{"@id":"https:\/\/www.ateneapark.com\/es\/descubriendo-vilanova-i-la-geltru-en-temporada-baja#breadcrumb"},"inLanguage":"es","potentialAction":[{"@type":"ReadAction","target":["https:\/\/www.ateneapark.com\/es\/descubriendo-vilanova-i-la-geltru-en-temporada-baja"]}]},{"@type":"ImageObject","inLanguage":"es","@id":"https:\/\/www.ateneapark.com\/es\/descubriendo-vilanova-i-la-geltru-en-temporada-baja#primaryimage","url":"https:\/\/www.ateneapark.com\/wp-content\/uploads\/2023\/07\/dsagddsh.png","contentUrl":"https:\/\/www.ateneapark.com\/wp-content\/uploads\/2023\/07\/dsagddsh.png","width":741,"height":404,"caption":"paseo vilanova i la geltru"},{"@type":"BreadcrumbList","@id":"https:\/\/www.ateneapark.com\/es\/descubriendo-vilanova-i-la-geltru-en-temporada-baja#breadcrumb","itemListElement":[{"@type":"ListItem","position":1,"name":"Home","item":"https:\/\/www.ateneapark.com\/es"},{"@type":"ListItem","position":2,"name":"Descubriendo Vilanova i la Geltr\u00fa en Temporada Baja"}]},{"@type":"WebSite","@id":"https:\/\/www.ateneapark.com\/es\/#website","url":"https:\/\/www.ateneapark.com\/es\/","name":"Atenea Park Suites - Apartaments","description":"Atenea Park est\u00e1 situado en Vilanova i la Geltr\u00fa, poblaci\u00f3n muy pr\u00f3xima a Sitges. Precio m\u00ednimo garantizado.","publisher":{"@id":"https:\/\/www.ateneapark.com\/es\/#organization"},"potentialAction":[{"@type":"SearchAction","target":{"@type":"EntryPoint","urlTemplate":"https:\/\/www.ateneapark.com\/es\/?s={search_term_string}"},"query-input":{"@type":"PropertyValueSpecification","valueRequired":true,"valueName":"search_term_string"}}],"inLanguage":"es"},{"@type":"Organization","@id":"https:\/\/www.ateneapark.com\/es\/#organization","name":"Sanoimels, S.L","url":"https:\/\/www.ateneapark.com\/es\/","logo":{"@type":"ImageObject","inLanguage":"es","@id":"https:\/\/www.ateneapark.com\/es\/#\/schema\/logo\/image\/","url":"https:\/\/www.ateneapark.com\/wp-content\/uploads\/2022\/02\/3.2-galeria.jpg","contentUrl":"https:\/\/www.ateneapark.com\/wp-content\/uploads\/2022\/02\/3.2-galeria.jpg","width":1124,"height":750,"caption":"Sanoimels, S.L"},"image":{"@id":"https:\/\/www.ateneapark.com\/es\/#\/schema\/logo\/image\/"}},{"@type":"Person","@id":"https:\/\/www.ateneapark.com\/es\/#\/schema\/person\/cc3769cd0cf3b47d29694fe04258346f","name":"Atenea"}]}},"_links":{"self":[{"href":"https:\/\/www.ateneapark.com\/es\/wp-json\/wp\/v2\/posts\/6223","targetHints":{"allow":["GET"]}}],"collection":[{"href":"https:\/\/www.ateneapark.com\/es\/wp-json\/wp\/v2\/posts"}],"about":[{"href":"https:\/\/www.ateneapark.com\/es\/wp-json\/wp\/v2\/types\/post"}],"author":[{"embeddable":true,"href":"https:\/\/www.ateneapark.com\/es\/wp-json\/wp\/v2\/users\/2"}],"replies":[{"embeddable":true,"href":"https:\/\/www.ateneapark.com\/es\/wp-json\/wp\/v2\/comments?post=6223"}],"version-history":[{"count":3,"href":"https:\/\/www.ateneapark.com\/es\/wp-json\/wp\/v2\/posts\/6223\/revisions"}],"predecessor-version":[{"id":7155,"href":"https:\/\/www.ateneapark.com\/es\/wp-json\/wp\/v2\/posts\/6223\/revisions\/7155"}],"wp:featuredmedia":[{"embeddable":true,"href":"https:\/\/www.ateneapark.com\/es\/wp-json\/wp\/v2\/media\/6224"}],"wp:attachment":[{"href":"https:\/\/www.ateneapark.com\/es\/wp-json\/wp\/v2\/media?parent=6223"}],"wp:term":[{"taxonomy":"category","embeddable":true,"href":"https:\/\/www.ateneapark.com\/es\/wp-json\/wp\/v2\/categories?post=6223"},{"taxonomy":"post_tag","embeddable":true,"href":"https:\/\/www.ateneapark.com\/es\/wp-json\/wp\/v2\/tags?post=6223"}],"curies":[{"name":"wp","href":"https:\/\/api.w.org\/{rel}","templated":true}]}}