{"id":7045,"date":"2025-10-31T12:18:47","date_gmt":"2025-10-31T11:18:47","guid":{"rendered":"https:\/\/www.ateneapark.com\/?p=7045"},"modified":"2025-10-31T12:18:49","modified_gmt":"2025-10-31T11:18:49","slug":"history-of-vilanova-i-la-geltru-roots-evolution-and-legacy","status":"publish","type":"post","link":"https:\/\/www.ateneapark.com\/en\/history-of-vilanova-i-la-geltru-roots-evolution-and-legacy","title":{"rendered":"History of Vilanova i la Geltr\u00fa: roots, evolution, and legacy"},"content":{"rendered":"<p>The history of Vilanova i la Geltr\u00fa is not just a local tale: it is a narrative that blends <strong>identity, progress, and collective memory<\/strong>. To help your mind grasp it easily, I\u2019ll guide you through a clear timeline with key facts, cultural surprises, and strong links to the present. You\u2019ll see how the past pulses through every street, square, and building of this Catalan coastal city.<\/p>\n<h2>Coming soon we will explore:<\/h2>\n<ul>\n<li>evolution of Vilanova<\/li>\n<li>heritage of la Geltr\u00fa<\/li>\n<li>historical roots of Vilanova<\/li>\n<li>Vilanov\u00ed cultural legacy<\/li>\n<li>medieval origins of Geltr\u00fa<\/li>\n<\/ul>\n<h2>Historical introduction: before the modern town<\/h2>\n<p>Before \u201cVilanova\u201d existed as such, the area already hosted ancient settlements. In the Garraf region, more than eleven Iberian sites have been documented, including that of la Geltr\u00fa. These Iberian communities maintained maritime trade: they exported ceramics from their port to other parts of the Mediterranean. Later, during Roman times, settlement structures followed the Mediterranean urban pattern. Thus, the human foundations of the territory existed long before the city we know today emerged.<\/p>\n<h3>Ancient Geltr\u00fa: the original nucleus<\/h3>\n<p>Geltr\u00fa is documented in medieval times as a center of power, linked to the bishopric of Barcelona in some periods. Beside it, the maritime area and lowlands connected to Cubelles offered space to expand when Geltr\u00fa\u2019s land became limited. In that context, \u201cVila Nova de Cubelles\u201d arose, which would later become the embryo of the modern part of the city.<\/p>\n<h2>The formal foundation and the Middle Ages of the town<\/h2>\n<p>The simultaneous existence of two nuclei (Geltr\u00fa and Vila Nova) led to a gradual merger. In 1274, King James I granted the <strong>Charter of Settlement<\/strong> to Vila Nova de Cubelles, formalizing its establishment and autonomy. Over time, both nuclei intertwined, joining their destinies. During the Middle Ages, maritime and agricultural activity consolidated an emerging economic fabric, while local elites built castles and churches to assert their territorial power.<\/p>\n<h3>Legends and the founding myth<\/h3>\n<p>A popular legend claims that inhabitants of Geltr\u00fa fled the impositions of the feudal lord \u2014such as the right of the first night\u2014 and established a new village near the sea, \u201cVila Nova.\u201d Although the legend lacks firm documentary evidence, it fulfills a powerful symbolic function: cultivating a sense of rebellion, freedom, and distinction against feudal power. That mythological resonance strengthens the emotional acceptance of the local story.<\/p>\n<h2>Advancing toward the Modern Age: trade and transformation<\/h2>\n<p>From the 16th to the 18th centuries, Vilanova i la Geltr\u00fa strengthened its position thanks to <strong>maritime trade<\/strong>, port activity, and growing connections with Atlantic routes. When Charles III authorized trade with America, many \u201cindiano\u201d fortunes invested in the city marked an economic and architectural leap. Wealthy merchants built stately homes, romantic gardens, mansions, and cultural institutions that today form part of the local heritage. In this phase, Vilanova became a mirror of widespread colonial splendor: a modern identity built on overseas connections.<\/p>\n<h3>The indiano legacy<\/h3>\n<p>The \u201cindiano\u201d phenomenon (fortunes brought back from the Americas) left its mark on mansions, streets, and local pride. But it also carries a shadow: part of that wealth came from the slave trade \u2014a chapter that the city now reclaims as critical memory and learning. That tension between cultural pride and historical responsibility strengthens the cognitive acceptance of the narrative: we acknowledge the beautiful and the dark, and that humanizes the story.<\/p>\n<h2>19th century: industrialization, railway, and urban expansion<\/h2>\n<p>The 19th century represents a decisive turning point. Vilanova i la Geltr\u00fa began an industrialization process that transformed its socioeconomic fabric. Among the emerging industries, textiles stood out as a driver of employment and local innovation. Between 1882 and 1884, the railway line connecting the city to Barcelona and other key points was inaugurated, boosting the transport of goods and people. Improved accessibility allowed sustained population growth and the expansion of new neighborhoods, linking the maritime and urban areas.<\/p>\n<h3>Local figures and noble architecture<\/h3>\n<p>Among the prominent figures is Josep Tom\u00e0s Ventosa Soler, promoter of urban transformation and benefactor of public spaces. Likewise, mansions such as Casa Cabanyes or Casa Sam\u00e0 display the \u201cindiano\u201d modernist style, with romantic gardens and ornate decorative elements. This architecture not only beautifies the city but also conveys a symbolic message of progress, prestige, and local legitimacy.<\/p>\n<h2>20th century: conflicts, recovery, and tourism<\/h2>\n<p>The 20th century unfolded as a period of challenges and resilience for Vilanova i la Geltr\u00fa. During the Spanish Civil War (1936\u20131939), the city suffered bombings that damaged key infrastructure such as the port and the station. The local economy \u2014especially the textile industry\u2014 faced shutdowns, shortages, and forced emigrations. But after the conflict, a slow reconstruction process began. From the 1950s onward, economic diversification, service growth, and a new focus on coastal tourism once again transformed the city. In 1974, the Marina was built, consolidating Vilanova\u2019s bond with the sea as a banner of nautical tourism. Today, industrial legacy coexists with leisure culture, architectural heritage, and a city that looks toward the future.<\/p>\n<h3>Cultural heritage and museums<\/h3>\n<p>Among its landmarks are the V\u00edctor Balaguer Library-Museum, with collections of art, archaeology, and literature. The Vilanova i la Geltr\u00fa Railway Museum also houses one of the most important steam collections in the world. The old town, hermitages, churches, and mansions survive as living memory nodes, integrated into cultural routes. The Vilanova Carnival \u2014with traditions such as the \u201cmerengada\u201d\u2014 and other popular festivities reinforce the community spirit.<\/p>\n<h2>Vilanova i la Geltr\u00fa today: living identity and future projects<\/h2>\n<p>Today, Vilanova i la Geltr\u00fa is the capital of the Garraf region, with a population close to <strong>66,000 inhabitants<\/strong>. It is located 40 km southwest of Barcelona and combines its coastal nature with a modern, well-connected infrastructure. Its architectural identity \u2014a blend of medieval, modernist, colonial, and innovative styles\u2014 creates a rich and diverse urban landscape. The city also focuses on urban sustainability, smart mobility, and heritage preservation as engines of local life and cultural tourism.<\/p>\n<h3>Main urban and cultural milestones<\/h3>\n<ul>\n<li>Restoration of the old town and architectural rehabilitation.<\/li>\n<li>Improvement of the railway network and fast connections with Barcelona.<\/li>\n<li>Sustainable mobility projects and emission reduction.<\/li>\n<li>Promotion of cultural, heritage, and nautical tourism.<\/li>\n<li>Historical memory programs and recognition of intangible heritage.<\/li>\n<\/ul>\n<p>The story of <strong>Vilanova i la Geltr\u00fa\u2019s history<\/strong> serves as a bridge between generations: it evokes deep roots, includes both light and shadow, and allows us to understand the present more clearly. Thanks to that emotional and cognitive connection, the city is not a passive museum but a living organism that vibrates with its past and nourishes its future.<\/p>\n<p><strong>To live, to know, and to admire: memory, identity, and return<\/strong><\/p>\n","protected":false},"excerpt":{"rendered":"<p>The history of Vilanova i la Geltr\u00fa is not just a local tale: it is a narrative that blends identity, progress, and collective memory. To help your mind grasp it easily, I\u2019ll guide you through a clear timeline with key facts, cultural surprises, and strong links to the present. You\u2019ll see how the past pulses [&hellip;]<\/p>\n","protected":false},"author":2,"featured_media":7042,"comment_status":"closed","ping_status":"closed","sticky":false,"template":"","format":"standard","meta":{"_acf_changed":false,"footnotes":""},"categories":[81],"tags":[],"class_list":["post-7045","post","type-post","status-publish","format-standard","has-post-thumbnail","hentry","category-blog-en"],"acf":[],"yoast_head":"<!-- This site is optimized with the Yoast SEO plugin v27.4 - https:\/\/yoast.com\/product\/yoast-seo-wordpress\/ -->\n<title>History of Vilanova i la Geltr\u00fa: roots, evolution, and legacy | Atenea Park Suites - Apartaments<\/title>\n<meta name=\"description\" content=\"Discover the living history of Vilanova i la Geltr\u00fa: identity, heritage and cultural legacy. \ud83c\udf0a\u2728 Explore its past and feel its essence today!\" \/>\n<meta name=\"robots\" content=\"index, follow, max-snippet:-1, max-image-preview:large, max-video-preview:-1\" \/>\n<link rel=\"canonical\" href=\"https:\/\/www.ateneapark.com\/en\/history-of-vilanova-i-la-geltru-roots-evolution-and-legacy\" \/>\n<meta property=\"og:locale\" content=\"en_US\" \/>\n<meta property=\"og:type\" content=\"article\" \/>\n<meta property=\"og:title\" content=\"History of Vilanova i la Geltr\u00fa: roots, evolution, and legacy | Atenea Park Suites - Apartaments\" \/>\n<meta property=\"og:description\" content=\"Discover the living history of Vilanova i la Geltr\u00fa: identity, heritage and cultural legacy. \ud83c\udf0a\u2728 Explore its past and feel its essence today!\" \/>\n<meta property=\"og:url\" content=\"https:\/\/www.ateneapark.com\/en\/history-of-vilanova-i-la-geltru-roots-evolution-and-legacy\" \/>\n<meta property=\"og:site_name\" content=\"Atenea Park Suites - Apartaments\" \/>\n<meta property=\"article:published_time\" content=\"2025-10-31T11:18:47+00:00\" \/>\n<meta property=\"article:modified_time\" content=\"2025-10-31T11:18:49+00:00\" \/>\n<meta property=\"og:image\" content=\"https:\/\/www.ateneapark.com\/wp-content\/uploads\/2025\/10\/Seedream-4-2025-10-31-scaled.jpeg\" \/>\n\t<meta property=\"og:image:width\" content=\"2560\" \/>\n\t<meta property=\"og:image:height\" content=\"1340\" \/>\n\t<meta property=\"og:image:type\" content=\"image\/jpeg\" \/>\n<meta name=\"author\" content=\"Atenea\" \/>\n<meta name=\"twitter:card\" content=\"summary_large_image\" \/>\n<meta name=\"twitter:label1\" content=\"Written by\" \/>\n\t<meta name=\"twitter:data1\" content=\"Atenea\" \/>\n\t<meta name=\"twitter:label2\" content=\"Est. reading time\" \/>\n\t<meta name=\"twitter:data2\" content=\"6 minutes\" \/>\n<script type=\"application\/ld+json\" class=\"yoast-schema-graph\">{\"@context\":\"https:\\\/\\\/schema.org\",\"@graph\":[{\"@type\":\"Article\",\"@id\":\"https:\\\/\\\/www.ateneapark.com\\\/en\\\/history-of-vilanova-i-la-geltru-roots-evolution-and-legacy#article\",\"isPartOf\":{\"@id\":\"https:\\\/\\\/www.ateneapark.com\\\/en\\\/history-of-vilanova-i-la-geltru-roots-evolution-and-legacy\"},\"author\":{\"name\":\"Atenea\",\"@id\":\"https:\\\/\\\/www.ateneapark.com\\\/en#\\\/schema\\\/person\\\/cc3769cd0cf3b47d29694fe04258346f\"},\"headline\":\"History of Vilanova i la Geltr\u00fa: roots, evolution, and legacy\",\"datePublished\":\"2025-10-31T11:18:47+00:00\",\"dateModified\":\"2025-10-31T11:18:49+00:00\",\"mainEntityOfPage\":{\"@id\":\"https:\\\/\\\/www.ateneapark.com\\\/en\\\/history-of-vilanova-i-la-geltru-roots-evolution-and-legacy\"},\"wordCount\":1100,\"publisher\":{\"@id\":\"https:\\\/\\\/www.ateneapark.com\\\/en#organization\"},\"image\":{\"@id\":\"https:\\\/\\\/www.ateneapark.com\\\/en\\\/history-of-vilanova-i-la-geltru-roots-evolution-and-legacy#primaryimage\"},\"thumbnailUrl\":\"https:\\\/\\\/www.ateneapark.com\\\/wp-content\\\/uploads\\\/2025\\\/10\\\/Seedream-4-2025-10-31-scaled.jpeg\",\"articleSection\":[\"blog\"],\"inLanguage\":\"en-US\"},{\"@type\":\"WebPage\",\"@id\":\"https:\\\/\\\/www.ateneapark.com\\\/en\\\/history-of-vilanova-i-la-geltru-roots-evolution-and-legacy\",\"url\":\"https:\\\/\\\/www.ateneapark.com\\\/en\\\/history-of-vilanova-i-la-geltru-roots-evolution-and-legacy\",\"name\":\"History of Vilanova i la Geltr\u00fa: roots, evolution, and legacy | Atenea Park Suites - Apartaments\",\"isPartOf\":{\"@id\":\"https:\\\/\\\/www.ateneapark.com\\\/en#website\"},\"primaryImageOfPage\":{\"@id\":\"https:\\\/\\\/www.ateneapark.com\\\/en\\\/history-of-vilanova-i-la-geltru-roots-evolution-and-legacy#primaryimage\"},\"image\":{\"@id\":\"https:\\\/\\\/www.ateneapark.com\\\/en\\\/history-of-vilanova-i-la-geltru-roots-evolution-and-legacy#primaryimage\"},\"thumbnailUrl\":\"https:\\\/\\\/www.ateneapark.com\\\/wp-content\\\/uploads\\\/2025\\\/10\\\/Seedream-4-2025-10-31-scaled.jpeg\",\"datePublished\":\"2025-10-31T11:18:47+00:00\",\"dateModified\":\"2025-10-31T11:18:49+00:00\",\"description\":\"Discover the living history of Vilanova i la Geltr\u00fa: identity, heritage and cultural legacy. \ud83c\udf0a\u2728 Explore its past and feel its essence today!\",\"breadcrumb\":{\"@id\":\"https:\\\/\\\/www.ateneapark.com\\\/en\\\/history-of-vilanova-i-la-geltru-roots-evolution-and-legacy#breadcrumb\"},\"inLanguage\":\"en-US\",\"potentialAction\":[{\"@type\":\"ReadAction\",\"target\":[\"https:\\\/\\\/www.ateneapark.com\\\/en\\\/history-of-vilanova-i-la-geltru-roots-evolution-and-legacy\"]}]},{\"@type\":\"ImageObject\",\"inLanguage\":\"en-US\",\"@id\":\"https:\\\/\\\/www.ateneapark.com\\\/en\\\/history-of-vilanova-i-la-geltru-roots-evolution-and-legacy#primaryimage\",\"url\":\"https:\\\/\\\/www.ateneapark.com\\\/wp-content\\\/uploads\\\/2025\\\/10\\\/Seedream-4-2025-10-31-scaled.jpeg\",\"contentUrl\":\"https:\\\/\\\/www.ateneapark.com\\\/wp-content\\\/uploads\\\/2025\\\/10\\\/Seedream-4-2025-10-31-scaled.jpeg\",\"width\":2560,\"height\":1340,\"caption\":\"vilanova i la geltru siglo 19\"},{\"@type\":\"BreadcrumbList\",\"@id\":\"https:\\\/\\\/www.ateneapark.com\\\/en\\\/history-of-vilanova-i-la-geltru-roots-evolution-and-legacy#breadcrumb\",\"itemListElement\":[{\"@type\":\"ListItem\",\"position\":1,\"name\":\"Home\",\"item\":\"https:\\\/\\\/www.ateneapark.com\\\/en\"},{\"@type\":\"ListItem\",\"position\":2,\"name\":\"History of Vilanova i la Geltr\u00fa: roots, evolution, and legacy\"}]},{\"@type\":\"WebSite\",\"@id\":\"https:\\\/\\\/www.ateneapark.com\\\/en#website\",\"url\":\"https:\\\/\\\/www.ateneapark.com\\\/en\",\"name\":\"Atenea Park Suites - Apartaments\",\"description\":\"Atenea Park est\u00e1 situado en Vilanova i la Geltr\u00fa, poblaci\u00f3n muy pr\u00f3xima a Sitges. Precio m\u00ednimo garantizado.\",\"publisher\":{\"@id\":\"https:\\\/\\\/www.ateneapark.com\\\/en#organization\"},\"potentialAction\":[{\"@type\":\"SearchAction\",\"target\":{\"@type\":\"EntryPoint\",\"urlTemplate\":\"https:\\\/\\\/www.ateneapark.com\\\/en?s={search_term_string}\"},\"query-input\":{\"@type\":\"PropertyValueSpecification\",\"valueRequired\":true,\"valueName\":\"search_term_string\"}}],\"inLanguage\":\"en-US\"},{\"@type\":\"Organization\",\"@id\":\"https:\\\/\\\/www.ateneapark.com\\\/en#organization\",\"name\":\"Sanoimels, S.L\",\"url\":\"https:\\\/\\\/www.ateneapark.com\\\/en\",\"logo\":{\"@type\":\"ImageObject\",\"inLanguage\":\"en-US\",\"@id\":\"https:\\\/\\\/www.ateneapark.com\\\/en#\\\/schema\\\/logo\\\/image\\\/\",\"url\":\"https:\\\/\\\/www.ateneapark.com\\\/wp-content\\\/uploads\\\/2022\\\/02\\\/3.2-galeria.jpg\",\"contentUrl\":\"https:\\\/\\\/www.ateneapark.com\\\/wp-content\\\/uploads\\\/2022\\\/02\\\/3.2-galeria.jpg\",\"width\":1124,\"height\":750,\"caption\":\"Sanoimels, S.L\"},\"image\":{\"@id\":\"https:\\\/\\\/www.ateneapark.com\\\/en#\\\/schema\\\/logo\\\/image\\\/\"}},{\"@type\":\"Person\",\"@id\":\"https:\\\/\\\/www.ateneapark.com\\\/en#\\\/schema\\\/person\\\/cc3769cd0cf3b47d29694fe04258346f\",\"name\":\"Atenea\"}]}<\/script>\n<!-- \/ Yoast SEO plugin. -->","yoast_head_json":{"title":"History of Vilanova i la Geltr\u00fa: roots, evolution, and legacy | Atenea Park Suites - Apartaments","description":"Discover the living history of Vilanova i la Geltr\u00fa: identity, heritage and cultural legacy. \ud83c\udf0a\u2728 Explore its past and feel its essence today!","robots":{"index":"index","follow":"follow","max-snippet":"max-snippet:-1","max-image-preview":"max-image-preview:large","max-video-preview":"max-video-preview:-1"},"canonical":"https:\/\/www.ateneapark.com\/en\/history-of-vilanova-i-la-geltru-roots-evolution-and-legacy","og_locale":"en_US","og_type":"article","og_title":"History of Vilanova i la Geltr\u00fa: roots, evolution, and legacy | Atenea Park Suites - Apartaments","og_description":"Discover the living history of Vilanova i la Geltr\u00fa: identity, heritage and cultural legacy. \ud83c\udf0a\u2728 Explore its past and feel its essence today!","og_url":"https:\/\/www.ateneapark.com\/en\/history-of-vilanova-i-la-geltru-roots-evolution-and-legacy","og_site_name":"Atenea Park Suites - Apartaments","article_published_time":"2025-10-31T11:18:47+00:00","article_modified_time":"2025-10-31T11:18:49+00:00","og_image":[{"width":2560,"height":1340,"url":"https:\/\/www.ateneapark.com\/wp-content\/uploads\/2025\/10\/Seedream-4-2025-10-31-scaled.jpeg","type":"image\/jpeg"}],"author":"Atenea","twitter_card":"summary_large_image","twitter_misc":{"Written by":"Atenea","Est. reading time":"6 minutes"},"schema":{"@context":"https:\/\/schema.org","@graph":[{"@type":"Article","@id":"https:\/\/www.ateneapark.com\/en\/history-of-vilanova-i-la-geltru-roots-evolution-and-legacy#article","isPartOf":{"@id":"https:\/\/www.ateneapark.com\/en\/history-of-vilanova-i-la-geltru-roots-evolution-and-legacy"},"author":{"name":"Atenea","@id":"https:\/\/www.ateneapark.com\/en#\/schema\/person\/cc3769cd0cf3b47d29694fe04258346f"},"headline":"History of Vilanova i la Geltr\u00fa: roots, evolution, and legacy","datePublished":"2025-10-31T11:18:47+00:00","dateModified":"2025-10-31T11:18:49+00:00","mainEntityOfPage":{"@id":"https:\/\/www.ateneapark.com\/en\/history-of-vilanova-i-la-geltru-roots-evolution-and-legacy"},"wordCount":1100,"publisher":{"@id":"https:\/\/www.ateneapark.com\/en#organization"},"image":{"@id":"https:\/\/www.ateneapark.com\/en\/history-of-vilanova-i-la-geltru-roots-evolution-and-legacy#primaryimage"},"thumbnailUrl":"https:\/\/www.ateneapark.com\/wp-content\/uploads\/2025\/10\/Seedream-4-2025-10-31-scaled.jpeg","articleSection":["blog"],"inLanguage":"en-US"},{"@type":"WebPage","@id":"https:\/\/www.ateneapark.com\/en\/history-of-vilanova-i-la-geltru-roots-evolution-and-legacy","url":"https:\/\/www.ateneapark.com\/en\/history-of-vilanova-i-la-geltru-roots-evolution-and-legacy","name":"History of Vilanova i la Geltr\u00fa: roots, evolution, and legacy | Atenea Park Suites - Apartaments","isPartOf":{"@id":"https:\/\/www.ateneapark.com\/en#website"},"primaryImageOfPage":{"@id":"https:\/\/www.ateneapark.com\/en\/history-of-vilanova-i-la-geltru-roots-evolution-and-legacy#primaryimage"},"image":{"@id":"https:\/\/www.ateneapark.com\/en\/history-of-vilanova-i-la-geltru-roots-evolution-and-legacy#primaryimage"},"thumbnailUrl":"https:\/\/www.ateneapark.com\/wp-content\/uploads\/2025\/10\/Seedream-4-2025-10-31-scaled.jpeg","datePublished":"2025-10-31T11:18:47+00:00","dateModified":"2025-10-31T11:18:49+00:00","description":"Discover the living history of Vilanova i la Geltr\u00fa: identity, heritage and cultural legacy. \ud83c\udf0a\u2728 Explore its past and feel its essence today!","breadcrumb":{"@id":"https:\/\/www.ateneapark.com\/en\/history-of-vilanova-i-la-geltru-roots-evolution-and-legacy#breadcrumb"},"inLanguage":"en-US","potentialAction":[{"@type":"ReadAction","target":["https:\/\/www.ateneapark.com\/en\/history-of-vilanova-i-la-geltru-roots-evolution-and-legacy"]}]},{"@type":"ImageObject","inLanguage":"en-US","@id":"https:\/\/www.ateneapark.com\/en\/history-of-vilanova-i-la-geltru-roots-evolution-and-legacy#primaryimage","url":"https:\/\/www.ateneapark.com\/wp-content\/uploads\/2025\/10\/Seedream-4-2025-10-31-scaled.jpeg","contentUrl":"https:\/\/www.ateneapark.com\/wp-content\/uploads\/2025\/10\/Seedream-4-2025-10-31-scaled.jpeg","width":2560,"height":1340,"caption":"vilanova i la geltru siglo 19"},{"@type":"BreadcrumbList","@id":"https:\/\/www.ateneapark.com\/en\/history-of-vilanova-i-la-geltru-roots-evolution-and-legacy#breadcrumb","itemListElement":[{"@type":"ListItem","position":1,"name":"Home","item":"https:\/\/www.ateneapark.com\/en"},{"@type":"ListItem","position":2,"name":"History of Vilanova i la Geltr\u00fa: roots, evolution, and legacy"}]},{"@type":"WebSite","@id":"https:\/\/www.ateneapark.com\/en#website","url":"https:\/\/www.ateneapark.com\/en","name":"Atenea Park Suites - Apartaments","description":"Atenea Park est\u00e1 situado en Vilanova i la Geltr\u00fa, poblaci\u00f3n muy pr\u00f3xima a Sitges. Precio m\u00ednimo garantizado.","publisher":{"@id":"https:\/\/www.ateneapark.com\/en#organization"},"potentialAction":[{"@type":"SearchAction","target":{"@type":"EntryPoint","urlTemplate":"https:\/\/www.ateneapark.com\/en?s={search_term_string}"},"query-input":{"@type":"PropertyValueSpecification","valueRequired":true,"valueName":"search_term_string"}}],"inLanguage":"en-US"},{"@type":"Organization","@id":"https:\/\/www.ateneapark.com\/en#organization","name":"Sanoimels, S.L","url":"https:\/\/www.ateneapark.com\/en","logo":{"@type":"ImageObject","inLanguage":"en-US","@id":"https:\/\/www.ateneapark.com\/en#\/schema\/logo\/image\/","url":"https:\/\/www.ateneapark.com\/wp-content\/uploads\/2022\/02\/3.2-galeria.jpg","contentUrl":"https:\/\/www.ateneapark.com\/wp-content\/uploads\/2022\/02\/3.2-galeria.jpg","width":1124,"height":750,"caption":"Sanoimels, S.L"},"image":{"@id":"https:\/\/www.ateneapark.com\/en#\/schema\/logo\/image\/"}},{"@type":"Person","@id":"https:\/\/www.ateneapark.com\/en#\/schema\/person\/cc3769cd0cf3b47d29694fe04258346f","name":"Atenea"}]}},"_links":{"self":[{"href":"https:\/\/www.ateneapark.com\/en\/wp-json\/wp\/v2\/posts\/7045","targetHints":{"allow":["GET"]}}],"collection":[{"href":"https:\/\/www.ateneapark.com\/en\/wp-json\/wp\/v2\/posts"}],"about":[{"href":"https:\/\/www.ateneapark.com\/en\/wp-json\/wp\/v2\/types\/post"}],"author":[{"embeddable":true,"href":"https:\/\/www.ateneapark.com\/en\/wp-json\/wp\/v2\/users\/2"}],"replies":[{"embeddable":true,"href":"https:\/\/www.ateneapark.com\/en\/wp-json\/wp\/v2\/comments?post=7045"}],"version-history":[{"count":1,"href":"https:\/\/www.ateneapark.com\/en\/wp-json\/wp\/v2\/posts\/7045\/revisions"}],"predecessor-version":[{"id":7046,"href":"https:\/\/www.ateneapark.com\/en\/wp-json\/wp\/v2\/posts\/7045\/revisions\/7046"}],"wp:featuredmedia":[{"embeddable":true,"href":"https:\/\/www.ateneapark.com\/en\/wp-json\/wp\/v2\/media\/7042"}],"wp:attachment":[{"href":"https:\/\/www.ateneapark.com\/en\/wp-json\/wp\/v2\/media?parent=7045"}],"wp:term":[{"taxonomy":"category","embeddable":true,"href":"https:\/\/www.ateneapark.com\/en\/wp-json\/wp\/v2\/categories?post=7045"},{"taxonomy":"post_tag","embeddable":true,"href":"https:\/\/www.ateneapark.com\/en\/wp-json\/wp\/v2\/tags?post=7045"}],"curies":[{"name":"wp","href":"https:\/\/api.w.org\/{rel}","templated":true}]}}