{"id":6757,"date":"2024-04-18T09:21:37","date_gmt":"2024-04-18T07:21:37","guid":{"rendered":"https:\/\/www.ateneapark.com\/?p=6757"},"modified":"2024-04-18T14:15:37","modified_gmt":"2024-04-18T12:15:37","slug":"photogenic-corners-in-vilanova-i-la-geltru","status":"publish","type":"post","link":"https:\/\/www.ateneapark.com\/en\/photogenic-corners-in-vilanova-i-la-geltru","title":{"rendered":"Photogenic Corners in Vilanova i la Geltr\u00fa"},"content":{"rendered":"<h2>Introduction<\/h2>\n<p>Exploring the hidden beauty of Vilanova i la Geltr\u00fa, an ideal destination for photography enthusiasts, this charming municipality on the Costa Dorada reveals itself as a paradise for those seeking to capture unique moments. With its rich history, <a href=\"https:\/\/www.ateneapark.com\/en\/discover-the-architectural-richness-and-historical-legacy-of-vilanova-i-la-geltru\">stunning architecture<\/a> and vibrant landscapes, Vilanova i la Geltr\u00fa offers a range of fascinating settings waiting to be explored and photographed.<\/p>\n<h2>The Rambla of Vilanova: The Longest in Catalonia<\/h2>\n<p>The Main Rambla of Vilanova i la Geltr\u00fa, known for being the longest in Catalonia, is a hub of life and color. Its history dates back centuries, witnessing the growth and evolution of the city. The facades of the buildings, which blend modernist elements with more classic styles, offer a fascinating contrast for any photographer.<\/p>\n<p>This avenue is the nerve center of the town&#8217;s social and cultural life. Here, markets, festivals, and meetings are held that reflect the essence of the local community. Photographing the Rambla captures the living essence of Vilanova i la Geltr\u00fa, with its caf\u00e9s, shops, and the joy of its inhabitants.<\/p>\n<h2>Pla\u00e7a de la Vila: Witness to History and Culture in the Heart of Vilanova i la Geltr\u00fa<\/h2>\n<p>Pla\u00e7a de la Vila is not only the geographic center of the city but also its cultural and historical heart. Surrounded by buildings dating from the 19th century, the square reflects the rich past of Vilanova. Architectural details, from wrought balconies to ornate facades, are a visual delight.<\/p>\n<p>The square comes to life during the numerous cultural events held throughout the year. From music festivals to artisan markets, Pla\u00e7a de la Vila offers a vibrant and historical backdrop for any photographic composition.<\/p>\n<h2>Medieval Castle of la Geltr\u00fa<\/h2>\n<p>The Castle of la Geltr\u00fa, a majestic medieval fortress, transports us to a bygone era. Its structure, which has been carefully restored, provides a glimpse into the architecture and life of the Middle Ages. The towers, courtyard, and walls are ideal elements for photographs with a historical air.<\/p>\n<p>Exploring the castle is like taking a journey through time. Each corner tells a story, allowing photographers to capture the essence of medieval life from a modern perspective.<\/p>\n<h2>Elegance and Art at the Romantic Museum Can Papiol<\/h2>\n<p>The Romantic Museum Can Papiol is a tribute to Neoclassicism, with its elegantly decorated rooms and a garden that evokes times of yore. The interiors of the museum, with its period furniture and decor, are a perfect setting for photographs that capture the elegance of the 19th century.<\/p>\n<p>The romantic garden of the museum, with its paths, statues, and varied flora, offers a tranquil and beautiful setting, ideal for photographs seeking to capture the serenity and beauty of nature in a historical context.<\/p>\n<h2>The Cultural Legacy of Vilanova: V\u00edctor Balaguer Library Museum<\/h2>\n<p>The V\u00edctor Balaguer Library Museum is a treasure trove of art and literature. It houses artistic collections ranging from paintings to sculptures, providing an impressive visual impact. The architecture of the building, with its spacious rooms and classic decor, is the ideal backdrop for capturing the intersection of art and culture.<\/p>\n<p>The building itself, an architectural masterpiece, offers countless opportunities for photographs that enhance symmetry, elegance, and history. Every corner of the library tells a story, making it a living canvas for photographers.<\/p>\n<h2>Coastal Landscapes and Beach Life<\/h2>\n<p>The beaches of Vilanova i la Geltr\u00fa, with their crystal-clear waters and golden sands, are the epitome of Mediterranean beauty. Capturing the sunrise or sunset over the sea offers an unmatched visual spectacle, where the sky and water merge in a dance of colors.<\/p>\n<p>The beach bars, with their relaxed and authentic atmosphere, are the perfect setting to portray local life and beach culture. From fishermen mending their nets to families enjoying the sun, each image captures a slice of Mediterranean life.<\/p>\n<h2>Vilanova i la Geltr\u00fa, a Photogenic Place<\/h2>\n<p>Vilanova i la Geltr\u00fa, with its rich history, vibrant urban scenes, and tranquil beaches is a paradise for photographers. Every corner of the town offers a unique opportunity to capture the essence of Catalan life. We invite all photography enthusiasts to explore and discover the photogenic corners of this Mediterranean gem.<\/p>\n<p>Moreover, near Vilanova i la Geltr\u00fa, you can find various <a href=\"https:\/\/www.ateneapark.com\/en\/routes-and-excursions-near-vilanova-i-la-geltru\">natural treasures<\/a> for hikes and excursions.<\/p>\n","protected":false},"excerpt":{"rendered":"<p>Introduction Exploring the hidden beauty of Vilanova i la Geltr\u00fa, an ideal destination for photography enthusiasts, this charming municipality on the Costa Dorada reveals itself as a paradise for those seeking to capture unique moments. With its rich history, stunning architecture and vibrant landscapes, Vilanova i la Geltr\u00fa offers a range of fascinating settings waiting [&hellip;]<\/p>\n","protected":false},"author":2,"featured_media":6749,"comment_status":"closed","ping_status":"closed","sticky":false,"template":"","format":"standard","meta":{"_acf_changed":false,"footnotes":""},"categories":[63,81],"tags":[],"class_list":["post-6757","post","type-post","status-publish","format-standard","has-post-thumbnail","hentry","category-uncategorized","category-blog-en"],"acf":[],"yoast_head":"<!-- This site is optimized with the Yoast SEO plugin v27.4 - https:\/\/yoast.com\/product\/yoast-seo-wordpress\/ -->\n<title>Photogenic Corners in Vilanova i la Geltr\u00fa | Atenea Park Suites - Apartaments<\/title>\n<meta name=\"description\" content=\"Capture the essence of Vilanova i la Geltr\u00fa: from its architecture and serene beaches to cultural corners. A dream for photographers!\" \/>\n<meta name=\"robots\" content=\"index, follow, max-snippet:-1, max-image-preview:large, max-video-preview:-1\" \/>\n<link rel=\"canonical\" href=\"https:\/\/www.ateneapark.com\/en\/photogenic-corners-in-vilanova-i-la-geltru\" \/>\n<meta property=\"og:locale\" content=\"en_US\" \/>\n<meta property=\"og:type\" content=\"article\" \/>\n<meta property=\"og:title\" content=\"Photogenic Corners in Vilanova i la Geltr\u00fa | Atenea Park Suites - Apartaments\" \/>\n<meta property=\"og:description\" content=\"Capture the essence of Vilanova i la Geltr\u00fa: from its architecture and serene beaches to cultural corners. A dream for photographers!\" \/>\n<meta property=\"og:url\" content=\"https:\/\/www.ateneapark.com\/en\/photogenic-corners-in-vilanova-i-la-geltru\" \/>\n<meta property=\"og:site_name\" content=\"Atenea Park Suites - Apartaments\" \/>\n<meta property=\"article:published_time\" content=\"2024-04-18T07:21:37+00:00\" \/>\n<meta property=\"article:modified_time\" content=\"2024-04-18T12:15:37+00:00\" \/>\n<meta property=\"og:image\" content=\"https:\/\/www.ateneapark.com\/wp-content\/uploads\/2024\/04\/lugares-fotogenicos-rambla-vilanova.jpg\" \/>\n\t<meta property=\"og:image:width\" content=\"1024\" \/>\n\t<meta property=\"og:image:height\" content=\"701\" \/>\n\t<meta property=\"og:image:type\" content=\"image\/jpeg\" \/>\n<meta name=\"author\" content=\"Atenea\" \/>\n<meta name=\"twitter:card\" content=\"summary_large_image\" \/>\n<meta name=\"twitter:label1\" content=\"Written by\" \/>\n\t<meta name=\"twitter:data1\" content=\"Atenea\" \/>\n\t<meta name=\"twitter:label2\" content=\"Est. reading time\" \/>\n\t<meta name=\"twitter:data2\" content=\"4 minutes\" \/>\n<script type=\"application\/ld+json\" class=\"yoast-schema-graph\">{\"@context\":\"https:\\\/\\\/schema.org\",\"@graph\":[{\"@type\":\"Article\",\"@id\":\"https:\\\/\\\/www.ateneapark.com\\\/en\\\/photogenic-corners-in-vilanova-i-la-geltru#article\",\"isPartOf\":{\"@id\":\"https:\\\/\\\/www.ateneapark.com\\\/en\\\/photogenic-corners-in-vilanova-i-la-geltru\"},\"author\":{\"name\":\"Atenea\",\"@id\":\"https:\\\/\\\/www.ateneapark.com\\\/en#\\\/schema\\\/person\\\/cc3769cd0cf3b47d29694fe04258346f\"},\"headline\":\"Photogenic Corners in Vilanova i la Geltr\u00fa\",\"datePublished\":\"2024-04-18T07:21:37+00:00\",\"dateModified\":\"2024-04-18T12:15:37+00:00\",\"mainEntityOfPage\":{\"@id\":\"https:\\\/\\\/www.ateneapark.com\\\/en\\\/photogenic-corners-in-vilanova-i-la-geltru\"},\"wordCount\":712,\"publisher\":{\"@id\":\"https:\\\/\\\/www.ateneapark.com\\\/en#organization\"},\"image\":{\"@id\":\"https:\\\/\\\/www.ateneapark.com\\\/en\\\/photogenic-corners-in-vilanova-i-la-geltru#primaryimage\"},\"thumbnailUrl\":\"https:\\\/\\\/www.ateneapark.com\\\/wp-content\\\/uploads\\\/2024\\\/04\\\/lugares-fotogenicos-rambla-vilanova.jpg\",\"articleSection\":{\"1\":\"blog\"},\"inLanguage\":\"en-US\"},{\"@type\":\"WebPage\",\"@id\":\"https:\\\/\\\/www.ateneapark.com\\\/en\\\/photogenic-corners-in-vilanova-i-la-geltru\",\"url\":\"https:\\\/\\\/www.ateneapark.com\\\/en\\\/photogenic-corners-in-vilanova-i-la-geltru\",\"name\":\"Photogenic Corners in Vilanova i la Geltr\u00fa | Atenea Park Suites - Apartaments\",\"isPartOf\":{\"@id\":\"https:\\\/\\\/www.ateneapark.com\\\/en#website\"},\"primaryImageOfPage\":{\"@id\":\"https:\\\/\\\/www.ateneapark.com\\\/en\\\/photogenic-corners-in-vilanova-i-la-geltru#primaryimage\"},\"image\":{\"@id\":\"https:\\\/\\\/www.ateneapark.com\\\/en\\\/photogenic-corners-in-vilanova-i-la-geltru#primaryimage\"},\"thumbnailUrl\":\"https:\\\/\\\/www.ateneapark.com\\\/wp-content\\\/uploads\\\/2024\\\/04\\\/lugares-fotogenicos-rambla-vilanova.jpg\",\"datePublished\":\"2024-04-18T07:21:37+00:00\",\"dateModified\":\"2024-04-18T12:15:37+00:00\",\"description\":\"Capture the essence of Vilanova i la Geltr\u00fa: from its architecture and serene beaches to cultural corners. A dream for photographers!\",\"breadcrumb\":{\"@id\":\"https:\\\/\\\/www.ateneapark.com\\\/en\\\/photogenic-corners-in-vilanova-i-la-geltru#breadcrumb\"},\"inLanguage\":\"en-US\",\"potentialAction\":[{\"@type\":\"ReadAction\",\"target\":[\"https:\\\/\\\/www.ateneapark.com\\\/en\\\/photogenic-corners-in-vilanova-i-la-geltru\"]}]},{\"@type\":\"ImageObject\",\"inLanguage\":\"en-US\",\"@id\":\"https:\\\/\\\/www.ateneapark.com\\\/en\\\/photogenic-corners-in-vilanova-i-la-geltru#primaryimage\",\"url\":\"https:\\\/\\\/www.ateneapark.com\\\/wp-content\\\/uploads\\\/2024\\\/04\\\/lugares-fotogenicos-rambla-vilanova.jpg\",\"contentUrl\":\"https:\\\/\\\/www.ateneapark.com\\\/wp-content\\\/uploads\\\/2024\\\/04\\\/lugares-fotogenicos-rambla-vilanova.jpg\",\"width\":1024,\"height\":701,\"caption\":\"lugares fotogenicos rambla vilanova\"},{\"@type\":\"BreadcrumbList\",\"@id\":\"https:\\\/\\\/www.ateneapark.com\\\/en\\\/photogenic-corners-in-vilanova-i-la-geltru#breadcrumb\",\"itemListElement\":[{\"@type\":\"ListItem\",\"position\":1,\"name\":\"Home\",\"item\":\"https:\\\/\\\/www.ateneapark.com\\\/en\"},{\"@type\":\"ListItem\",\"position\":2,\"name\":\"Photogenic Corners in Vilanova i la Geltr\u00fa\"}]},{\"@type\":\"WebSite\",\"@id\":\"https:\\\/\\\/www.ateneapark.com\\\/en#website\",\"url\":\"https:\\\/\\\/www.ateneapark.com\\\/en\",\"name\":\"Atenea Park Suites - Apartaments\",\"description\":\"Atenea Park est\u00e1 situado en Vilanova i la Geltr\u00fa, poblaci\u00f3n muy pr\u00f3xima a Sitges. Precio m\u00ednimo garantizado.\",\"publisher\":{\"@id\":\"https:\\\/\\\/www.ateneapark.com\\\/en#organization\"},\"potentialAction\":[{\"@type\":\"SearchAction\",\"target\":{\"@type\":\"EntryPoint\",\"urlTemplate\":\"https:\\\/\\\/www.ateneapark.com\\\/en?s={search_term_string}\"},\"query-input\":{\"@type\":\"PropertyValueSpecification\",\"valueRequired\":true,\"valueName\":\"search_term_string\"}}],\"inLanguage\":\"en-US\"},{\"@type\":\"Organization\",\"@id\":\"https:\\\/\\\/www.ateneapark.com\\\/en#organization\",\"name\":\"Sanoimels, S.L\",\"url\":\"https:\\\/\\\/www.ateneapark.com\\\/en\",\"logo\":{\"@type\":\"ImageObject\",\"inLanguage\":\"en-US\",\"@id\":\"https:\\\/\\\/www.ateneapark.com\\\/en#\\\/schema\\\/logo\\\/image\\\/\",\"url\":\"https:\\\/\\\/www.ateneapark.com\\\/wp-content\\\/uploads\\\/2022\\\/02\\\/3.2-galeria.jpg\",\"contentUrl\":\"https:\\\/\\\/www.ateneapark.com\\\/wp-content\\\/uploads\\\/2022\\\/02\\\/3.2-galeria.jpg\",\"width\":1124,\"height\":750,\"caption\":\"Sanoimels, S.L\"},\"image\":{\"@id\":\"https:\\\/\\\/www.ateneapark.com\\\/en#\\\/schema\\\/logo\\\/image\\\/\"}},{\"@type\":\"Person\",\"@id\":\"https:\\\/\\\/www.ateneapark.com\\\/en#\\\/schema\\\/person\\\/cc3769cd0cf3b47d29694fe04258346f\",\"name\":\"Atenea\"}]}<\/script>\n<!-- \/ Yoast SEO plugin. -->","yoast_head_json":{"title":"Photogenic Corners in Vilanova i la Geltr\u00fa | Atenea Park Suites - Apartaments","description":"Capture the essence of Vilanova i la Geltr\u00fa: from its architecture and serene beaches to cultural corners. A dream for photographers!","robots":{"index":"index","follow":"follow","max-snippet":"max-snippet:-1","max-image-preview":"max-image-preview:large","max-video-preview":"max-video-preview:-1"},"canonical":"https:\/\/www.ateneapark.com\/en\/photogenic-corners-in-vilanova-i-la-geltru","og_locale":"en_US","og_type":"article","og_title":"Photogenic Corners in Vilanova i la Geltr\u00fa | Atenea Park Suites - Apartaments","og_description":"Capture the essence of Vilanova i la Geltr\u00fa: from its architecture and serene beaches to cultural corners. A dream for photographers!","og_url":"https:\/\/www.ateneapark.com\/en\/photogenic-corners-in-vilanova-i-la-geltru","og_site_name":"Atenea Park Suites - Apartaments","article_published_time":"2024-04-18T07:21:37+00:00","article_modified_time":"2024-04-18T12:15:37+00:00","og_image":[{"width":1024,"height":701,"url":"https:\/\/www.ateneapark.com\/wp-content\/uploads\/2024\/04\/lugares-fotogenicos-rambla-vilanova.jpg","type":"image\/jpeg"}],"author":"Atenea","twitter_card":"summary_large_image","twitter_misc":{"Written by":"Atenea","Est. reading time":"4 minutes"},"schema":{"@context":"https:\/\/schema.org","@graph":[{"@type":"Article","@id":"https:\/\/www.ateneapark.com\/en\/photogenic-corners-in-vilanova-i-la-geltru#article","isPartOf":{"@id":"https:\/\/www.ateneapark.com\/en\/photogenic-corners-in-vilanova-i-la-geltru"},"author":{"name":"Atenea","@id":"https:\/\/www.ateneapark.com\/en#\/schema\/person\/cc3769cd0cf3b47d29694fe04258346f"},"headline":"Photogenic Corners in Vilanova i la Geltr\u00fa","datePublished":"2024-04-18T07:21:37+00:00","dateModified":"2024-04-18T12:15:37+00:00","mainEntityOfPage":{"@id":"https:\/\/www.ateneapark.com\/en\/photogenic-corners-in-vilanova-i-la-geltru"},"wordCount":712,"publisher":{"@id":"https:\/\/www.ateneapark.com\/en#organization"},"image":{"@id":"https:\/\/www.ateneapark.com\/en\/photogenic-corners-in-vilanova-i-la-geltru#primaryimage"},"thumbnailUrl":"https:\/\/www.ateneapark.com\/wp-content\/uploads\/2024\/04\/lugares-fotogenicos-rambla-vilanova.jpg","articleSection":{"1":"blog"},"inLanguage":"en-US"},{"@type":"WebPage","@id":"https:\/\/www.ateneapark.com\/en\/photogenic-corners-in-vilanova-i-la-geltru","url":"https:\/\/www.ateneapark.com\/en\/photogenic-corners-in-vilanova-i-la-geltru","name":"Photogenic Corners in Vilanova i la Geltr\u00fa | Atenea Park Suites - Apartaments","isPartOf":{"@id":"https:\/\/www.ateneapark.com\/en#website"},"primaryImageOfPage":{"@id":"https:\/\/www.ateneapark.com\/en\/photogenic-corners-in-vilanova-i-la-geltru#primaryimage"},"image":{"@id":"https:\/\/www.ateneapark.com\/en\/photogenic-corners-in-vilanova-i-la-geltru#primaryimage"},"thumbnailUrl":"https:\/\/www.ateneapark.com\/wp-content\/uploads\/2024\/04\/lugares-fotogenicos-rambla-vilanova.jpg","datePublished":"2024-04-18T07:21:37+00:00","dateModified":"2024-04-18T12:15:37+00:00","description":"Capture the essence of Vilanova i la Geltr\u00fa: from its architecture and serene beaches to cultural corners. A dream for photographers!","breadcrumb":{"@id":"https:\/\/www.ateneapark.com\/en\/photogenic-corners-in-vilanova-i-la-geltru#breadcrumb"},"inLanguage":"en-US","potentialAction":[{"@type":"ReadAction","target":["https:\/\/www.ateneapark.com\/en\/photogenic-corners-in-vilanova-i-la-geltru"]}]},{"@type":"ImageObject","inLanguage":"en-US","@id":"https:\/\/www.ateneapark.com\/en\/photogenic-corners-in-vilanova-i-la-geltru#primaryimage","url":"https:\/\/www.ateneapark.com\/wp-content\/uploads\/2024\/04\/lugares-fotogenicos-rambla-vilanova.jpg","contentUrl":"https:\/\/www.ateneapark.com\/wp-content\/uploads\/2024\/04\/lugares-fotogenicos-rambla-vilanova.jpg","width":1024,"height":701,"caption":"lugares fotogenicos rambla vilanova"},{"@type":"BreadcrumbList","@id":"https:\/\/www.ateneapark.com\/en\/photogenic-corners-in-vilanova-i-la-geltru#breadcrumb","itemListElement":[{"@type":"ListItem","position":1,"name":"Home","item":"https:\/\/www.ateneapark.com\/en"},{"@type":"ListItem","position":2,"name":"Photogenic Corners in Vilanova i la Geltr\u00fa"}]},{"@type":"WebSite","@id":"https:\/\/www.ateneapark.com\/en#website","url":"https:\/\/www.ateneapark.com\/en","name":"Atenea Park Suites - Apartaments","description":"Atenea Park est\u00e1 situado en Vilanova i la Geltr\u00fa, poblaci\u00f3n muy pr\u00f3xima a Sitges. Precio m\u00ednimo garantizado.","publisher":{"@id":"https:\/\/www.ateneapark.com\/en#organization"},"potentialAction":[{"@type":"SearchAction","target":{"@type":"EntryPoint","urlTemplate":"https:\/\/www.ateneapark.com\/en?s={search_term_string}"},"query-input":{"@type":"PropertyValueSpecification","valueRequired":true,"valueName":"search_term_string"}}],"inLanguage":"en-US"},{"@type":"Organization","@id":"https:\/\/www.ateneapark.com\/en#organization","name":"Sanoimels, S.L","url":"https:\/\/www.ateneapark.com\/en","logo":{"@type":"ImageObject","inLanguage":"en-US","@id":"https:\/\/www.ateneapark.com\/en#\/schema\/logo\/image\/","url":"https:\/\/www.ateneapark.com\/wp-content\/uploads\/2022\/02\/3.2-galeria.jpg","contentUrl":"https:\/\/www.ateneapark.com\/wp-content\/uploads\/2022\/02\/3.2-galeria.jpg","width":1124,"height":750,"caption":"Sanoimels, S.L"},"image":{"@id":"https:\/\/www.ateneapark.com\/en#\/schema\/logo\/image\/"}},{"@type":"Person","@id":"https:\/\/www.ateneapark.com\/en#\/schema\/person\/cc3769cd0cf3b47d29694fe04258346f","name":"Atenea"}]}},"_links":{"self":[{"href":"https:\/\/www.ateneapark.com\/en\/wp-json\/wp\/v2\/posts\/6757","targetHints":{"allow":["GET"]}}],"collection":[{"href":"https:\/\/www.ateneapark.com\/en\/wp-json\/wp\/v2\/posts"}],"about":[{"href":"https:\/\/www.ateneapark.com\/en\/wp-json\/wp\/v2\/types\/post"}],"author":[{"embeddable":true,"href":"https:\/\/www.ateneapark.com\/en\/wp-json\/wp\/v2\/users\/2"}],"replies":[{"embeddable":true,"href":"https:\/\/www.ateneapark.com\/en\/wp-json\/wp\/v2\/comments?post=6757"}],"version-history":[{"count":2,"href":"https:\/\/www.ateneapark.com\/en\/wp-json\/wp\/v2\/posts\/6757\/revisions"}],"predecessor-version":[{"id":6767,"href":"https:\/\/www.ateneapark.com\/en\/wp-json\/wp\/v2\/posts\/6757\/revisions\/6767"}],"wp:featuredmedia":[{"embeddable":true,"href":"https:\/\/www.ateneapark.com\/en\/wp-json\/wp\/v2\/media\/6749"}],"wp:attachment":[{"href":"https:\/\/www.ateneapark.com\/en\/wp-json\/wp\/v2\/media?parent=6757"}],"wp:term":[{"taxonomy":"category","embeddable":true,"href":"https:\/\/www.ateneapark.com\/en\/wp-json\/wp\/v2\/categories?post=6757"},{"taxonomy":"post_tag","embeddable":true,"href":"https:\/\/www.ateneapark.com\/en\/wp-json\/wp\/v2\/tags?post=6757"}],"curies":[{"name":"wp","href":"https:\/\/api.w.org\/{rel}","templated":true}]}}