{"id":6294,"date":"2023-10-02T12:34:23","date_gmt":"2023-10-02T10:34:23","guid":{"rendered":"https:\/\/www.ateneapark.com\/?p=6294"},"modified":"2023-10-02T12:34:27","modified_gmt":"2023-10-02T10:34:27","slug":"events-exhibitions-and-talks-to-visit-in-vilanova-i-la-geltru","status":"publish","type":"post","link":"https:\/\/www.ateneapark.com\/en\/events-exhibitions-and-talks-to-visit-in-vilanova-i-la-geltru","title":{"rendered":"Events, Exhibitions, and Talks to Visit in Vilanova i la Geltr\u00fa"},"content":{"rendered":"<p>Discover an exciting variety of cultural events, exhibitions, and talks awaiting you in Vilanova i la Geltr\u00fa in the coming months. The city offers a rich schedule of activities that will attract art, culture, and history enthusiasts. Join us on a journey through these fascinating activities that will enrich your visit to this charming coastal town.<\/p>\n<h3>The Pleasure of Traveling<\/h3>\n<p>An exciting exhibition called &#8220;The Pleasure of Traveling&#8221; is on display until October at Nau Panor\u00e0mica. This exhibition is based on the book &#8220;The Railroad in Catalan Arts and Literature&#8221; and is produced by the Catalonia Railway Museum, curated by Jordi Font-Agust\u00ed. Don&#8217;t miss it!<\/p>\n<p><strong>Date:<\/strong> May 18 to October 22, 2023<br \/>\n<strong>Location:<\/strong> Catalonia Railway Museum, Vilanova i la Geltr\u00fa<br \/>\n<strong>Address:<\/strong> Pla\u00e7a d&#8217;Eduard Maristany, s\/n<\/p>\n<h3>Exhibition of Drawings by Ksenia Litvinova<\/h3>\n<p>From September 4 to September 28, 2023, you can enjoy an exhibition of drawings by Ksenia Litvinova at Mur del TOC. This is a unique opportunity to explore Litvinova&#8217;s artistic world and appreciate her talent.<\/p>\n<p><strong>Date:<\/strong> September 4 to September 28, 2023<br \/>\n<strong>Location:<\/strong> Mur del TOC, Vilanova i la Geltr\u00fa<br \/>\n<strong>Address:<\/strong> Carrer de Sant Sebasti\u00e0, 11<\/p>\n<h3>Ho Veig Negre!<\/h3>\n<p>Are you a fan of black genre literature? Don&#8217;t miss the &#8220;Ho Veig Negre!&#8221; reading contest held at the Municipal Library Joan Oliva i Mil\u00e0! Immerse yourself in the world of mystery and suspense.<\/p>\n<p><strong>Date:<\/strong> June 19 to February 24, 2024<br \/>\n<strong>Location:<\/strong> Municipal Library Joan Oliva i Mil\u00e0, Vilanova i la Geltr\u00fa<br \/>\n<strong>Address:<\/strong> Pla\u00e7a de la Vila, 12<\/p>\n<h3>Casernes Vilanova 2023-2024 Indoor Soccer League<\/h3>\n<p>If you&#8217;re a futsal enthusiast, here&#8217;s an exciting opportunity. Registrations for the Casernes Vilanova 2023-2024 Indoor Soccer League are open until September 24. Get ready to showcase your skills on the court!<\/p>\n<p><strong>Registration Deadline:<\/strong> September 24, 2023<br \/>\n<strong>Location:<\/strong> Municipal Sports Pavilion, Vilanova i la Geltr\u00fa<br \/>\n<strong>Address:<\/strong> Pla\u00e7a de les Casernes, s\/n<\/p>\n<h3>VAGOlab Memory in Motion<\/h3>\n<p>Explore the relationship between the railway and memory in Vilanova at the &#8220;VAGOlab Memory in Motion&#8221; exhibition, available until September 17 at the Catalonia Railway Museum. Discover how the railway has left its mark on the city&#8217;s history.<\/p>\n<p><strong>Date:<\/strong> Until September 17, 2023<br \/>\n<strong>Location:<\/strong> Catalonia Railway Museum, Vilanova i la Geltr\u00fa<br \/>\n<strong>Address:<\/strong> Pla\u00e7a d&#8217;Eduard Maristany, s\/n<\/p>\n<h3>Have You Seen My Keys?<\/h3>\n<p>On September 13, 2023, don&#8217;t miss the psychoeducational talk titled &#8220;Have You Seen My Keys?&#8221;. It addresses issues related to aging and cognition as part of an awareness and prevention campaign for cognitive decline. An opportunity to raise awareness of the importance of prevention.<\/p>\n<p><strong>Date:<\/strong> September 13, 2023<br \/>\n<strong>Location:<\/strong> Municipal Senior Center, Vilanova i la Geltr\u00fa<br \/>\n<strong>Address:<\/strong> Carrer de Josep Llanza, 4<\/p>\n<h3>The Stoker and the Centenary Train<\/h3>\n<p>A special visit aimed especially at the youngest ones is &#8220;The Stoker and the Centenary Train&#8221;. The experience includes the possibility of making cutouts at Estaci\u00f3 Petita de Vilanova.<\/p>\n<p><strong>Included in the entry to the Catalonia Railway Museum<\/strong><br \/>\n<strong>Location:<\/strong> Catalonia Railway Museum, Vilanova i la Geltr\u00fa<br \/>\n<strong>Address:<\/strong> Pla\u00e7a d&#8217;Eduard Maristany, s\/n<\/p>\n<h3>TRENexperiences: Touch the Matar\u00f3!<\/h3>\n<p>Enjoy a guided tour, &#8220;TRENexperiences: Touch the Matar\u00f3!&#8221;. You&#8217;ll be able to touch the old steam locomotive, known as Toca la Matar\u00f3, the first one to circulate in the Iberian Peninsula. A unique experience for railway enthusiasts.<\/p>\n<p><strong>Included in any current museum admission fee<\/strong><br \/>\n<strong>Location:<\/strong> Catalonia Railway Museum, Vilanova i la Geltr\u00fa<br \/>\n<strong>Address:<\/strong> Pla\u00e7a d&#8217;Eduard Maristany, s\/n<\/p>\n<h3>L&#8217;Estaci\u00f3 Petita de Vilanova<\/h3>\n<p>Discover an observation and knowledge game at &#8220;L&#8217;Estaci\u00f3 Petita de Vilanova&#8221;. A free activity available with museum admission, designed to entertain and educate the youngest ones.<\/p>\n<p><strong>Free with museum admission<\/strong><br \/>\n<strong>Location:<\/strong> Catalonia Railway Museum, Vilanova i la Geltr\u00fa<br \/>\n<strong>Address:<\/strong> Pla\u00e7a d&#8217;Eduard Maristany, s\/n<\/p>\n<h3>La Santa Fe, a Powerful Catalan<\/h3>\n<p>Take a visit to the Santa Fe steam locomotive and discover its historical significance. This experience is included in the museum admission price and is an opportunity to learn about the powerful Santa Fe locomotive.<\/p>\n<p><strong>Included in the museum admission price<\/strong><br \/>\n<strong>Location:<\/strong> Catalonia Railway Museum, Vilanova i la Geltr\u00fa<br \/>\n<strong>Address:<\/strong> Pla\u00e7a d&#8217;Eduard Maristany, s\/n<\/p>\n<h3>America&#8217;s Cup: Open House at Espai Far<\/h3>\n<p>Due to the preliminary regatta of the America&#8217;s Cup, from September 14 to 17, Espai Far opens its doors to the public from 10 am to 2 pm and from 5 pm to 8 pm. Take advantage of this opportunity to learn more about this exciting sports event.<\/p>\n<p><strong>Free access<\/strong><br \/>\n<strong>Location:<\/strong> Espai Far, Vilanova i la Geltr\u00fa<br \/>\n<strong>Address:<\/strong> Pujada del Far de Sant Crist\u00f2fol, 2<\/p>\n<h3>AMERICA&#8217;S CUP SAILING: Traveling Exhibition<\/h3>\n<p>Vilanova i la Geltr\u00fa is preparing for an extraordinary event. From September 14 to 17, it will host the first preliminary event of the 37th edition of the America&#8217;s Cup sailing competition, marking the beginning of the competition to be held in Barcelona in 2024. To learn more about this exciting event, don&#8217;t miss the traveling exhibition &#8220;Parlem del mar per parlar de nosaltres&#8221; in Pla\u00e7a del Port.<\/p>\n<p><strong>Location:<\/strong> Pla\u00e7a del Port, s\/n<\/p>\n<h3>Discovering Vilanova i la Geltr\u00fa in the Off-Season<\/h3>\n<p>If you plan to visit Vilanova i la Geltr\u00fa during the off-season, don&#8217;t worry. The city still offers plenty of activities and places of interest to explore. From leisurely beach walks to exploring the city&#8217;s rich history, there&#8217;s much to discover.<\/p>\n<h3>Enjoy the Sunset in Vilanova i la Geltr\u00fa<\/h3>\n<p>Nothing can be more romantic than enjoying a spectacular sunset in Vilanova i la Geltr\u00fa. Whether you&#8217;re looking for a quiet spot on the beach or a panoramic viewpoint, the city offers excellent options to appreciate the beauty of the sunset.<\/p>\n<p>With these exciting activities and events to enjoy in Vilanova i la Geltr\u00fa, your visit to this charming coastal city will be even more special.<\/p>\n<p>That concludes our guide to events and activities in Vilanova i la Geltr\u00fa! We hope this list helps you plan your visit and make the most of your time in this beautiful city.<\/p>\n<p>Remember that Vilanova i la Geltr\u00fa always has something special to offer, whether you&#8217;re interested in culture, history, or simply enjoying the beauty of the surroundings.<\/p>\n<p><strong>Useful Links:<\/strong><br \/>\n&#8211; If you want more information about accommodation in Vilanova i la Geltr\u00fa, we invite you to visit our website: <a href=\"https:\/\/www.ateneapark.com\/es\/\">Apartments in Vilanova i la Geltr\u00fa<\/a>.<\/p>\n<p>&#8211; For more events and activities in the city, check the official calendar at: <a href=\"https:\/\/www.vilanova.cat\/agenda\/?acces=properstrentadies\">Agenda Vilanova i la Geltr\u00fa<\/a>.<\/p>\n<p>With these diverse options, your trip to Vilanova i la Geltr\u00fa promises to be a memorable experience full of discoveries and special moments.<\/p>\n<p>We hope you enjoy your visit to this beautiful city on the Catalan coast!<\/p>\n","protected":false},"excerpt":{"rendered":"<p>Discover an exciting variety of cultural events, exhibitions, and talks awaiting you in Vilanova i la Geltr\u00fa in the coming months. The city offers a rich schedule of activities that will attract art, culture, and history enthusiasts. Join us on a journey through these fascinating activities that will enrich your visit to this charming coastal [&hellip;]<\/p>\n","protected":false},"author":2,"featured_media":6288,"comment_status":"closed","ping_status":"closed","sticky":false,"template":"","format":"standard","meta":{"_acf_changed":false,"footnotes":""},"categories":[81],"tags":[],"class_list":["post-6294","post","type-post","status-publish","format-standard","has-post-thumbnail","hentry","category-blog-en"],"acf":[],"yoast_head":"<!-- This site is optimized with the Yoast SEO plugin v27.4 - https:\/\/yoast.com\/product\/yoast-seo-wordpress\/ -->\n<title>Events, Exhibitions, and Talks to Visit in Vilanova i la Geltr\u00fa | Atenea Park Suites - Apartaments<\/title>\n<meta name=\"description\" content=\"Discover the events, exhibitions, and talks for 2023 in Vilanova i la Geltr\u00fa, come in and find out.\" \/>\n<meta name=\"robots\" content=\"index, follow, max-snippet:-1, max-image-preview:large, max-video-preview:-1\" \/>\n<link rel=\"canonical\" href=\"https:\/\/www.ateneapark.com\/en\/events-exhibitions-and-talks-to-visit-in-vilanova-i-la-geltru\" \/>\n<meta property=\"og:locale\" content=\"en_US\" \/>\n<meta property=\"og:type\" content=\"article\" \/>\n<meta property=\"og:title\" content=\"Events, Exhibitions, and Talks to Visit in Vilanova i la Geltr\u00fa | Atenea Park Suites - Apartaments\" \/>\n<meta property=\"og:description\" content=\"Discover the events, exhibitions, and talks for 2023 in Vilanova i la Geltr\u00fa, come in and find out.\" \/>\n<meta property=\"og:url\" content=\"https:\/\/www.ateneapark.com\/en\/events-exhibitions-and-talks-to-visit-in-vilanova-i-la-geltru\" \/>\n<meta property=\"og:site_name\" content=\"Atenea Park Suites - Apartaments\" \/>\n<meta property=\"article:published_time\" content=\"2023-10-02T10:34:23+00:00\" \/>\n<meta property=\"article:modified_time\" content=\"2023-10-02T10:34:27+00:00\" \/>\n<meta property=\"og:image\" content=\"https:\/\/www.ateneapark.com\/wp-content\/uploads\/2023\/10\/ferro.png\" \/>\n\t<meta property=\"og:image:width\" content=\"700\" \/>\n\t<meta property=\"og:image:height\" content=\"400\" \/>\n\t<meta property=\"og:image:type\" content=\"image\/png\" \/>\n<meta name=\"author\" content=\"Atenea\" \/>\n<meta name=\"twitter:card\" content=\"summary_large_image\" \/>\n<meta name=\"twitter:label1\" content=\"Written by\" \/>\n\t<meta name=\"twitter:data1\" content=\"Atenea\" \/>\n\t<meta name=\"twitter:label2\" content=\"Est. reading time\" \/>\n\t<meta name=\"twitter:data2\" content=\"5 minutes\" \/>\n<script type=\"application\/ld+json\" class=\"yoast-schema-graph\">{\"@context\":\"https:\\\/\\\/schema.org\",\"@graph\":[{\"@type\":\"Article\",\"@id\":\"https:\\\/\\\/www.ateneapark.com\\\/en\\\/events-exhibitions-and-talks-to-visit-in-vilanova-i-la-geltru#article\",\"isPartOf\":{\"@id\":\"https:\\\/\\\/www.ateneapark.com\\\/en\\\/events-exhibitions-and-talks-to-visit-in-vilanova-i-la-geltru\"},\"author\":{\"name\":\"Atenea\",\"@id\":\"https:\\\/\\\/www.ateneapark.com\\\/en#\\\/schema\\\/person\\\/cc3769cd0cf3b47d29694fe04258346f\"},\"headline\":\"Events, Exhibitions, and Talks to Visit in Vilanova i la Geltr\u00fa\",\"datePublished\":\"2023-10-02T10:34:23+00:00\",\"dateModified\":\"2023-10-02T10:34:27+00:00\",\"mainEntityOfPage\":{\"@id\":\"https:\\\/\\\/www.ateneapark.com\\\/en\\\/events-exhibitions-and-talks-to-visit-in-vilanova-i-la-geltru\"},\"wordCount\":1095,\"publisher\":{\"@id\":\"https:\\\/\\\/www.ateneapark.com\\\/en#organization\"},\"image\":{\"@id\":\"https:\\\/\\\/www.ateneapark.com\\\/en\\\/events-exhibitions-and-talks-to-visit-in-vilanova-i-la-geltru#primaryimage\"},\"thumbnailUrl\":\"https:\\\/\\\/www.ateneapark.com\\\/wp-content\\\/uploads\\\/2023\\\/10\\\/ferro.png\",\"articleSection\":[\"blog\"],\"inLanguage\":\"en-US\"},{\"@type\":\"WebPage\",\"@id\":\"https:\\\/\\\/www.ateneapark.com\\\/en\\\/events-exhibitions-and-talks-to-visit-in-vilanova-i-la-geltru\",\"url\":\"https:\\\/\\\/www.ateneapark.com\\\/en\\\/events-exhibitions-and-talks-to-visit-in-vilanova-i-la-geltru\",\"name\":\"Events, Exhibitions, and Talks to Visit in Vilanova i la Geltr\u00fa | Atenea Park Suites - Apartaments\",\"isPartOf\":{\"@id\":\"https:\\\/\\\/www.ateneapark.com\\\/en#website\"},\"primaryImageOfPage\":{\"@id\":\"https:\\\/\\\/www.ateneapark.com\\\/en\\\/events-exhibitions-and-talks-to-visit-in-vilanova-i-la-geltru#primaryimage\"},\"image\":{\"@id\":\"https:\\\/\\\/www.ateneapark.com\\\/en\\\/events-exhibitions-and-talks-to-visit-in-vilanova-i-la-geltru#primaryimage\"},\"thumbnailUrl\":\"https:\\\/\\\/www.ateneapark.com\\\/wp-content\\\/uploads\\\/2023\\\/10\\\/ferro.png\",\"datePublished\":\"2023-10-02T10:34:23+00:00\",\"dateModified\":\"2023-10-02T10:34:27+00:00\",\"description\":\"Discover the events, exhibitions, and talks for 2023 in Vilanova i la Geltr\u00fa, come in and find out.\",\"breadcrumb\":{\"@id\":\"https:\\\/\\\/www.ateneapark.com\\\/en\\\/events-exhibitions-and-talks-to-visit-in-vilanova-i-la-geltru#breadcrumb\"},\"inLanguage\":\"en-US\",\"potentialAction\":[{\"@type\":\"ReadAction\",\"target\":[\"https:\\\/\\\/www.ateneapark.com\\\/en\\\/events-exhibitions-and-talks-to-visit-in-vilanova-i-la-geltru\"]}]},{\"@type\":\"ImageObject\",\"inLanguage\":\"en-US\",\"@id\":\"https:\\\/\\\/www.ateneapark.com\\\/en\\\/events-exhibitions-and-talks-to-visit-in-vilanova-i-la-geltru#primaryimage\",\"url\":\"https:\\\/\\\/www.ateneapark.com\\\/wp-content\\\/uploads\\\/2023\\\/10\\\/ferro.png\",\"contentUrl\":\"https:\\\/\\\/www.ateneapark.com\\\/wp-content\\\/uploads\\\/2023\\\/10\\\/ferro.png\",\"width\":700,\"height\":400,\"caption\":\"eventos vilanova\"},{\"@type\":\"BreadcrumbList\",\"@id\":\"https:\\\/\\\/www.ateneapark.com\\\/en\\\/events-exhibitions-and-talks-to-visit-in-vilanova-i-la-geltru#breadcrumb\",\"itemListElement\":[{\"@type\":\"ListItem\",\"position\":1,\"name\":\"Home\",\"item\":\"https:\\\/\\\/www.ateneapark.com\\\/en\"},{\"@type\":\"ListItem\",\"position\":2,\"name\":\"Events, Exhibitions, and Talks to Visit in Vilanova i la Geltr\u00fa\"}]},{\"@type\":\"WebSite\",\"@id\":\"https:\\\/\\\/www.ateneapark.com\\\/en#website\",\"url\":\"https:\\\/\\\/www.ateneapark.com\\\/en\",\"name\":\"Atenea Park Suites - Apartaments\",\"description\":\"Atenea Park est\u00e1 situado en Vilanova i la Geltr\u00fa, poblaci\u00f3n muy pr\u00f3xima a Sitges. Precio m\u00ednimo garantizado.\",\"publisher\":{\"@id\":\"https:\\\/\\\/www.ateneapark.com\\\/en#organization\"},\"potentialAction\":[{\"@type\":\"SearchAction\",\"target\":{\"@type\":\"EntryPoint\",\"urlTemplate\":\"https:\\\/\\\/www.ateneapark.com\\\/en?s={search_term_string}\"},\"query-input\":{\"@type\":\"PropertyValueSpecification\",\"valueRequired\":true,\"valueName\":\"search_term_string\"}}],\"inLanguage\":\"en-US\"},{\"@type\":\"Organization\",\"@id\":\"https:\\\/\\\/www.ateneapark.com\\\/en#organization\",\"name\":\"Sanoimels, S.L\",\"url\":\"https:\\\/\\\/www.ateneapark.com\\\/en\",\"logo\":{\"@type\":\"ImageObject\",\"inLanguage\":\"en-US\",\"@id\":\"https:\\\/\\\/www.ateneapark.com\\\/en#\\\/schema\\\/logo\\\/image\\\/\",\"url\":\"https:\\\/\\\/www.ateneapark.com\\\/wp-content\\\/uploads\\\/2022\\\/02\\\/3.2-galeria.jpg\",\"contentUrl\":\"https:\\\/\\\/www.ateneapark.com\\\/wp-content\\\/uploads\\\/2022\\\/02\\\/3.2-galeria.jpg\",\"width\":1124,\"height\":750,\"caption\":\"Sanoimels, S.L\"},\"image\":{\"@id\":\"https:\\\/\\\/www.ateneapark.com\\\/en#\\\/schema\\\/logo\\\/image\\\/\"}},{\"@type\":\"Person\",\"@id\":\"https:\\\/\\\/www.ateneapark.com\\\/en#\\\/schema\\\/person\\\/cc3769cd0cf3b47d29694fe04258346f\",\"name\":\"Atenea\"}]}<\/script>\n<!-- \/ Yoast SEO plugin. -->","yoast_head_json":{"title":"Events, Exhibitions, and Talks to Visit in Vilanova i la Geltr\u00fa | Atenea Park Suites - Apartaments","description":"Discover the events, exhibitions, and talks for 2023 in Vilanova i la Geltr\u00fa, come in and find out.","robots":{"index":"index","follow":"follow","max-snippet":"max-snippet:-1","max-image-preview":"max-image-preview:large","max-video-preview":"max-video-preview:-1"},"canonical":"https:\/\/www.ateneapark.com\/en\/events-exhibitions-and-talks-to-visit-in-vilanova-i-la-geltru","og_locale":"en_US","og_type":"article","og_title":"Events, Exhibitions, and Talks to Visit in Vilanova i la Geltr\u00fa | Atenea Park Suites - Apartaments","og_description":"Discover the events, exhibitions, and talks for 2023 in Vilanova i la Geltr\u00fa, come in and find out.","og_url":"https:\/\/www.ateneapark.com\/en\/events-exhibitions-and-talks-to-visit-in-vilanova-i-la-geltru","og_site_name":"Atenea Park Suites - Apartaments","article_published_time":"2023-10-02T10:34:23+00:00","article_modified_time":"2023-10-02T10:34:27+00:00","og_image":[{"width":700,"height":400,"url":"https:\/\/www.ateneapark.com\/wp-content\/uploads\/2023\/10\/ferro.png","type":"image\/png"}],"author":"Atenea","twitter_card":"summary_large_image","twitter_misc":{"Written by":"Atenea","Est. reading time":"5 minutes"},"schema":{"@context":"https:\/\/schema.org","@graph":[{"@type":"Article","@id":"https:\/\/www.ateneapark.com\/en\/events-exhibitions-and-talks-to-visit-in-vilanova-i-la-geltru#article","isPartOf":{"@id":"https:\/\/www.ateneapark.com\/en\/events-exhibitions-and-talks-to-visit-in-vilanova-i-la-geltru"},"author":{"name":"Atenea","@id":"https:\/\/www.ateneapark.com\/en#\/schema\/person\/cc3769cd0cf3b47d29694fe04258346f"},"headline":"Events, Exhibitions, and Talks to Visit in Vilanova i la Geltr\u00fa","datePublished":"2023-10-02T10:34:23+00:00","dateModified":"2023-10-02T10:34:27+00:00","mainEntityOfPage":{"@id":"https:\/\/www.ateneapark.com\/en\/events-exhibitions-and-talks-to-visit-in-vilanova-i-la-geltru"},"wordCount":1095,"publisher":{"@id":"https:\/\/www.ateneapark.com\/en#organization"},"image":{"@id":"https:\/\/www.ateneapark.com\/en\/events-exhibitions-and-talks-to-visit-in-vilanova-i-la-geltru#primaryimage"},"thumbnailUrl":"https:\/\/www.ateneapark.com\/wp-content\/uploads\/2023\/10\/ferro.png","articleSection":["blog"],"inLanguage":"en-US"},{"@type":"WebPage","@id":"https:\/\/www.ateneapark.com\/en\/events-exhibitions-and-talks-to-visit-in-vilanova-i-la-geltru","url":"https:\/\/www.ateneapark.com\/en\/events-exhibitions-and-talks-to-visit-in-vilanova-i-la-geltru","name":"Events, Exhibitions, and Talks to Visit in Vilanova i la Geltr\u00fa | Atenea Park Suites - Apartaments","isPartOf":{"@id":"https:\/\/www.ateneapark.com\/en#website"},"primaryImageOfPage":{"@id":"https:\/\/www.ateneapark.com\/en\/events-exhibitions-and-talks-to-visit-in-vilanova-i-la-geltru#primaryimage"},"image":{"@id":"https:\/\/www.ateneapark.com\/en\/events-exhibitions-and-talks-to-visit-in-vilanova-i-la-geltru#primaryimage"},"thumbnailUrl":"https:\/\/www.ateneapark.com\/wp-content\/uploads\/2023\/10\/ferro.png","datePublished":"2023-10-02T10:34:23+00:00","dateModified":"2023-10-02T10:34:27+00:00","description":"Discover the events, exhibitions, and talks for 2023 in Vilanova i la Geltr\u00fa, come in and find out.","breadcrumb":{"@id":"https:\/\/www.ateneapark.com\/en\/events-exhibitions-and-talks-to-visit-in-vilanova-i-la-geltru#breadcrumb"},"inLanguage":"en-US","potentialAction":[{"@type":"ReadAction","target":["https:\/\/www.ateneapark.com\/en\/events-exhibitions-and-talks-to-visit-in-vilanova-i-la-geltru"]}]},{"@type":"ImageObject","inLanguage":"en-US","@id":"https:\/\/www.ateneapark.com\/en\/events-exhibitions-and-talks-to-visit-in-vilanova-i-la-geltru#primaryimage","url":"https:\/\/www.ateneapark.com\/wp-content\/uploads\/2023\/10\/ferro.png","contentUrl":"https:\/\/www.ateneapark.com\/wp-content\/uploads\/2023\/10\/ferro.png","width":700,"height":400,"caption":"eventos vilanova"},{"@type":"BreadcrumbList","@id":"https:\/\/www.ateneapark.com\/en\/events-exhibitions-and-talks-to-visit-in-vilanova-i-la-geltru#breadcrumb","itemListElement":[{"@type":"ListItem","position":1,"name":"Home","item":"https:\/\/www.ateneapark.com\/en"},{"@type":"ListItem","position":2,"name":"Events, Exhibitions, and Talks to Visit in Vilanova i la Geltr\u00fa"}]},{"@type":"WebSite","@id":"https:\/\/www.ateneapark.com\/en#website","url":"https:\/\/www.ateneapark.com\/en","name":"Atenea Park Suites - Apartaments","description":"Atenea Park est\u00e1 situado en Vilanova i la Geltr\u00fa, poblaci\u00f3n muy pr\u00f3xima a Sitges. Precio m\u00ednimo garantizado.","publisher":{"@id":"https:\/\/www.ateneapark.com\/en#organization"},"potentialAction":[{"@type":"SearchAction","target":{"@type":"EntryPoint","urlTemplate":"https:\/\/www.ateneapark.com\/en?s={search_term_string}"},"query-input":{"@type":"PropertyValueSpecification","valueRequired":true,"valueName":"search_term_string"}}],"inLanguage":"en-US"},{"@type":"Organization","@id":"https:\/\/www.ateneapark.com\/en#organization","name":"Sanoimels, S.L","url":"https:\/\/www.ateneapark.com\/en","logo":{"@type":"ImageObject","inLanguage":"en-US","@id":"https:\/\/www.ateneapark.com\/en#\/schema\/logo\/image\/","url":"https:\/\/www.ateneapark.com\/wp-content\/uploads\/2022\/02\/3.2-galeria.jpg","contentUrl":"https:\/\/www.ateneapark.com\/wp-content\/uploads\/2022\/02\/3.2-galeria.jpg","width":1124,"height":750,"caption":"Sanoimels, S.L"},"image":{"@id":"https:\/\/www.ateneapark.com\/en#\/schema\/logo\/image\/"}},{"@type":"Person","@id":"https:\/\/www.ateneapark.com\/en#\/schema\/person\/cc3769cd0cf3b47d29694fe04258346f","name":"Atenea"}]}},"_links":{"self":[{"href":"https:\/\/www.ateneapark.com\/en\/wp-json\/wp\/v2\/posts\/6294","targetHints":{"allow":["GET"]}}],"collection":[{"href":"https:\/\/www.ateneapark.com\/en\/wp-json\/wp\/v2\/posts"}],"about":[{"href":"https:\/\/www.ateneapark.com\/en\/wp-json\/wp\/v2\/types\/post"}],"author":[{"embeddable":true,"href":"https:\/\/www.ateneapark.com\/en\/wp-json\/wp\/v2\/users\/2"}],"replies":[{"embeddable":true,"href":"https:\/\/www.ateneapark.com\/en\/wp-json\/wp\/v2\/comments?post=6294"}],"version-history":[{"count":1,"href":"https:\/\/www.ateneapark.com\/en\/wp-json\/wp\/v2\/posts\/6294\/revisions"}],"predecessor-version":[{"id":6295,"href":"https:\/\/www.ateneapark.com\/en\/wp-json\/wp\/v2\/posts\/6294\/revisions\/6295"}],"wp:featuredmedia":[{"embeddable":true,"href":"https:\/\/www.ateneapark.com\/en\/wp-json\/wp\/v2\/media\/6288"}],"wp:attachment":[{"href":"https:\/\/www.ateneapark.com\/en\/wp-json\/wp\/v2\/media?parent=6294"}],"wp:term":[{"taxonomy":"category","embeddable":true,"href":"https:\/\/www.ateneapark.com\/en\/wp-json\/wp\/v2\/categories?post=6294"},{"taxonomy":"post_tag","embeddable":true,"href":"https:\/\/www.ateneapark.com\/en\/wp-json\/wp\/v2\/tags?post=6294"}],"curies":[{"name":"wp","href":"https:\/\/api.w.org\/{rel}","templated":true}]}}