{"id":7092,"date":"2026-03-03T11:36:05","date_gmt":"2026-03-03T10:36:05","guid":{"rendered":"https:\/\/www.ateneapark.com\/?p=7092"},"modified":"2026-03-03T11:50:51","modified_gmt":"2026-03-03T10:50:51","slug":"per-que-dormir-a-prop-del-mar-a-vilanova-i-la-geltru-millora-el-teu-descans-i-el-teu-benestar","status":"publish","type":"post","link":"https:\/\/www.ateneapark.com\/ca\/per-que-dormir-a-prop-del-mar-a-vilanova-i-la-geltru-millora-el-teu-descans-i-el-teu-benestar","title":{"rendered":"Per qu\u00e8 dormir a prop del mar a Vilanova i la Geltr\u00fa millora el teu descans i el teu benestar"},"content":{"rendered":"<h2>El que ning\u00fa t\u2019explica quan reserves allotjament<\/h2>\n<p>Hi ha eleccions que semblen petites, per\u00f2 que determinen com recordes unes vacances senceres. Una d\u2019elles \u00e9s on dorms. No l\u2019hotel m\u00e9s barat, ni el m\u00e9s bonic a les fotos, sin\u00f3 l\u2019entorn real en qu\u00e8 el teu cos i la teva ment descansen.<\/p>\n<p>Dormir a prop del mar activa mecanismes cognitius i fisiol\u00f2gics que no es produeixen en entorns urbans o interiors. I quan s\u2019activen, el descans deixa de ser \u201cnormal\u201d i passa a ser profundament reparador.<\/p>\n<h2>\ud83e\udde0 El cervell en vacances: per qu\u00e8 necessita alguna cosa m\u00e9s que silenci<\/h2>\n<p>Encara que no ho notis, el teu cervell est\u00e0 dissenyat per detectar amenaces, canvis i est\u00edmuls constants. A les ciutats o zones sorolloses, mai \u201cdesconnecta del tot\u201d.<\/p>\n<h2>\ud83c\udf0a El mar com a senyal de seguretat cognitiva<\/h2>\n<p>Des d\u2019un punt de vista psicol\u00f2gic:<\/p>\n<ul>\n<li>El so del mar \u00e9s previsible<\/li>\n<li>No exigeix atenci\u00f3 conscient<\/li>\n<li>No genera ensurts<\/li>\n<\/ul>\n<p>Aix\u00f2 envia un senyal clar al cervell: no hi ha perill. El resultat \u00e9s una baixada autom\u00e0tica del nivell d\u2019alerta.<\/p>\n<p>\ud83d\udc49 Per aix\u00f2 dormir a prop del mar redueix la rumiaci\u00f3 mental i accelera la conciliaci\u00f3 del son.<\/p>\n<h2>\ud83d\ude34 L\u2019efecte real del so de les onades en dormir<\/h2>\n<p>No \u00e9s nom\u00e9s relaxaci\u00f3 subjectiva. El soroll del mar per dormir:<\/p>\n<ul>\n<li>Emmascara sons puntuals molestos<\/li>\n<li>Estabilitza el ritme cerebral<\/li>\n<li>Facilita fases de son profund (NREM)<\/li>\n<\/ul>\n<p>Per aix\u00f2 moltes persones dormen millor en un allotjament davant del mar, fins i tot sense adonar-se del motiu exacte.<\/p>\n<h2>\ud83c\udf2c\ufe0f Aire mar\u00ed i descans: una combinaci\u00f3 infravalorada<\/h2>\n<p>Dormir a prop de la platja implica respirar un aire diferent.<\/p>\n<p>Beneficis f\u00edsics de l\u2019aire mar\u00ed<\/p>\n<ul>\n<li>Major humitat ambiental<\/li>\n<li>Menys part\u00edcules contaminants<\/li>\n<li>Sensaci\u00f3 de respiraci\u00f3 m\u00e9s fluida<\/li>\n<\/ul>\n<p>Aix\u00f2 es tradueix en:<\/p>\n<ul>\n<li>Menys microdespertars<\/li>\n<li>Menys sequedat nasal<\/li>\n<li>Despertars m\u00e9s lleugers i energ\u00e8tics<\/li>\n<\/ul>\n<p>\u00c9s un dels motius pels quals moltes persones senten un millor descans en vacances quan trien la costa.<\/p>\n<h2>\ud83d\udca4 Dormir b\u00e9 canvia la teva percepci\u00f3 del viatge (i no al rev\u00e9s)<\/h2>\n<p>Aqu\u00ed entra un punt clau de la psicologia cognitiva:<br \/>\n\ud83d\udc49 el descans condiciona la mem\u00f2ria emocional.<\/p>\n<p>Si dorms malament:<\/p>\n<ul>\n<li>Tot sembla m\u00e9s feixuc<\/li>\n<li>Els plans es gaudeixen menys<\/li>\n<li>El record global del viatge empitjora<\/li>\n<\/ul>\n<p>Si dorms b\u00e9:<\/p>\n<ul>\n<li>El dia comen\u00e7a amb m\u00e9s energia<\/li>\n<li>Es redueix la irritabilitat<\/li>\n<li>L\u2019experi\u00e8ncia es percep com m\u00e9s positiva<\/li>\n<\/ul>\n<p>Per aix\u00f2 triar b\u00e9 on dormir en vacances \u00e9s una decisi\u00f3 estrat\u00e8gica, no log\u00edstica.<\/p>\n<h2>\ud83c\udfd6\ufe0f Dormir al costat del mar vs. \u201ca prop del mar\u201d: no \u00e9s el mateix<\/h2>\n<p>Molts allotjaments prometen estar \u201ca prop\u201d, per\u00f2 el cervell distingeix matisos.<\/p>\n<p>Dormir realment al costat del mar implica:<\/p>\n<ul>\n<li>Pres\u00e8ncia constant de l\u2019entorn mar\u00ed<\/li>\n<li>So ambiental natural<\/li>\n<li>Sensaci\u00f3 visual i espacial d\u2019obertura<\/li>\n<\/ul>\n<p>Un hotel a prop de la platja no sempre genera el mateix efecte que allotjar-se al costat del mar en una zona tranquil\u00b7la i ben orientada.<\/p>\n<h2>\ud83d\udccd Per qu\u00e8 Vilanova i la Geltr\u00fa \u00e9s ideal per dormir b\u00e9<\/h2>\n<p>La costa catalana \u00e9s extensa, per\u00f2 no totes les zones afavoreixen el descans.<\/p>\n<p>Vilanova i la Geltr\u00fa destaca perqu\u00e8 combina:<\/p>\n<ul>\n<li>Mar obert i accessible<\/li>\n<li>Ambient relaxat, no massificat<\/li>\n<li>Ritme local tranquil fins i tot en temporada alta<\/li>\n<\/ul>\n<p>Aix\u00f2 la converteix en una de les millors opcions per a qui busca:<\/p>\n<ul>\n<li>vacances relaxants a la platja<\/li>\n<li>desconnexi\u00f3 mental real<\/li>\n<li>descans profund sense a\u00efllament<\/li>\n<\/ul>\n<h2>\ud83c\udfe8 El paper de l\u2019allotjament en el descans profund<\/h2>\n<p>Un aparthotel a la costa catalana ben ubicat aporta una cosa clau: control.<\/p>\n<p>Avantatges cognitius de l\u2019aparthotel<\/p>\n<ul>\n<li>Espais amplis \u2192 menys sensaci\u00f3 d\u2019encerclament<\/li>\n<li>Rutines m\u00e9s flexibles \u2192 menor estr\u00e8s<\/li>\n<li>Sensaci\u00f3 de \u201cllar temporal\u201d \u2192 major relaxaci\u00f3<\/li>\n<\/ul>\n<p>Tot aix\u00f2 ajuda que el cos entri abans en mode descans.<\/p>\n<h2>\ud83c\udf05 El despertar canvia quan dorms davant del mar<\/h2>\n<p>Un dels efectes m\u00e9s potents \u2014i menys comentats\u2014 \u00e9s com et despertes.<\/p>\n<p>Dormir a prop del mar provoca:<\/p>\n<ul>\n<li>Despertars m\u00e9s suaus<\/li>\n<li>Menys sensaci\u00f3 d\u2019alarma<\/li>\n<li>Millor estat d\u2019\u00e0nim en comen\u00e7ar el dia<\/li>\n<\/ul>\n<p>Aquest primer minut en despertar marca tot el que ve despr\u00e9s.<\/p>\n<h2>\ud83e\uddd8 Allotjar-se a prop del mar no \u00e9s un luxe, \u00e9s autocura<\/h2>\n<p>Des de la psicologia del benestar, l\u2019entorn influeix directament en:<\/p>\n<ul>\n<li>Nivells de cortisol<\/li>\n<li>Regulaci\u00f3 emocional<\/li>\n<li>Capacitat de gaudi<\/li>\n<\/ul>\n<p>Triar allotjament a Vilanova i la Geltr\u00fa, al costat del mar, \u00e9s una manera intel\u00b7ligent de cuidar el teu descans sense esfor\u00e7 conscient.<\/p>\n<h2>\ud83d\udccc On dormir a Vilanova i la Geltr\u00fa per desconnectar de veritat<\/h2>\n<p>Si busques:<\/p>\n<ul>\n<li>un hotel tranquil a prop del mar<\/li>\n<li>una escapada per baixar el ritme<\/li>\n<li>un allotjament per desconnectar mentalment<\/li>\n<\/ul>\n<p>La clau no est\u00e0 a fer m\u00e9s activitats, sin\u00f3 a dormir millor.<\/p>\n<h2>\ud83e\udde0 El que el teu cervell recordar\u00e0 del viatge<\/h2>\n<p>Al final, no recordar\u00e0s:<\/p>\n<ul>\n<li>el nombre de plans<\/li>\n<li>ni les hores exactes de son<\/li>\n<\/ul>\n<p>Recordar\u00e0s:<\/p>\n<ul>\n<li>com et senties<\/li>\n<li>si estaves relaxat<\/li>\n<li>si vas tornar amb energia<\/li>\n<\/ul>\n<p>I tot aix\u00f2 comen\u00e7a amb una decisi\u00f3 simple:<br \/>\ndormir a prop del mar.<\/p>\n<h2>En conclusi\u00f3<\/h2>\n<p>Dormir al costat del mar millora:<\/p>\n<ul>\n<li>el teu descans<\/li>\n<li>el teu benestar<\/li>\n<li>i l\u2019experi\u00e8ncia completa de les teves vacances<\/li>\n<\/ul>\n<p>No \u00e9s casualitat. \u00c9s biologia, psicologia\u2026 i sentit com\u00fa.<\/p>\n","protected":false},"excerpt":{"rendered":"<p>El que ning\u00fa t\u2019explica quan reserves allotjament Hi ha eleccions que semblen petites, per\u00f2 que determinen com recordes unes vacances senceres. Una d\u2019elles \u00e9s on dorms. No l\u2019hotel m\u00e9s barat, ni el m\u00e9s bonic a les fotos, sin\u00f3 l\u2019entorn real en qu\u00e8 el teu cos i la teva ment descansen. Dormir a prop del mar [&hellip;]<\/p>\n","protected":false},"author":2,"featured_media":7095,"comment_status":"closed","ping_status":"closed","sticky":false,"template":"","format":"standard","meta":{"_acf_changed":false,"footnotes":""},"categories":[62],"tags":[],"class_list":["post-7092","post","type-post","status-publish","format-standard","has-post-thumbnail","hentry","category-uncategorized-ca"],"acf":[],"yoast_head":"<!-- This site is optimized with the Yoast SEO plugin v27.4 - https:\/\/yoast.com\/product\/yoast-seo-wordpress\/ -->\n<title>Per qu\u00e8 dormir a prop del mar a Vilanova i la Geltr\u00fa millora el teu descans i el teu benestar | Atenea Park \u2013 Suites Apartaments<\/title>\n<meta name=\"description\" content=\"Descobreix per qu\u00e8 dormir a prop del mar a Vilanova i la Geltr\u00fa millora el teu descans i benestar. Reserva la teva escapada i desconnecta de veritat.\" \/>\n<meta name=\"robots\" content=\"index, follow, max-snippet:-1, max-image-preview:large, max-video-preview:-1\" \/>\n<link rel=\"canonical\" href=\"https:\/\/www.ateneapark.com\/ca\/per-que-dormir-a-prop-del-mar-a-vilanova-i-la-geltru-millora-el-teu-descans-i-el-teu-benestar\" \/>\n<meta property=\"og:locale\" content=\"ca_ES\" \/>\n<meta property=\"og:type\" content=\"article\" \/>\n<meta property=\"og:title\" content=\"Per qu\u00e8 dormir a prop del mar a Vilanova i la Geltr\u00fa millora el teu descans i el teu benestar | Atenea Park \u2013 Suites Apartaments\" \/>\n<meta property=\"og:description\" content=\"Descobreix per qu\u00e8 dormir a prop del mar a Vilanova i la Geltr\u00fa millora el teu descans i benestar. Reserva la teva escapada i desconnecta de veritat.\" \/>\n<meta property=\"og:url\" content=\"https:\/\/www.ateneapark.com\/ca\/per-que-dormir-a-prop-del-mar-a-vilanova-i-la-geltru-millora-el-teu-descans-i-el-teu-benestar\" \/>\n<meta property=\"og:site_name\" content=\"Atenea Park \u2013 Suites Apartaments\" \/>\n<meta property=\"article:published_time\" content=\"2026-03-03T10:36:05+00:00\" \/>\n<meta property=\"article:modified_time\" content=\"2026-03-03T10:50:51+00:00\" \/>\n<meta property=\"og:image\" content=\"https:\/\/www.ateneapark.com\/wp-content\/uploads\/2026\/03\/Por-que-dormir-cerca-del-mar-en-Vilanova-i-la-Geltru-mejora-tu-descanso-y-tu-bienestar.jpg\" \/>\n\t<meta property=\"og:image:width\" content=\"800\" \/>\n\t<meta property=\"og:image:height\" content=\"533\" \/>\n\t<meta property=\"og:image:type\" content=\"image\/jpeg\" \/>\n<meta name=\"author\" content=\"Atenea\" \/>\n<meta name=\"twitter:card\" content=\"summary_large_image\" \/>\n<meta name=\"twitter:label1\" content=\"Escrit per\" \/>\n\t<meta name=\"twitter:data1\" content=\"Atenea\" \/>\n\t<meta name=\"twitter:label2\" content=\"Temps estimat de lectura\" \/>\n\t<meta name=\"twitter:data2\" content=\"4 minuts\" \/>\n<script type=\"application\/ld+json\" class=\"yoast-schema-graph\">{\"@context\":\"https:\\\/\\\/schema.org\",\"@graph\":[{\"@type\":\"Article\",\"@id\":\"https:\\\/\\\/www.ateneapark.com\\\/ca\\\/per-que-dormir-a-prop-del-mar-a-vilanova-i-la-geltru-millora-el-teu-descans-i-el-teu-benestar#article\",\"isPartOf\":{\"@id\":\"https:\\\/\\\/www.ateneapark.com\\\/ca\\\/per-que-dormir-a-prop-del-mar-a-vilanova-i-la-geltru-millora-el-teu-descans-i-el-teu-benestar\"},\"author\":{\"name\":\"Atenea\",\"@id\":\"https:\\\/\\\/www.ateneapark.com\\\/ca#\\\/schema\\\/person\\\/cc3769cd0cf3b47d29694fe04258346f\"},\"headline\":\"Per qu\u00e8 dormir a prop del mar a Vilanova i la Geltr\u00fa millora el teu descans i el teu benestar\",\"datePublished\":\"2026-03-03T10:36:05+00:00\",\"dateModified\":\"2026-03-03T10:50:51+00:00\",\"mainEntityOfPage\":{\"@id\":\"https:\\\/\\\/www.ateneapark.com\\\/ca\\\/per-que-dormir-a-prop-del-mar-a-vilanova-i-la-geltru-millora-el-teu-descans-i-el-teu-benestar\"},\"wordCount\":879,\"publisher\":{\"@id\":\"https:\\\/\\\/www.ateneapark.com\\\/ca#organization\"},\"image\":{\"@id\":\"https:\\\/\\\/www.ateneapark.com\\\/ca\\\/per-que-dormir-a-prop-del-mar-a-vilanova-i-la-geltru-millora-el-teu-descans-i-el-teu-benestar#primaryimage\"},\"thumbnailUrl\":\"https:\\\/\\\/www.ateneapark.com\\\/wp-content\\\/uploads\\\/2026\\\/03\\\/Por-que-dormir-cerca-del-mar-en-Vilanova-i-la-Geltru-mejora-tu-descanso-y-tu-bienestar.jpg\",\"articleSection\":[\"Uncategorized @ca\"],\"inLanguage\":\"ca\"},{\"@type\":\"WebPage\",\"@id\":\"https:\\\/\\\/www.ateneapark.com\\\/ca\\\/per-que-dormir-a-prop-del-mar-a-vilanova-i-la-geltru-millora-el-teu-descans-i-el-teu-benestar\",\"url\":\"https:\\\/\\\/www.ateneapark.com\\\/ca\\\/per-que-dormir-a-prop-del-mar-a-vilanova-i-la-geltru-millora-el-teu-descans-i-el-teu-benestar\",\"name\":\"Per qu\u00e8 dormir a prop del mar a Vilanova i la Geltr\u00fa millora el teu descans i el teu benestar | Atenea Park \u2013 Suites Apartaments\",\"isPartOf\":{\"@id\":\"https:\\\/\\\/www.ateneapark.com\\\/ca#website\"},\"primaryImageOfPage\":{\"@id\":\"https:\\\/\\\/www.ateneapark.com\\\/ca\\\/per-que-dormir-a-prop-del-mar-a-vilanova-i-la-geltru-millora-el-teu-descans-i-el-teu-benestar#primaryimage\"},\"image\":{\"@id\":\"https:\\\/\\\/www.ateneapark.com\\\/ca\\\/per-que-dormir-a-prop-del-mar-a-vilanova-i-la-geltru-millora-el-teu-descans-i-el-teu-benestar#primaryimage\"},\"thumbnailUrl\":\"https:\\\/\\\/www.ateneapark.com\\\/wp-content\\\/uploads\\\/2026\\\/03\\\/Por-que-dormir-cerca-del-mar-en-Vilanova-i-la-Geltru-mejora-tu-descanso-y-tu-bienestar.jpg\",\"datePublished\":\"2026-03-03T10:36:05+00:00\",\"dateModified\":\"2026-03-03T10:50:51+00:00\",\"description\":\"Descobreix per qu\u00e8 dormir a prop del mar a Vilanova i la Geltr\u00fa millora el teu descans i benestar. Reserva la teva escapada i desconnecta de veritat.\",\"breadcrumb\":{\"@id\":\"https:\\\/\\\/www.ateneapark.com\\\/ca\\\/per-que-dormir-a-prop-del-mar-a-vilanova-i-la-geltru-millora-el-teu-descans-i-el-teu-benestar#breadcrumb\"},\"inLanguage\":\"ca\",\"potentialAction\":[{\"@type\":\"ReadAction\",\"target\":[\"https:\\\/\\\/www.ateneapark.com\\\/ca\\\/per-que-dormir-a-prop-del-mar-a-vilanova-i-la-geltru-millora-el-teu-descans-i-el-teu-benestar\"]}]},{\"@type\":\"ImageObject\",\"inLanguage\":\"ca\",\"@id\":\"https:\\\/\\\/www.ateneapark.com\\\/ca\\\/per-que-dormir-a-prop-del-mar-a-vilanova-i-la-geltru-millora-el-teu-descans-i-el-teu-benestar#primaryimage\",\"url\":\"https:\\\/\\\/www.ateneapark.com\\\/wp-content\\\/uploads\\\/2026\\\/03\\\/Por-que-dormir-cerca-del-mar-en-Vilanova-i-la-Geltru-mejora-tu-descanso-y-tu-bienestar.jpg\",\"contentUrl\":\"https:\\\/\\\/www.ateneapark.com\\\/wp-content\\\/uploads\\\/2026\\\/03\\\/Por-que-dormir-cerca-del-mar-en-Vilanova-i-la-Geltru-mejora-tu-descanso-y-tu-bienestar.jpg\",\"width\":800,\"height\":533},{\"@type\":\"BreadcrumbList\",\"@id\":\"https:\\\/\\\/www.ateneapark.com\\\/ca\\\/per-que-dormir-a-prop-del-mar-a-vilanova-i-la-geltru-millora-el-teu-descans-i-el-teu-benestar#breadcrumb\",\"itemListElement\":[{\"@type\":\"ListItem\",\"position\":1,\"name\":\"Home\",\"item\":\"https:\\\/\\\/www.ateneapark.com\\\/ca\"},{\"@type\":\"ListItem\",\"position\":2,\"name\":\"Per qu\u00e8 dormir a prop del mar a Vilanova i la Geltr\u00fa millora el teu descans i el teu benestar\"}]},{\"@type\":\"WebSite\",\"@id\":\"https:\\\/\\\/www.ateneapark.com\\\/ca#website\",\"url\":\"https:\\\/\\\/www.ateneapark.com\\\/ca\",\"name\":\"Atenea Park \u2013 Suites Apartaments\",\"description\":\"Atenea Park est\u00e1 situado en Vilanova y la Geltr\u00fa, poblaci\u00f3n muy pr\u00f3xima a Sitges. Precio m\u00ednimo garantizado. Oferta 5%descuento, desayuno y parking gratis.\",\"publisher\":{\"@id\":\"https:\\\/\\\/www.ateneapark.com\\\/ca#organization\"},\"potentialAction\":[{\"@type\":\"SearchAction\",\"target\":{\"@type\":\"EntryPoint\",\"urlTemplate\":\"https:\\\/\\\/www.ateneapark.com\\\/ca?s={search_term_string}\"},\"query-input\":{\"@type\":\"PropertyValueSpecification\",\"valueRequired\":true,\"valueName\":\"search_term_string\"}}],\"inLanguage\":\"ca\"},{\"@type\":\"Organization\",\"@id\":\"https:\\\/\\\/www.ateneapark.com\\\/ca#organization\",\"name\":\"Sanoimels, S.L\",\"url\":\"https:\\\/\\\/www.ateneapark.com\\\/ca\",\"logo\":{\"@type\":\"ImageObject\",\"inLanguage\":\"ca\",\"@id\":\"https:\\\/\\\/www.ateneapark.com\\\/ca#\\\/schema\\\/logo\\\/image\\\/\",\"url\":\"https:\\\/\\\/www.ateneapark.com\\\/wp-content\\\/uploads\\\/2022\\\/02\\\/3.2-galeria.jpg\",\"contentUrl\":\"https:\\\/\\\/www.ateneapark.com\\\/wp-content\\\/uploads\\\/2022\\\/02\\\/3.2-galeria.jpg\",\"width\":1124,\"height\":750,\"caption\":\"Sanoimels, S.L\"},\"image\":{\"@id\":\"https:\\\/\\\/www.ateneapark.com\\\/ca#\\\/schema\\\/logo\\\/image\\\/\"}},{\"@type\":\"Person\",\"@id\":\"https:\\\/\\\/www.ateneapark.com\\\/ca#\\\/schema\\\/person\\\/cc3769cd0cf3b47d29694fe04258346f\",\"name\":\"Atenea\"}]}<\/script>\n<!-- \/ Yoast SEO plugin. -->","yoast_head_json":{"title":"Per qu\u00e8 dormir a prop del mar a Vilanova i la Geltr\u00fa millora el teu descans i el teu benestar | Atenea Park \u2013 Suites Apartaments","description":"Descobreix per qu\u00e8 dormir a prop del mar a Vilanova i la Geltr\u00fa millora el teu descans i benestar. Reserva la teva escapada i desconnecta de veritat.","robots":{"index":"index","follow":"follow","max-snippet":"max-snippet:-1","max-image-preview":"max-image-preview:large","max-video-preview":"max-video-preview:-1"},"canonical":"https:\/\/www.ateneapark.com\/ca\/per-que-dormir-a-prop-del-mar-a-vilanova-i-la-geltru-millora-el-teu-descans-i-el-teu-benestar","og_locale":"ca_ES","og_type":"article","og_title":"Per qu\u00e8 dormir a prop del mar a Vilanova i la Geltr\u00fa millora el teu descans i el teu benestar | Atenea Park \u2013 Suites Apartaments","og_description":"Descobreix per qu\u00e8 dormir a prop del mar a Vilanova i la Geltr\u00fa millora el teu descans i benestar. Reserva la teva escapada i desconnecta de veritat.","og_url":"https:\/\/www.ateneapark.com\/ca\/per-que-dormir-a-prop-del-mar-a-vilanova-i-la-geltru-millora-el-teu-descans-i-el-teu-benestar","og_site_name":"Atenea Park \u2013 Suites Apartaments","article_published_time":"2026-03-03T10:36:05+00:00","article_modified_time":"2026-03-03T10:50:51+00:00","og_image":[{"width":800,"height":533,"url":"https:\/\/www.ateneapark.com\/wp-content\/uploads\/2026\/03\/Por-que-dormir-cerca-del-mar-en-Vilanova-i-la-Geltru-mejora-tu-descanso-y-tu-bienestar.jpg","type":"image\/jpeg"}],"author":"Atenea","twitter_card":"summary_large_image","twitter_misc":{"Escrit per":"Atenea","Temps estimat de lectura":"4 minuts"},"schema":{"@context":"https:\/\/schema.org","@graph":[{"@type":"Article","@id":"https:\/\/www.ateneapark.com\/ca\/per-que-dormir-a-prop-del-mar-a-vilanova-i-la-geltru-millora-el-teu-descans-i-el-teu-benestar#article","isPartOf":{"@id":"https:\/\/www.ateneapark.com\/ca\/per-que-dormir-a-prop-del-mar-a-vilanova-i-la-geltru-millora-el-teu-descans-i-el-teu-benestar"},"author":{"name":"Atenea","@id":"https:\/\/www.ateneapark.com\/ca#\/schema\/person\/cc3769cd0cf3b47d29694fe04258346f"},"headline":"Per qu\u00e8 dormir a prop del mar a Vilanova i la Geltr\u00fa millora el teu descans i el teu benestar","datePublished":"2026-03-03T10:36:05+00:00","dateModified":"2026-03-03T10:50:51+00:00","mainEntityOfPage":{"@id":"https:\/\/www.ateneapark.com\/ca\/per-que-dormir-a-prop-del-mar-a-vilanova-i-la-geltru-millora-el-teu-descans-i-el-teu-benestar"},"wordCount":879,"publisher":{"@id":"https:\/\/www.ateneapark.com\/ca#organization"},"image":{"@id":"https:\/\/www.ateneapark.com\/ca\/per-que-dormir-a-prop-del-mar-a-vilanova-i-la-geltru-millora-el-teu-descans-i-el-teu-benestar#primaryimage"},"thumbnailUrl":"https:\/\/www.ateneapark.com\/wp-content\/uploads\/2026\/03\/Por-que-dormir-cerca-del-mar-en-Vilanova-i-la-Geltru-mejora-tu-descanso-y-tu-bienestar.jpg","articleSection":["Uncategorized @ca"],"inLanguage":"ca"},{"@type":"WebPage","@id":"https:\/\/www.ateneapark.com\/ca\/per-que-dormir-a-prop-del-mar-a-vilanova-i-la-geltru-millora-el-teu-descans-i-el-teu-benestar","url":"https:\/\/www.ateneapark.com\/ca\/per-que-dormir-a-prop-del-mar-a-vilanova-i-la-geltru-millora-el-teu-descans-i-el-teu-benestar","name":"Per qu\u00e8 dormir a prop del mar a Vilanova i la Geltr\u00fa millora el teu descans i el teu benestar | Atenea Park \u2013 Suites Apartaments","isPartOf":{"@id":"https:\/\/www.ateneapark.com\/ca#website"},"primaryImageOfPage":{"@id":"https:\/\/www.ateneapark.com\/ca\/per-que-dormir-a-prop-del-mar-a-vilanova-i-la-geltru-millora-el-teu-descans-i-el-teu-benestar#primaryimage"},"image":{"@id":"https:\/\/www.ateneapark.com\/ca\/per-que-dormir-a-prop-del-mar-a-vilanova-i-la-geltru-millora-el-teu-descans-i-el-teu-benestar#primaryimage"},"thumbnailUrl":"https:\/\/www.ateneapark.com\/wp-content\/uploads\/2026\/03\/Por-que-dormir-cerca-del-mar-en-Vilanova-i-la-Geltru-mejora-tu-descanso-y-tu-bienestar.jpg","datePublished":"2026-03-03T10:36:05+00:00","dateModified":"2026-03-03T10:50:51+00:00","description":"Descobreix per qu\u00e8 dormir a prop del mar a Vilanova i la Geltr\u00fa millora el teu descans i benestar. Reserva la teva escapada i desconnecta de veritat.","breadcrumb":{"@id":"https:\/\/www.ateneapark.com\/ca\/per-que-dormir-a-prop-del-mar-a-vilanova-i-la-geltru-millora-el-teu-descans-i-el-teu-benestar#breadcrumb"},"inLanguage":"ca","potentialAction":[{"@type":"ReadAction","target":["https:\/\/www.ateneapark.com\/ca\/per-que-dormir-a-prop-del-mar-a-vilanova-i-la-geltru-millora-el-teu-descans-i-el-teu-benestar"]}]},{"@type":"ImageObject","inLanguage":"ca","@id":"https:\/\/www.ateneapark.com\/ca\/per-que-dormir-a-prop-del-mar-a-vilanova-i-la-geltru-millora-el-teu-descans-i-el-teu-benestar#primaryimage","url":"https:\/\/www.ateneapark.com\/wp-content\/uploads\/2026\/03\/Por-que-dormir-cerca-del-mar-en-Vilanova-i-la-Geltru-mejora-tu-descanso-y-tu-bienestar.jpg","contentUrl":"https:\/\/www.ateneapark.com\/wp-content\/uploads\/2026\/03\/Por-que-dormir-cerca-del-mar-en-Vilanova-i-la-Geltru-mejora-tu-descanso-y-tu-bienestar.jpg","width":800,"height":533},{"@type":"BreadcrumbList","@id":"https:\/\/www.ateneapark.com\/ca\/per-que-dormir-a-prop-del-mar-a-vilanova-i-la-geltru-millora-el-teu-descans-i-el-teu-benestar#breadcrumb","itemListElement":[{"@type":"ListItem","position":1,"name":"Home","item":"https:\/\/www.ateneapark.com\/ca"},{"@type":"ListItem","position":2,"name":"Per qu\u00e8 dormir a prop del mar a Vilanova i la Geltr\u00fa millora el teu descans i el teu benestar"}]},{"@type":"WebSite","@id":"https:\/\/www.ateneapark.com\/ca#website","url":"https:\/\/www.ateneapark.com\/ca","name":"Atenea Park \u2013 Suites Apartaments","description":"Atenea Park est\u00e1 situado en Vilanova y la Geltr\u00fa, poblaci\u00f3n muy pr\u00f3xima a Sitges. Precio m\u00ednimo garantizado. Oferta 5%descuento, desayuno y parking gratis.","publisher":{"@id":"https:\/\/www.ateneapark.com\/ca#organization"},"potentialAction":[{"@type":"SearchAction","target":{"@type":"EntryPoint","urlTemplate":"https:\/\/www.ateneapark.com\/ca?s={search_term_string}"},"query-input":{"@type":"PropertyValueSpecification","valueRequired":true,"valueName":"search_term_string"}}],"inLanguage":"ca"},{"@type":"Organization","@id":"https:\/\/www.ateneapark.com\/ca#organization","name":"Sanoimels, S.L","url":"https:\/\/www.ateneapark.com\/ca","logo":{"@type":"ImageObject","inLanguage":"ca","@id":"https:\/\/www.ateneapark.com\/ca#\/schema\/logo\/image\/","url":"https:\/\/www.ateneapark.com\/wp-content\/uploads\/2022\/02\/3.2-galeria.jpg","contentUrl":"https:\/\/www.ateneapark.com\/wp-content\/uploads\/2022\/02\/3.2-galeria.jpg","width":1124,"height":750,"caption":"Sanoimels, S.L"},"image":{"@id":"https:\/\/www.ateneapark.com\/ca#\/schema\/logo\/image\/"}},{"@type":"Person","@id":"https:\/\/www.ateneapark.com\/ca#\/schema\/person\/cc3769cd0cf3b47d29694fe04258346f","name":"Atenea"}]}},"_links":{"self":[{"href":"https:\/\/www.ateneapark.com\/ca\/wp-json\/wp\/v2\/posts\/7092","targetHints":{"allow":["GET"]}}],"collection":[{"href":"https:\/\/www.ateneapark.com\/ca\/wp-json\/wp\/v2\/posts"}],"about":[{"href":"https:\/\/www.ateneapark.com\/ca\/wp-json\/wp\/v2\/types\/post"}],"author":[{"embeddable":true,"href":"https:\/\/www.ateneapark.com\/ca\/wp-json\/wp\/v2\/users\/2"}],"replies":[{"embeddable":true,"href":"https:\/\/www.ateneapark.com\/ca\/wp-json\/wp\/v2\/comments?post=7092"}],"version-history":[{"count":2,"href":"https:\/\/www.ateneapark.com\/ca\/wp-json\/wp\/v2\/posts\/7092\/revisions"}],"predecessor-version":[{"id":7103,"href":"https:\/\/www.ateneapark.com\/ca\/wp-json\/wp\/v2\/posts\/7092\/revisions\/7103"}],"wp:featuredmedia":[{"embeddable":true,"href":"https:\/\/www.ateneapark.com\/ca\/wp-json\/wp\/v2\/media\/7095"}],"wp:attachment":[{"href":"https:\/\/www.ateneapark.com\/ca\/wp-json\/wp\/v2\/media?parent=7092"}],"wp:term":[{"taxonomy":"category","embeddable":true,"href":"https:\/\/www.ateneapark.com\/ca\/wp-json\/wp\/v2\/categories?post=7092"},{"taxonomy":"post_tag","embeddable":true,"href":"https:\/\/www.ateneapark.com\/ca\/wp-json\/wp\/v2\/tags?post=7092"}],"curies":[{"name":"wp","href":"https:\/\/api.w.org\/{rel}","templated":true}]}}