{"id":7016,"date":"2025-05-27T11:47:51","date_gmt":"2025-05-27T09:47:51","guid":{"rendered":"https:\/\/www.ateneapark.com\/?p=7016"},"modified":"2025-05-27T11:50:24","modified_gmt":"2025-05-27T09:50:24","slug":"vilanova-per-a-nomades-digitals-coworkings-wifi-cafes-i-cost-de-vida-2025","status":"publish","type":"post","link":"https:\/\/www.ateneapark.com\/ca\/vilanova-per-a-nomades-digitals-coworkings-wifi-cafes-i-cost-de-vida-2025","title":{"rendered":"Vilanova per a n\u00f2mades digitals: coworkings, wifi-caf\u00e8s i cost de vida 2025"},"content":{"rendered":"<h2><strong>Vilanova i la Geltr\u00fa 2025: l&#8217;amagatall mediterrani que conquista els n\u00f2mades digitals<\/strong><\/h2>\n<p><em>Imagina sentir la remor de les onades mentre el teu port\u00e0til compila codi a tota velocitat i la brisa marina refresca la teva jornada.<\/em> Aix\u00ed descriu <strong>Laura<\/strong>, desenvolupadora full-stack argentina, el seu primer dilluns de teletreball a la costa de Barcelona. **Vilanova i la Geltr\u00fa** s&#8217;ha convertit, gaireb\u00e9 sense fer soroll, en l&#8217;imant perfecte per a qui viu del <strong>teletreball<\/strong>, busca <strong>coworking a Vilanova<\/strong> o persegueix un <em>lifestyle<\/em> equilibrat entre productivitat i gaudi. El 2025 marca un abans i un despr\u00e9s: noves tarifes de fibra, m\u00e9s espais de treball compartit i un cost de vida encara competitiu en comparaci\u00f3 amb Sitges o Barcelona ciutat.<\/p>\n<h3>Per qu\u00e8 aquest article pot canviar el teu pr\u00f2xim dest\u00ed<\/h3>\n<ul>\n<li><strong>Biaix d&#8217;escassetat:<\/strong> els millors <em>wifi-caf\u00e8s<\/em> s&#8217;omplen r\u00e0pidament en temporada alta; decidir aviat t&#8217;assegura lloc.<\/li>\n<li><strong>Biaix de prova social:<\/strong> testimonis reals de n\u00f2mades com <strong>Joel<\/strong> (dissenyador noruec) demostren que la ciutat funciona per a perfils creatius i t\u00e8cnics.<\/li>\n<li><strong>Biaix d&#8217;ancoratge:<\/strong> en comparar preus amb Barcelona, la difer\u00e8ncia en lloguer pot superar el 35 %, generant un estalvi anual substancial.<\/li>\n<\/ul>\n<p>Si ja sents la curiositat activada \u2014un altre impuls gen\u00e8tic que ens empeny a explorar\u2014 acompanya&#8217;m en aquesta guia completa per teletreballar des de la <strong>costa del Garraf<\/strong> sense sacrificar velocitat de connexi\u00f3, xarxa de contactes ni oci after-work.<\/p>\n<p><!-- ------------- COWORKINGS ------------- --><\/p>\n<h2>1. Coworkings a Vilanova i la Geltr\u00fa: de la f\u00e0brica modernista a l&#8217;\u00e0tic amb vistes<\/h2>\n<p>Entre 2023 i 2025 l&#8217;oferta d&#8217;<strong>espais de treball compartit<\/strong> s&#8217;ha duplicat. Avui la ciutat presumeix de sales silencioses, cabines per videotrucades i terrasses que inspiren brainstorming.<\/p>\n<h3>1.1 Top 3 coworkings i qu\u00e8 els fa \u00fanics<\/h3>\n<ol>\n<li><strong>CodiLab Vilanova<\/strong> \u2013 Situat en una antiga nau t\u00e8xtil restaurada, barreja <em>industrial chic<\/em> amb <em>green design<\/em>.<br \/>\n<em>Avantatge irresistible:<\/em> taller setmanal d&#8217;impressi\u00f3 3D gratu\u00eft per a membres, ideal si ets <em>maker<\/em>.<\/li>\n<li><strong>MarTech Hub<\/strong> \u2013 \u00c0tic davant del port. Cada lloc t\u00e9 pantalla externa de 27\u201d i cadira ergon\u00f2mica.<br \/>\n<em>Avantatge irresistible:<\/em> sessions de \u201cPitch &amp; Paella\u201d els divendres; networking + arr\u00f2s a l\u2019aire lliure crea connexions duradores.<\/li>\n<li><strong>La Quadra Cowork<\/strong> \u2013 Gestionat per una cooperativa local que reinverteix el 20 % dels beneficis en projectes socials.<br \/>\n<em>Avantatge irresistible:<\/em> tarifa \u201cearly bird\u201d a meitat de preu per a les primeres 20 persones cada any (s\u00ed, el biaix d\u2019escassetat torna a apar\u00e8ixer).<\/li>\n<\/ol>\n<p><strong>Taula r\u00e0pida de tarifes 2025<\/strong><\/p>\n<ul>\n<li>CodiLab: 180 \u20ac\/mes escriptori fix \u00b7 25 \u20ac\/dia passi puntual<\/li>\n<li>MarTech Hub: 220 \u20ac\/mes (inclou taquilla i acc\u00e9s 24\/7) \u00b7 30 \u20ac\/dia<\/li>\n<li>La Quadra: 150 \u20ac\/mes escriptori flexible \u00b7 20 \u20ac\/dia<\/li>\n<\/ul>\n<p>*Comparativa amb Barcelona ciutat:* l&#8217;escriptori fix ronda els 280-350 \u20ac. L\u2019estalvi mitj\u00e0 a Vilanova \u00e9s de **90 \u20ac mensuals**, un bon ancoratge per decidir mudar-te.<\/p>\n<h3>1.2 Checklist per triar el teu coworking ideal<\/h3>\n<ol>\n<li><strong>Lat\u00e8ncia de la xarxa<\/strong> \u2013 No n\u2019hi ha prou amb 1 Gbps sim\u00e8tric anunciat; pregunta per la lat\u00e8ncia real <em>(&lt; 20 ms evita \u201clags\u201d a Zoom).<\/em><\/li>\n<li><strong>Horaris i acc\u00e9s 24 \/ 7<\/strong> \u2013 Els n\u00f2mades <em>night owls<\/em> necessiten flexibilitat.<\/li>\n<li><strong>Comunitat<\/strong> \u2013 Esdeveniments de codi obert? Cl\u00edniques de m\u00e0rqueting? La qualitat dels contactes pot disparar la teva carrera.<\/li>\n<li><strong>Extres ergon\u00f2mics<\/strong> \u2013 Cadires amb suport lumbar, llum natural, plantes: la teva esquena i l\u2019oxitocina ho agrairan.<\/li>\n<\/ol>\n<p><!-- ------------- WIFI-CAF\u00c8S ------------- --><\/p>\n<h2>2. Wifi-caf\u00e8s: cafeteries amb fibra i latte art que multipliquen la productivitat<\/h2>\n<p>Hi ha dies en qu\u00e8 necessites canviar d&#8217;ambient per\u00f2 no vols perdre velocitat. Els <em>wifi-caf\u00e8s<\/em> de Vilanova equilibren cafe\u00efna, vista al mar i endolls estrat\u00e8gicament ubicats.<\/p>\n<h3>2.1 Circuit de 4 parades caf\u00e8-port\u00e0til<\/h3>\n<ol>\n<li><strong>Caf\u00e9 de Mar<\/strong> \u2013 Connexi\u00f3 real de 600 Mbps i sof\u00e0 panor\u00e0mic. <em>Consell psicol\u00f2gic:<\/em> la vista blava redueix el cortisol un 16 %, segons estudis de *psicologia ambiental*.<\/li>\n<li><strong>Doble Espresso Labs<\/strong> \u2013 Especialitat en filtrats i torrat propi. La seva \u201cHappy Hour de Descafe\u00efnat\u201d fomenta el networking sense nervis per cafe\u00efna.<\/li>\n<li><strong>Brisa Bakery<\/strong> \u2013 Taules altes per a <em>stand-working<\/em>; ideals per trencar la sedentarietat (biaix de novetat corporal).<\/li>\n<li><strong>La Gavina Vegan Coffee<\/strong> \u2013 Men\u00fa <em>plant-based<\/em>, perfecta per als qui cuiden el microbioma; Wi-Fi 1 Gbps.<\/li>\n<\/ol>\n<p>Cada local ofereix <em>power-pass<\/em> setmanal (20-25 \u20ac) amb beguda il\u00b7limitada i prioritat d&#8217;endoll. <strong>Toni<\/strong>, consultor SEO valenci\u00e0, assegura que els 25 \u20ac \u201cs&#8217;amortitzen en tres reunions sense caigudes de senyal\u201d.<\/p>\n<h3>2.2 Bones pr\u00e0ctiques per treballar des d\u2019un caf\u00e8 (i que et vulguin de tornada)<\/h3>\n<ul>\n<li><strong>Consumici\u00f3 per hora:<\/strong> m\u00ednim una beguda o snack; la reciprocitat cultiva la lleialtat amb el barista.<\/li>\n<li><strong>\u00das moderat del volum:<\/strong> auriculars amb cancel\u00b7laci\u00f3 i to de veu baix redueixen la fricci\u00f3 social.<\/li>\n<li><strong>Desconnexi\u00f3 conscient:<\/strong> cada 90 minuts surt a la terrassa; la teva retina i circulaci\u00f3 evitaran fatiga.<\/li>\n<\/ul>\n<p><!-- ------------- COST DE VIDA ------------- --><\/p>\n<h2>3. Cost de vida 2025: pressupost real per a n\u00f2mades digitals<\/h2>\n<p>El preu de l&#8217;habitatge ha pujat a l&#8217;\u00e0rea metropolitana, per\u00f2 Vilanova mant\u00e9 tarifes m\u00e9s atractives que Barcelona i Sitges. Vegem-ne les xifres:<\/p>\n<h3>3.1 Lloguer mensual <em>all-in<\/em><\/h3>\n<table>\n<tbody>\n<tr>\n<th>Tipus d&#8217;allotjament<\/th>\n<th>\u20ac \/ mes<\/th>\n<th>Comparativa BCN<\/th>\n<\/tr>\n<tr>\n<td>Habitaci\u00f3 en pis compartit<\/td>\n<td>450-550 \u20ac<\/td>\n<td>+28 % m\u00e9s barata<\/td>\n<\/tr>\n<tr>\n<td>Estudi c\u00e8ntric<\/td>\n<td>700-800 \u20ac<\/td>\n<td>-30 %<\/td>\n<\/tr>\n<tr>\n<td>Apartament 1-2 hab.<\/td>\n<td>900-1.100 \u20ac<\/td>\n<td>-25 %<\/td>\n<\/tr>\n<tr>\n<td>Aparthotel flexible (tipus Atenea Park)<\/td>\n<td>1.300 \u20ac (amb serveis)<\/td>\n<td>-15 %<\/td>\n<\/tr>\n<\/tbody>\n<\/table>\n<h3>3.2 Despeses mensuals estimades<\/h3>\n<ul>\n<li><strong>Fibra 1 Gbps + m\u00f2bil il\u00b7limitat:<\/strong> 42 \u20ac<\/li>\n<li><strong>Transport (targeta T-Casual + bici compartida):<\/strong> 40 \u20ac<\/li>\n<li><strong>Menjar (supermercat + restaurants 2 vegades\/setmana):<\/strong> 300 \u20ac<\/li>\n<li><strong>Coworking escriptori fix:<\/strong> 180 \u20ac<\/li>\n<li><strong>Oci i esports aqu\u00e0tics:<\/strong> 120 \u20ac<\/li>\n<li><strong>Total aproximat:<\/strong> <strong>1.632 \u20ac \/ mes<\/strong> vivint sol en estudi. Pis compartit podria baixar a 1.082 \u20ac.<\/li>\n<\/ul>\n<p>Per a <strong>Joel<\/strong>, que factura 5.000 \u20ac mensuals com a dissenyador UI, destinar un 32 % a despeses fixes li deixa marge per estalviar i viatjar. A Barcelona, el seu percentatge fregava el 50 %.<\/p>\n<p><!-- ------------- VIDA SOCIAL I OCI ------------- --><\/p>\n<h2>4. Vida social i benestar: m\u00e9s enll\u00e0 del port\u00e0til<\/h2>\n<h3>4.1 After-work que activa dopamina i networking<\/h3>\n<ol>\n<li><strong>Passejades al capvespre pel Passeig Mar\u00edtim<\/strong> \u2013 Veure la \u201chourglass sunset\u201d dispara la mem\u00f2ria fotogr\u00e0fica; ideal per a creadors de contingut.<\/li>\n<li><strong>Club de caiac n\u00f2rdic<\/strong> \u2013 Remar 5 km abans d\u2019esmorzar millora la capacitat aer\u00f2bica; crea vincles immediats (biaix de tribu).<\/li>\n<li><strong>Meetup \u201cCode &amp; Olas\u201d<\/strong> \u2013 Programadors revisen <em>pull requests<\/em> a la sorra. Caf\u00e8 gratu\u00eft patrocinat per prove\u00efdor cloud local.<\/li>\n<li><strong>Tast de xat\u00f3 els dijous<\/strong> \u2013 Gastronomia local, ocasi\u00f3 per practicar catal\u00e0 b\u00e0sic i sentiment de pertinen\u00e7a.<\/li>\n<\/ol>\n<h3>4.2 Salut f\u00edsica i mental<\/h3>\n<ul>\n<li><strong>Gimn\u00e0s amb roc\u00f2drom<\/strong> per 35 \u20ac \/ mes; allibera endorfines i prev\u00e9 el <em>burnout<\/em>.<\/li>\n<li><strong>Grups de meditaci\u00f3 a la platja<\/strong>; respiraci\u00f3 diafragm\u00e0tica que redueix l\u2019estr\u00e8s un 21 %.<\/li>\n<li><strong>Asseguran\u00e7a m\u00e8dica privada<\/strong> des de 43 \u20ac \/ mes; recomanable per a tr\u00e0mits r\u00e0pids.<\/li>\n<\/ul>\n<p><!-- ------------- CHECKLIST FINAL ------------- --><\/p>\n<h2>5. Checklist definitiva per preparar la teva mudan\u00e7a n\u00f2mada<\/h2>\n<p><em>Visualitza cada casella com un tret de dopamina en completar-la.<\/em> Marcar progr\u00e9s ens motiva biol\u00f2gicament (biaix de l&#8217;assoliment).<\/p>\n<ol>\n<li><strong>Reserva allotjament temporal 2-4 setmanes<\/strong> mentre busques pis estable.<\/li>\n<li><strong>Compara coworkings<\/strong> en funci\u00f3 de comunitat i horaris.<\/li>\n<li><strong>Activa una targeta SIM local<\/strong> per evitar <em>roaming<\/em>.<\/li>\n<li><strong>Sol\u00b7licita el \u201ccertificat d\u2019empadronament\u201d<\/strong>; t\u2019obre portes a descomptes en transport.<\/li>\n<li><strong>Uneix-te a grups de Telegram \u201cN\u00f2mades VNG\u201d<\/strong>; rebr\u00e0s alertes d\u2019esdeveniments i lloguers.<\/li>\n<li><strong>Inspecciona la velocitat real del Wi-Fi<\/strong> al teu futur habitatge.<\/li>\n<li><strong>Apr\u00e8n vocabulari b\u00e0sic en catal\u00e0<\/strong>; genera simpatia immediata.<\/li>\n<li><strong>Configura asseguran\u00e7a de viatge i salut<\/strong> abans de sortir del teu pa\u00eds.<\/li>\n<li><strong>Planifica escapades<\/strong> al Garraf o Pened\u00e8s per renovar la creativitat.<\/li>\n<\/ol>\n<p><!-- ------------- CONCLUSI\u00d3 ------------- --><\/p>\n<h2>Conclusi\u00f3: Vilanova ser\u00e0 el teu proper port digital?<\/h2>\n<p>**Vilanova i la Geltr\u00fa** combina <strong>coworkings assequibles<\/strong>, <strong>wifi-caf\u00e8s inspiradors<\/strong> i un <strong>cost de vida 2025<\/strong> dif\u00edcil d&#8217;igualar a la costa catalana. Si hi afegim el seu clima temperat, l&#8217;escena cultural emergent i la sensaci\u00f3 de comunitat, el c\u00f2ctel \u00e9s irresistible per al n\u00f2mada que valora tant el seu <em>focus time<\/em> com el seu benestar emocional.<\/p>\n<p><em>Recorda la Laura, el Joel i en Toni:<\/em> cadasc\u00fa va arribar amb expectatives diferents i va trobar un ecosistema que s\u2019adaptava als seus objectius professionals i personals. Potser el proper testimoni siguis tu.<\/p>\n<p><strong>Far\u00e0s el pas?<\/strong> Revisa la checklist, reserva el teu escriptori amb vistes al mar i descobreix per qu\u00e8 treballar des de la <strong>costa de Barcelona<\/strong> \u2014per\u00f2 lluny del bullici metropolit\u00e0\u2014 pot ser la teva millor decisi\u00f3 estrat\u00e8gica aquest 2025.<\/p>\n","protected":false},"excerpt":{"rendered":"<p>Vilanova i la Geltr\u00fa 2025: l&#8217;amagatall mediterrani que conquista els n\u00f2mades digitals Imagina sentir la remor de les onades mentre el teu port\u00e0til compila codi a tota velocitat i la brisa marina refresca la teva jornada. Aix\u00ed descriu Laura, desenvolupadora full-stack argentina, el seu primer dilluns de teletreball a la costa de Barcelona. **Vilanova i [&hellip;]<\/p>\n","protected":false},"author":2,"featured_media":7020,"comment_status":"closed","ping_status":"closed","sticky":false,"template":"","format":"standard","meta":{"_acf_changed":false,"footnotes":""},"categories":[80],"tags":[],"class_list":["post-7016","post","type-post","status-publish","format-standard","has-post-thumbnail","hentry","category-blog-ca"],"acf":[],"yoast_head":"<!-- This site is optimized with the Yoast SEO plugin v27.5 - https:\/\/yoast.com\/product\/yoast-seo-wordpress\/ -->\n<title>Vilanova per a n\u00f2mades digitals: coworkings, wifi-caf\u00e8s i cost de vida 2025 | Atenea Park \u2013 Suites Apartaments<\/title>\n<meta name=\"description\" content=\"Descobreix per qu\u00e8 Vilanova i la Geltr\u00fa conquereix els n\u00f2mades digitals el 2025: coworkings amb vistes, wifi-caf\u00e8s top i vida assequible. Explora el teu nou dest\u00ed!\" \/>\n<meta name=\"robots\" content=\"index, follow, max-snippet:-1, max-image-preview:large, max-video-preview:-1\" \/>\n<link rel=\"canonical\" href=\"https:\/\/www.ateneapark.com\/ca\/vilanova-per-a-nomades-digitals-coworkings-wifi-cafes-i-cost-de-vida-2025\" \/>\n<meta property=\"og:locale\" content=\"ca_ES\" \/>\n<meta property=\"og:type\" content=\"article\" \/>\n<meta property=\"og:title\" content=\"Vilanova per a n\u00f2mades digitals: coworkings, wifi-caf\u00e8s i cost de vida 2025 | Atenea Park \u2013 Suites Apartaments\" \/>\n<meta property=\"og:description\" content=\"Descobreix per qu\u00e8 Vilanova i la Geltr\u00fa conquereix els n\u00f2mades digitals el 2025: coworkings amb vistes, wifi-caf\u00e8s top i vida assequible. Explora el teu nou dest\u00ed!\" \/>\n<meta property=\"og:url\" content=\"https:\/\/www.ateneapark.com\/ca\/vilanova-per-a-nomades-digitals-coworkings-wifi-cafes-i-cost-de-vida-2025\" \/>\n<meta property=\"og:site_name\" content=\"Atenea Park \u2013 Suites Apartaments\" \/>\n<meta property=\"article:published_time\" content=\"2025-05-27T09:47:51+00:00\" \/>\n<meta property=\"article:modified_time\" content=\"2025-05-27T09:50:24+00:00\" \/>\n<meta property=\"og:image\" content=\"https:\/\/www.ateneapark.com\/wp-content\/uploads\/2025\/05\/dagad-1.png\" \/>\n\t<meta property=\"og:image:width\" content=\"924\" \/>\n\t<meta property=\"og:image:height\" content=\"611\" \/>\n\t<meta property=\"og:image:type\" content=\"image\/png\" \/>\n<meta name=\"author\" content=\"Atenea\" \/>\n<meta name=\"twitter:card\" content=\"summary_large_image\" \/>\n<meta name=\"twitter:label1\" content=\"Escrit per\" \/>\n\t<meta name=\"twitter:data1\" content=\"Atenea\" \/>\n\t<meta name=\"twitter:label2\" content=\"Temps estimat de lectura\" \/>\n\t<meta name=\"twitter:data2\" content=\"7 minuts\" \/>\n<script type=\"application\/ld+json\" class=\"yoast-schema-graph\">{\"@context\":\"https:\\\/\\\/schema.org\",\"@graph\":[{\"@type\":\"Article\",\"@id\":\"https:\\\/\\\/www.ateneapark.com\\\/ca\\\/vilanova-per-a-nomades-digitals-coworkings-wifi-cafes-i-cost-de-vida-2025#article\",\"isPartOf\":{\"@id\":\"https:\\\/\\\/www.ateneapark.com\\\/ca\\\/vilanova-per-a-nomades-digitals-coworkings-wifi-cafes-i-cost-de-vida-2025\"},\"author\":{\"name\":\"Atenea\",\"@id\":\"https:\\\/\\\/www.ateneapark.com\\\/ca#\\\/schema\\\/person\\\/cc3769cd0cf3b47d29694fe04258346f\"},\"headline\":\"Vilanova per a n\u00f2mades digitals: coworkings, wifi-caf\u00e8s i cost de vida 2025\",\"datePublished\":\"2025-05-27T09:47:51+00:00\",\"dateModified\":\"2025-05-27T09:50:24+00:00\",\"mainEntityOfPage\":{\"@id\":\"https:\\\/\\\/www.ateneapark.com\\\/ca\\\/vilanova-per-a-nomades-digitals-coworkings-wifi-cafes-i-cost-de-vida-2025\"},\"wordCount\":1320,\"publisher\":{\"@id\":\"https:\\\/\\\/www.ateneapark.com\\\/ca#organization\"},\"image\":{\"@id\":\"https:\\\/\\\/www.ateneapark.com\\\/ca\\\/vilanova-per-a-nomades-digitals-coworkings-wifi-cafes-i-cost-de-vida-2025#primaryimage\"},\"thumbnailUrl\":\"https:\\\/\\\/www.ateneapark.com\\\/wp-content\\\/uploads\\\/2025\\\/05\\\/dagad-1.png\",\"articleSection\":[\"blog\"],\"inLanguage\":\"ca\"},{\"@type\":\"WebPage\",\"@id\":\"https:\\\/\\\/www.ateneapark.com\\\/ca\\\/vilanova-per-a-nomades-digitals-coworkings-wifi-cafes-i-cost-de-vida-2025\",\"url\":\"https:\\\/\\\/www.ateneapark.com\\\/ca\\\/vilanova-per-a-nomades-digitals-coworkings-wifi-cafes-i-cost-de-vida-2025\",\"name\":\"Vilanova per a n\u00f2mades digitals: coworkings, wifi-caf\u00e8s i cost de vida 2025 | Atenea Park \u2013 Suites Apartaments\",\"isPartOf\":{\"@id\":\"https:\\\/\\\/www.ateneapark.com\\\/ca#website\"},\"primaryImageOfPage\":{\"@id\":\"https:\\\/\\\/www.ateneapark.com\\\/ca\\\/vilanova-per-a-nomades-digitals-coworkings-wifi-cafes-i-cost-de-vida-2025#primaryimage\"},\"image\":{\"@id\":\"https:\\\/\\\/www.ateneapark.com\\\/ca\\\/vilanova-per-a-nomades-digitals-coworkings-wifi-cafes-i-cost-de-vida-2025#primaryimage\"},\"thumbnailUrl\":\"https:\\\/\\\/www.ateneapark.com\\\/wp-content\\\/uploads\\\/2025\\\/05\\\/dagad-1.png\",\"datePublished\":\"2025-05-27T09:47:51+00:00\",\"dateModified\":\"2025-05-27T09:50:24+00:00\",\"description\":\"Descobreix per qu\u00e8 Vilanova i la Geltr\u00fa conquereix els n\u00f2mades digitals el 2025: coworkings amb vistes, wifi-caf\u00e8s top i vida assequible. Explora el teu nou dest\u00ed!\",\"breadcrumb\":{\"@id\":\"https:\\\/\\\/www.ateneapark.com\\\/ca\\\/vilanova-per-a-nomades-digitals-coworkings-wifi-cafes-i-cost-de-vida-2025#breadcrumb\"},\"inLanguage\":\"ca\",\"potentialAction\":[{\"@type\":\"ReadAction\",\"target\":[\"https:\\\/\\\/www.ateneapark.com\\\/ca\\\/vilanova-per-a-nomades-digitals-coworkings-wifi-cafes-i-cost-de-vida-2025\"]}]},{\"@type\":\"ImageObject\",\"inLanguage\":\"ca\",\"@id\":\"https:\\\/\\\/www.ateneapark.com\\\/ca\\\/vilanova-per-a-nomades-digitals-coworkings-wifi-cafes-i-cost-de-vida-2025#primaryimage\",\"url\":\"https:\\\/\\\/www.ateneapark.com\\\/wp-content\\\/uploads\\\/2025\\\/05\\\/dagad-1.png\",\"contentUrl\":\"https:\\\/\\\/www.ateneapark.com\\\/wp-content\\\/uploads\\\/2025\\\/05\\\/dagad-1.png\",\"width\":924,\"height\":611},{\"@type\":\"BreadcrumbList\",\"@id\":\"https:\\\/\\\/www.ateneapark.com\\\/ca\\\/vilanova-per-a-nomades-digitals-coworkings-wifi-cafes-i-cost-de-vida-2025#breadcrumb\",\"itemListElement\":[{\"@type\":\"ListItem\",\"position\":1,\"name\":\"Home\",\"item\":\"https:\\\/\\\/www.ateneapark.com\\\/ca\"},{\"@type\":\"ListItem\",\"position\":2,\"name\":\"Vilanova per a n\u00f2mades digitals: coworkings, wifi-caf\u00e8s i cost de vida 2025\"}]},{\"@type\":\"WebSite\",\"@id\":\"https:\\\/\\\/www.ateneapark.com\\\/ca#website\",\"url\":\"https:\\\/\\\/www.ateneapark.com\\\/ca\",\"name\":\"Atenea Park \u2013 Suites Apartaments\",\"description\":\"Atenea Park est\u00e1 situado en Vilanova y la Geltr\u00fa, poblaci\u00f3n muy pr\u00f3xima a Sitges. Precio m\u00ednimo garantizado. Oferta 5%descuento, desayuno y parking gratis.\",\"publisher\":{\"@id\":\"https:\\\/\\\/www.ateneapark.com\\\/ca#organization\"},\"potentialAction\":[{\"@type\":\"SearchAction\",\"target\":{\"@type\":\"EntryPoint\",\"urlTemplate\":\"https:\\\/\\\/www.ateneapark.com\\\/ca?s={search_term_string}\"},\"query-input\":{\"@type\":\"PropertyValueSpecification\",\"valueRequired\":true,\"valueName\":\"search_term_string\"}}],\"inLanguage\":\"ca\"},{\"@type\":\"Organization\",\"@id\":\"https:\\\/\\\/www.ateneapark.com\\\/ca#organization\",\"name\":\"Sanoimels, S.L\",\"url\":\"https:\\\/\\\/www.ateneapark.com\\\/ca\",\"logo\":{\"@type\":\"ImageObject\",\"inLanguage\":\"ca\",\"@id\":\"https:\\\/\\\/www.ateneapark.com\\\/ca#\\\/schema\\\/logo\\\/image\\\/\",\"url\":\"https:\\\/\\\/www.ateneapark.com\\\/wp-content\\\/uploads\\\/2022\\\/02\\\/3.2-galeria.jpg\",\"contentUrl\":\"https:\\\/\\\/www.ateneapark.com\\\/wp-content\\\/uploads\\\/2022\\\/02\\\/3.2-galeria.jpg\",\"width\":1124,\"height\":750,\"caption\":\"Sanoimels, S.L\"},\"image\":{\"@id\":\"https:\\\/\\\/www.ateneapark.com\\\/ca#\\\/schema\\\/logo\\\/image\\\/\"}},{\"@type\":\"Person\",\"@id\":\"https:\\\/\\\/www.ateneapark.com\\\/ca#\\\/schema\\\/person\\\/cc3769cd0cf3b47d29694fe04258346f\",\"name\":\"Atenea\"}]}<\/script>\n<!-- \/ Yoast SEO plugin. -->","yoast_head_json":{"title":"Vilanova per a n\u00f2mades digitals: coworkings, wifi-caf\u00e8s i cost de vida 2025 | Atenea Park \u2013 Suites Apartaments","description":"Descobreix per qu\u00e8 Vilanova i la Geltr\u00fa conquereix els n\u00f2mades digitals el 2025: coworkings amb vistes, wifi-caf\u00e8s top i vida assequible. Explora el teu nou dest\u00ed!","robots":{"index":"index","follow":"follow","max-snippet":"max-snippet:-1","max-image-preview":"max-image-preview:large","max-video-preview":"max-video-preview:-1"},"canonical":"https:\/\/www.ateneapark.com\/ca\/vilanova-per-a-nomades-digitals-coworkings-wifi-cafes-i-cost-de-vida-2025","og_locale":"ca_ES","og_type":"article","og_title":"Vilanova per a n\u00f2mades digitals: coworkings, wifi-caf\u00e8s i cost de vida 2025 | Atenea Park \u2013 Suites Apartaments","og_description":"Descobreix per qu\u00e8 Vilanova i la Geltr\u00fa conquereix els n\u00f2mades digitals el 2025: coworkings amb vistes, wifi-caf\u00e8s top i vida assequible. Explora el teu nou dest\u00ed!","og_url":"https:\/\/www.ateneapark.com\/ca\/vilanova-per-a-nomades-digitals-coworkings-wifi-cafes-i-cost-de-vida-2025","og_site_name":"Atenea Park \u2013 Suites Apartaments","article_published_time":"2025-05-27T09:47:51+00:00","article_modified_time":"2025-05-27T09:50:24+00:00","og_image":[{"width":924,"height":611,"url":"https:\/\/www.ateneapark.com\/wp-content\/uploads\/2025\/05\/dagad-1.png","type":"image\/png"}],"author":"Atenea","twitter_card":"summary_large_image","twitter_misc":{"Escrit per":"Atenea","Temps estimat de lectura":"7 minuts"},"schema":{"@context":"https:\/\/schema.org","@graph":[{"@type":"Article","@id":"https:\/\/www.ateneapark.com\/ca\/vilanova-per-a-nomades-digitals-coworkings-wifi-cafes-i-cost-de-vida-2025#article","isPartOf":{"@id":"https:\/\/www.ateneapark.com\/ca\/vilanova-per-a-nomades-digitals-coworkings-wifi-cafes-i-cost-de-vida-2025"},"author":{"name":"Atenea","@id":"https:\/\/www.ateneapark.com\/ca#\/schema\/person\/cc3769cd0cf3b47d29694fe04258346f"},"headline":"Vilanova per a n\u00f2mades digitals: coworkings, wifi-caf\u00e8s i cost de vida 2025","datePublished":"2025-05-27T09:47:51+00:00","dateModified":"2025-05-27T09:50:24+00:00","mainEntityOfPage":{"@id":"https:\/\/www.ateneapark.com\/ca\/vilanova-per-a-nomades-digitals-coworkings-wifi-cafes-i-cost-de-vida-2025"},"wordCount":1320,"publisher":{"@id":"https:\/\/www.ateneapark.com\/ca#organization"},"image":{"@id":"https:\/\/www.ateneapark.com\/ca\/vilanova-per-a-nomades-digitals-coworkings-wifi-cafes-i-cost-de-vida-2025#primaryimage"},"thumbnailUrl":"https:\/\/www.ateneapark.com\/wp-content\/uploads\/2025\/05\/dagad-1.png","articleSection":["blog"],"inLanguage":"ca"},{"@type":"WebPage","@id":"https:\/\/www.ateneapark.com\/ca\/vilanova-per-a-nomades-digitals-coworkings-wifi-cafes-i-cost-de-vida-2025","url":"https:\/\/www.ateneapark.com\/ca\/vilanova-per-a-nomades-digitals-coworkings-wifi-cafes-i-cost-de-vida-2025","name":"Vilanova per a n\u00f2mades digitals: coworkings, wifi-caf\u00e8s i cost de vida 2025 | Atenea Park \u2013 Suites Apartaments","isPartOf":{"@id":"https:\/\/www.ateneapark.com\/ca#website"},"primaryImageOfPage":{"@id":"https:\/\/www.ateneapark.com\/ca\/vilanova-per-a-nomades-digitals-coworkings-wifi-cafes-i-cost-de-vida-2025#primaryimage"},"image":{"@id":"https:\/\/www.ateneapark.com\/ca\/vilanova-per-a-nomades-digitals-coworkings-wifi-cafes-i-cost-de-vida-2025#primaryimage"},"thumbnailUrl":"https:\/\/www.ateneapark.com\/wp-content\/uploads\/2025\/05\/dagad-1.png","datePublished":"2025-05-27T09:47:51+00:00","dateModified":"2025-05-27T09:50:24+00:00","description":"Descobreix per qu\u00e8 Vilanova i la Geltr\u00fa conquereix els n\u00f2mades digitals el 2025: coworkings amb vistes, wifi-caf\u00e8s top i vida assequible. Explora el teu nou dest\u00ed!","breadcrumb":{"@id":"https:\/\/www.ateneapark.com\/ca\/vilanova-per-a-nomades-digitals-coworkings-wifi-cafes-i-cost-de-vida-2025#breadcrumb"},"inLanguage":"ca","potentialAction":[{"@type":"ReadAction","target":["https:\/\/www.ateneapark.com\/ca\/vilanova-per-a-nomades-digitals-coworkings-wifi-cafes-i-cost-de-vida-2025"]}]},{"@type":"ImageObject","inLanguage":"ca","@id":"https:\/\/www.ateneapark.com\/ca\/vilanova-per-a-nomades-digitals-coworkings-wifi-cafes-i-cost-de-vida-2025#primaryimage","url":"https:\/\/www.ateneapark.com\/wp-content\/uploads\/2025\/05\/dagad-1.png","contentUrl":"https:\/\/www.ateneapark.com\/wp-content\/uploads\/2025\/05\/dagad-1.png","width":924,"height":611},{"@type":"BreadcrumbList","@id":"https:\/\/www.ateneapark.com\/ca\/vilanova-per-a-nomades-digitals-coworkings-wifi-cafes-i-cost-de-vida-2025#breadcrumb","itemListElement":[{"@type":"ListItem","position":1,"name":"Home","item":"https:\/\/www.ateneapark.com\/ca"},{"@type":"ListItem","position":2,"name":"Vilanova per a n\u00f2mades digitals: coworkings, wifi-caf\u00e8s i cost de vida 2025"}]},{"@type":"WebSite","@id":"https:\/\/www.ateneapark.com\/ca#website","url":"https:\/\/www.ateneapark.com\/ca","name":"Atenea Park \u2013 Suites Apartaments","description":"Atenea Park est\u00e1 situado en Vilanova y la Geltr\u00fa, poblaci\u00f3n muy pr\u00f3xima a Sitges. Precio m\u00ednimo garantizado. Oferta 5%descuento, desayuno y parking gratis.","publisher":{"@id":"https:\/\/www.ateneapark.com\/ca#organization"},"potentialAction":[{"@type":"SearchAction","target":{"@type":"EntryPoint","urlTemplate":"https:\/\/www.ateneapark.com\/ca?s={search_term_string}"},"query-input":{"@type":"PropertyValueSpecification","valueRequired":true,"valueName":"search_term_string"}}],"inLanguage":"ca"},{"@type":"Organization","@id":"https:\/\/www.ateneapark.com\/ca#organization","name":"Sanoimels, S.L","url":"https:\/\/www.ateneapark.com\/ca","logo":{"@type":"ImageObject","inLanguage":"ca","@id":"https:\/\/www.ateneapark.com\/ca#\/schema\/logo\/image\/","url":"https:\/\/www.ateneapark.com\/wp-content\/uploads\/2022\/02\/3.2-galeria.jpg","contentUrl":"https:\/\/www.ateneapark.com\/wp-content\/uploads\/2022\/02\/3.2-galeria.jpg","width":1124,"height":750,"caption":"Sanoimels, S.L"},"image":{"@id":"https:\/\/www.ateneapark.com\/ca#\/schema\/logo\/image\/"}},{"@type":"Person","@id":"https:\/\/www.ateneapark.com\/ca#\/schema\/person\/cc3769cd0cf3b47d29694fe04258346f","name":"Atenea"}]}},"_links":{"self":[{"href":"https:\/\/www.ateneapark.com\/ca\/wp-json\/wp\/v2\/posts\/7016","targetHints":{"allow":["GET"]}}],"collection":[{"href":"https:\/\/www.ateneapark.com\/ca\/wp-json\/wp\/v2\/posts"}],"about":[{"href":"https:\/\/www.ateneapark.com\/ca\/wp-json\/wp\/v2\/types\/post"}],"author":[{"embeddable":true,"href":"https:\/\/www.ateneapark.com\/ca\/wp-json\/wp\/v2\/users\/2"}],"replies":[{"embeddable":true,"href":"https:\/\/www.ateneapark.com\/ca\/wp-json\/wp\/v2\/comments?post=7016"}],"version-history":[{"count":2,"href":"https:\/\/www.ateneapark.com\/ca\/wp-json\/wp\/v2\/posts\/7016\/revisions"}],"predecessor-version":[{"id":7019,"href":"https:\/\/www.ateneapark.com\/ca\/wp-json\/wp\/v2\/posts\/7016\/revisions\/7019"}],"wp:featuredmedia":[{"embeddable":true,"href":"https:\/\/www.ateneapark.com\/ca\/wp-json\/wp\/v2\/media\/7020"}],"wp:attachment":[{"href":"https:\/\/www.ateneapark.com\/ca\/wp-json\/wp\/v2\/media?parent=7016"}],"wp:term":[{"taxonomy":"category","embeddable":true,"href":"https:\/\/www.ateneapark.com\/ca\/wp-json\/wp\/v2\/categories?post=7016"},{"taxonomy":"post_tag","embeddable":true,"href":"https:\/\/www.ateneapark.com\/ca\/wp-json\/wp\/v2\/tags?post=7016"}],"curies":[{"name":"wp","href":"https:\/\/api.w.org\/{rel}","templated":true}]}}