{"id":6782,"date":"2024-04-30T11:29:09","date_gmt":"2024-04-30T09:29:09","guid":{"rendered":"https:\/\/www.ateneapark.com\/?p=6782"},"modified":"2024-04-30T11:29:12","modified_gmt":"2024-04-30T09:29:12","slug":"especial-families-activitats-per-gaudir-amb-nens-a-vilanova-i-la-geltru","status":"publish","type":"post","link":"https:\/\/www.ateneapark.com\/ca\/especial-families-activitats-per-gaudir-amb-nens-a-vilanova-i-la-geltru","title":{"rendered":"Especial Fam\u00edlies: Activitats per Gaudir amb Nens a Vilanova i la Geltr\u00fa"},"content":{"rendered":"<p>Vilanova i la Geltr\u00fa, situada a la costa catalana, destaca com a <a href=\"https:\/\/www.ateneapark.com\/ca\/activitats-amb-nens-a-vilanova\">destinaci\u00f3 familiar<\/a> per excel\u00b7l\u00e8ncia, gr\u00e0cies a la seva combinaci\u00f3 perfecta de cultura, natura i diversi\u00f3. Aquest pintoresc municipi no nom\u00e9s \u00e9s fam\u00f3s per les seves precioses platges i el seu clima agradable, sin\u00f3 tamb\u00e9 per una s\u00e8rie d&#8217;activitats dissenyades espec\u00edficament per a l&#8217;entreteniment familiar i l&#8217;aprenentatge conjunt.<\/p>\n<p>En aquest article explorarem una varietat d&#8217;activitats que pots gaudir amb els teus fills a Vilanova i la Geltr\u00fa, assegurant que cada moment de la teva visita sigui inoblidable i enriquidor.<\/p>\n<h2>Activitats a l&#8217;aire lliure<\/h2>\n<p>La bellesa natural de Vilanova i la Geltr\u00fa convida les fam\u00edlies a explorar els seus encantadors parcs i espais a l&#8217;aire lliure, on la natura es troba amb la recreaci\u00f3 activa. Aquests espais no nom\u00e9s s\u00f3n ideals per al descans, sin\u00f3 que tamb\u00e9 ofereixen oportunitats per educar els nens sobre el medi ambient i la import\u00e0ncia de la seva conservaci\u00f3.<\/p>\n<p>El <strong>Parc de Ribes Roges<\/strong> \u00e9s un oasi de tranquil\u00b7litat. Situat al llarg de la costa, aquest parc ofereix extenses \u00e0rees de jocs per a nens, zones per a p\u00edcnics i un passeig mar\u00edtim perfecte per a passejades familiars al capvespre.<\/p>\n<p>La <strong>ruta pel sistema solar<\/strong> al Parc Natural del Garraf \u00e9s una aventura educativa que permet a les fam\u00edlies explorar una representaci\u00f3 a escala del sistema solar. Aquest cam\u00ed no nom\u00e9s \u00e9s una lli\u00e7\u00f3 d&#8217;astronomia a l&#8217;aire lliure, sin\u00f3 tamb\u00e9 una excel\u00b7lent manera de fer exercici en un entorn natural impressionant.<\/p>\n<p>Una visita a la <strong>Mas\u00eda d&#8217;en Cabanyes<\/strong> ofereix un viatge al passat i una oportunitat d&#8217;aprendre sobre la cultura local i la hist\u00f2ria agr\u00edcola de la regi\u00f3. Aquest lloc hist\u00f2ric organitza activitats interactives que inclouen tallers d&#8217;artesania i contacontes, ideals per fomentar la creativitat dels nens.<\/p>\n<h2>Museus i Aprenentatge Divertit<\/h2>\n<p>L&#8217;oferta cultural de Vilanova i la Geltr\u00fa \u00e9s rica i variada, amb museus que captiven la imaginaci\u00f3 dels nens i fomenten un aprenentatge interactiu. Aquests espais estan dissenyats per ser accessibles i atractius per als visitants joves, assegurant que l&#8217;aprenentatge sigui sempre divertit i emocionant.<\/p>\n<p>El <strong>Museu del Ferrocarril<\/strong> \u00e9s una parada obligat\u00f2ria per als petits entusiastes dels trens. Amb la seva col\u00b7lecci\u00f3 de locomotores i vagons hist\u00f2rics, el museu ofereix visites guiades que expliquen l&#8217;evoluci\u00f3 del transport ferroviari a Espanya, a m\u00e9s de simuladors que permeten als nens conduir un tren virtual.<\/p>\n<p>A Cubelles, l&#8217;<strong>exposici\u00f3 del pallasso Charlie Rivel<\/strong> celebra la vida d&#8217;un dels pallassos m\u00e9s estimats en el m\u00f3n del circ. L&#8217;exposici\u00f3 inclou memorabilia, fotografies i actuacions en v\u00eddeo que mostren la m\u00e0gia del circ, proporcionant una experi\u00e8ncia educativa que subratlla la import\u00e0ncia de l&#8217;humor i l&#8217;alegria en les nostres vides.<\/p>\n<h2>Excursions i Aventures<\/h2>\n<p>Explorar Vilanova i la Geltr\u00fa a peu o en tren ofereix una perspectiva \u00fanica del seu paisatge urb\u00e0 i natural. Aquestes <a href=\"https:\/\/www.ateneapark.com\/ca\/rutas-y-excursiones-cerca-de-vilanova-i-la-geltru\">excursions<\/a> s\u00f3n perfectes per a fam\u00edlies que desitgen combinar aventura, cultura i hist\u00f2ria en les seves activitats di\u00e0ries.<\/p>\n<p>El <strong>passeig en el tren en miniatura<\/strong> del Parc de Ribes Roges \u00e9s una manera deliciosa de veure el parc des d&#8217;una perspectiva diferent. Aquest tren, operat per voluntaris, serpenteja a trav\u00e9s del parc, oferint vistes encantadores i una experi\u00e8ncia nost\u00e0lgica que encantar\u00e0 tant a nens com a adults.<\/p>\n<p>La <strong>visita al poblat ib\u00e8ric de Darr\u00f3<\/strong> \u00e9s una excursi\u00f3 educativa que porta a les fam\u00edlies de tornada al passat. Aquest lloc arqueol\u00f2gic ofereix una ullada a la vida de les antigues civilitzacions que habitaven la regi\u00f3, amb reconstruccions d&#8217;habitatges i eines que il\u00b7lustren com era la vida a l&#8217;Edat del Ferro.<\/p>\n<h2>Opcions d&#8217;Allotjament Familiar<\/h2>\n<p>Vilanova i la Geltr\u00fa ofereix una \u00e0mplia gamma d&#8217;opcions d&#8217;allotjament que s&#8217;adapten a les necessitats de les fam\u00edlies. Des de c\u00e0mpings fins a apartaments, cada opci\u00f3 est\u00e0 pensada per proporcionar confort i conveni\u00e8ncia als seus visitants.<\/p>\n<p>Els <strong>c\u00e0mpings<\/strong> a la zona no nom\u00e9s ofereixen una experi\u00e8ncia m\u00e9s propera a la natura, sin\u00f3 que tamb\u00e9 compten amb instal\u00b7lacions modernes i \u00e0rees de joc per a nens. D&#8217;altra banda, els <strong>apartaments i bungalows familiars<\/strong> ofereixen una experi\u00e8ncia m\u00e9s tradicional amb totes les comoditats de la llar, ideals per a fam\u00edlies que prefereixen un entorn m\u00e9s controlat i privat.<\/p>\n<p>Si busques un<a href=\"https:\/\/www.ateneapark.com\/ca\"> Apart-Hotel amb tot tipus de comoditats<\/a> i serveis, pots posar-te en contacte amb nosaltres per reservar la teva habitaci\u00f3 i gaudir de les nostres instal\u00b7lacions<\/p>\n<h2>Esdeveniments Especials i Festivitats<\/h2>\n<p>Les festivitats locals a Vilanova i la Geltr\u00fa ofereixen a les fam\u00edlies l&#8217;oportunitat d&#8217;immergir-se en la cultura catalana a trav\u00e9s d&#8217;esdeveniments i celebracions que s\u00f3n tant educatius com entretinguts.<\/p>\n<p>La <strong>Festa Major d&#8217;estiu<\/strong> \u00e9s el cor cultural de la ciutat, oferint concerts, desfilades i tallers que s\u00f3n perfectes per a la participaci\u00f3 familiar. L&#8217;alegria i la m\u00fasica omplen els carrers, proporcionant una experi\u00e8ncia festiva que \u00e9s dif\u00edcil d&#8217;oblidar.<\/p>\n<p>El <strong>Dia Mundial del Circ<\/strong> porta la m\u00e0gia del circ a la ciutat, amb espectacles en viu, tallers de malabars i actes d&#8217;acrob\u00e0cia que deleiten a nens de totes les edats, promovent l&#8217;aprenentatge a trav\u00e9s de l&#8217;art i la performance.<\/p>\n<p><!-- Conclusi\u00f3 --><\/p>\n<p>Vilanova i la Geltr\u00fa \u00e9s un dest\u00ed familiar per excel\u00b7l\u00e8ncia, on cada activitat i cada rac\u00f3 ofereix una oportunitat d&#8217;aprenentatge, diversi\u00f3 i aventura. Des dels seus museus interactius fins als seus parcs naturals i festivitats culturals, Vilanova i la Geltr\u00fa promet crear records duradors per a tota la fam\u00edlia. Visitar aquest meravell\u00f3s lloc no nom\u00e9s \u00e9s una escapada, sin\u00f3 una inversi\u00f3 en la felicitat i el creixement dels teus fills. Planifica el teu viatge avui i descobreix tot el que aquesta ciutat t\u00e9 per oferir!<\/p>\n","protected":false},"excerpt":{"rendered":"<p>Vilanova i la Geltr\u00fa, situada a la costa catalana, destaca com a destinaci\u00f3 familiar per excel\u00b7l\u00e8ncia, gr\u00e0cies a la seva combinaci\u00f3 perfecta de cultura, natura i diversi\u00f3. Aquest pintoresc municipi no nom\u00e9s \u00e9s fam\u00f3s per les seves precioses platges i el seu clima agradable, sin\u00f3 tamb\u00e9 per una s\u00e8rie d&#8217;activitats dissenyades espec\u00edficament per a l&#8217;entreteniment [&hellip;]<\/p>\n","protected":false},"author":2,"featured_media":6779,"comment_status":"closed","ping_status":"closed","sticky":false,"template":"","format":"standard","meta":{"_acf_changed":false,"footnotes":""},"categories":[80],"tags":[],"class_list":["post-6782","post","type-post","status-publish","format-standard","has-post-thumbnail","hentry","category-blog-ca"],"acf":[],"yoast_head":"<!-- This site is optimized with the Yoast SEO plugin v27.5 - https:\/\/yoast.com\/product\/yoast-seo-wordpress\/ -->\n<title>Especial Fam\u00edlies: Activitats per Gaudir amb Nens a Vilanova i la Geltr\u00fa | Atenea Park \u2013 Suites Apartaments<\/title>\n<meta name=\"description\" content=\"Descobreix activitats familiars a Vilanova i la Geltr\u00fa, des de museus fins a aventures a l&#039;aire lliure. Ideal per a unes vacances inoblidables!\" \/>\n<meta name=\"robots\" content=\"index, follow, max-snippet:-1, max-image-preview:large, max-video-preview:-1\" \/>\n<link rel=\"canonical\" href=\"https:\/\/www.ateneapark.com\/ca\/especial-families-activitats-per-gaudir-amb-nens-a-vilanova-i-la-geltru\" \/>\n<meta property=\"og:locale\" content=\"ca_ES\" \/>\n<meta property=\"og:type\" content=\"article\" \/>\n<meta property=\"og:title\" content=\"Especial Fam\u00edlies: Activitats per Gaudir amb Nens a Vilanova i la Geltr\u00fa | Atenea Park \u2013 Suites Apartaments\" \/>\n<meta property=\"og:description\" content=\"Descobreix activitats familiars a Vilanova i la Geltr\u00fa, des de museus fins a aventures a l&#039;aire lliure. Ideal per a unes vacances inoblidables!\" \/>\n<meta property=\"og:url\" content=\"https:\/\/www.ateneapark.com\/ca\/especial-families-activitats-per-gaudir-amb-nens-a-vilanova-i-la-geltru\" \/>\n<meta property=\"og:site_name\" content=\"Atenea Park \u2013 Suites Apartaments\" \/>\n<meta property=\"article:published_time\" content=\"2024-04-30T09:29:09+00:00\" \/>\n<meta property=\"article:modified_time\" content=\"2024-04-30T09:29:12+00:00\" \/>\n<meta property=\"og:image\" content=\"https:\/\/www.ateneapark.com\/wp-content\/uploads\/2024\/04\/parque-ribes-roges-vilanova.jpg\" \/>\n\t<meta property=\"og:image:width\" content=\"800\" \/>\n\t<meta property=\"og:image:height\" content=\"600\" \/>\n\t<meta property=\"og:image:type\" content=\"image\/jpeg\" \/>\n<meta name=\"author\" content=\"Atenea\" \/>\n<meta name=\"twitter:card\" content=\"summary_large_image\" \/>\n<meta name=\"twitter:label1\" content=\"Escrit per\" \/>\n\t<meta name=\"twitter:data1\" content=\"Atenea\" \/>\n\t<meta name=\"twitter:label2\" content=\"Temps estimat de lectura\" \/>\n\t<meta name=\"twitter:data2\" content=\"5 minuts\" \/>\n<script type=\"application\/ld+json\" class=\"yoast-schema-graph\">{\"@context\":\"https:\\\/\\\/schema.org\",\"@graph\":[{\"@type\":\"Article\",\"@id\":\"https:\\\/\\\/www.ateneapark.com\\\/ca\\\/especial-families-activitats-per-gaudir-amb-nens-a-vilanova-i-la-geltru#article\",\"isPartOf\":{\"@id\":\"https:\\\/\\\/www.ateneapark.com\\\/ca\\\/especial-families-activitats-per-gaudir-amb-nens-a-vilanova-i-la-geltru\"},\"author\":{\"name\":\"Atenea\",\"@id\":\"https:\\\/\\\/www.ateneapark.com\\\/ca#\\\/schema\\\/person\\\/cc3769cd0cf3b47d29694fe04258346f\"},\"headline\":\"Especial Fam\u00edlies: Activitats per Gaudir amb Nens a Vilanova i la Geltr\u00fa\",\"datePublished\":\"2024-04-30T09:29:09+00:00\",\"dateModified\":\"2024-04-30T09:29:12+00:00\",\"mainEntityOfPage\":{\"@id\":\"https:\\\/\\\/www.ateneapark.com\\\/ca\\\/especial-families-activitats-per-gaudir-amb-nens-a-vilanova-i-la-geltru\"},\"wordCount\":1026,\"publisher\":{\"@id\":\"https:\\\/\\\/www.ateneapark.com\\\/ca#organization\"},\"image\":{\"@id\":\"https:\\\/\\\/www.ateneapark.com\\\/ca\\\/especial-families-activitats-per-gaudir-amb-nens-a-vilanova-i-la-geltru#primaryimage\"},\"thumbnailUrl\":\"https:\\\/\\\/www.ateneapark.com\\\/wp-content\\\/uploads\\\/2024\\\/04\\\/parque-ribes-roges-vilanova.jpg\",\"articleSection\":[\"blog\"],\"inLanguage\":\"ca\"},{\"@type\":\"WebPage\",\"@id\":\"https:\\\/\\\/www.ateneapark.com\\\/ca\\\/especial-families-activitats-per-gaudir-amb-nens-a-vilanova-i-la-geltru\",\"url\":\"https:\\\/\\\/www.ateneapark.com\\\/ca\\\/especial-families-activitats-per-gaudir-amb-nens-a-vilanova-i-la-geltru\",\"name\":\"Especial Fam\u00edlies: Activitats per Gaudir amb Nens a Vilanova i la Geltr\u00fa | Atenea Park \u2013 Suites Apartaments\",\"isPartOf\":{\"@id\":\"https:\\\/\\\/www.ateneapark.com\\\/ca#website\"},\"primaryImageOfPage\":{\"@id\":\"https:\\\/\\\/www.ateneapark.com\\\/ca\\\/especial-families-activitats-per-gaudir-amb-nens-a-vilanova-i-la-geltru#primaryimage\"},\"image\":{\"@id\":\"https:\\\/\\\/www.ateneapark.com\\\/ca\\\/especial-families-activitats-per-gaudir-amb-nens-a-vilanova-i-la-geltru#primaryimage\"},\"thumbnailUrl\":\"https:\\\/\\\/www.ateneapark.com\\\/wp-content\\\/uploads\\\/2024\\\/04\\\/parque-ribes-roges-vilanova.jpg\",\"datePublished\":\"2024-04-30T09:29:09+00:00\",\"dateModified\":\"2024-04-30T09:29:12+00:00\",\"description\":\"Descobreix activitats familiars a Vilanova i la Geltr\u00fa, des de museus fins a aventures a l'aire lliure. Ideal per a unes vacances inoblidables!\",\"breadcrumb\":{\"@id\":\"https:\\\/\\\/www.ateneapark.com\\\/ca\\\/especial-families-activitats-per-gaudir-amb-nens-a-vilanova-i-la-geltru#breadcrumb\"},\"inLanguage\":\"ca\",\"potentialAction\":[{\"@type\":\"ReadAction\",\"target\":[\"https:\\\/\\\/www.ateneapark.com\\\/ca\\\/especial-families-activitats-per-gaudir-amb-nens-a-vilanova-i-la-geltru\"]}]},{\"@type\":\"ImageObject\",\"inLanguage\":\"ca\",\"@id\":\"https:\\\/\\\/www.ateneapark.com\\\/ca\\\/especial-families-activitats-per-gaudir-amb-nens-a-vilanova-i-la-geltru#primaryimage\",\"url\":\"https:\\\/\\\/www.ateneapark.com\\\/wp-content\\\/uploads\\\/2024\\\/04\\\/parque-ribes-roges-vilanova.jpg\",\"contentUrl\":\"https:\\\/\\\/www.ateneapark.com\\\/wp-content\\\/uploads\\\/2024\\\/04\\\/parque-ribes-roges-vilanova.jpg\",\"width\":800,\"height\":600,\"caption\":\"parque ribes roges vilanova\"},{\"@type\":\"BreadcrumbList\",\"@id\":\"https:\\\/\\\/www.ateneapark.com\\\/ca\\\/especial-families-activitats-per-gaudir-amb-nens-a-vilanova-i-la-geltru#breadcrumb\",\"itemListElement\":[{\"@type\":\"ListItem\",\"position\":1,\"name\":\"Home\",\"item\":\"https:\\\/\\\/www.ateneapark.com\\\/ca\"},{\"@type\":\"ListItem\",\"position\":2,\"name\":\"Especial Fam\u00edlies: Activitats per Gaudir amb Nens a Vilanova i la Geltr\u00fa\"}]},{\"@type\":\"WebSite\",\"@id\":\"https:\\\/\\\/www.ateneapark.com\\\/ca#website\",\"url\":\"https:\\\/\\\/www.ateneapark.com\\\/ca\",\"name\":\"Atenea Park \u2013 Suites Apartaments\",\"description\":\"Atenea Park est\u00e1 situado en Vilanova y la Geltr\u00fa, poblaci\u00f3n muy pr\u00f3xima a Sitges. Precio m\u00ednimo garantizado. Oferta 5%descuento, desayuno y parking gratis.\",\"publisher\":{\"@id\":\"https:\\\/\\\/www.ateneapark.com\\\/ca#organization\"},\"potentialAction\":[{\"@type\":\"SearchAction\",\"target\":{\"@type\":\"EntryPoint\",\"urlTemplate\":\"https:\\\/\\\/www.ateneapark.com\\\/ca?s={search_term_string}\"},\"query-input\":{\"@type\":\"PropertyValueSpecification\",\"valueRequired\":true,\"valueName\":\"search_term_string\"}}],\"inLanguage\":\"ca\"},{\"@type\":\"Organization\",\"@id\":\"https:\\\/\\\/www.ateneapark.com\\\/ca#organization\",\"name\":\"Sanoimels, S.L\",\"url\":\"https:\\\/\\\/www.ateneapark.com\\\/ca\",\"logo\":{\"@type\":\"ImageObject\",\"inLanguage\":\"ca\",\"@id\":\"https:\\\/\\\/www.ateneapark.com\\\/ca#\\\/schema\\\/logo\\\/image\\\/\",\"url\":\"https:\\\/\\\/www.ateneapark.com\\\/wp-content\\\/uploads\\\/2022\\\/02\\\/3.2-galeria.jpg\",\"contentUrl\":\"https:\\\/\\\/www.ateneapark.com\\\/wp-content\\\/uploads\\\/2022\\\/02\\\/3.2-galeria.jpg\",\"width\":1124,\"height\":750,\"caption\":\"Sanoimels, S.L\"},\"image\":{\"@id\":\"https:\\\/\\\/www.ateneapark.com\\\/ca#\\\/schema\\\/logo\\\/image\\\/\"}},{\"@type\":\"Person\",\"@id\":\"https:\\\/\\\/www.ateneapark.com\\\/ca#\\\/schema\\\/person\\\/cc3769cd0cf3b47d29694fe04258346f\",\"name\":\"Atenea\"}]}<\/script>\n<!-- \/ Yoast SEO plugin. -->","yoast_head_json":{"title":"Especial Fam\u00edlies: Activitats per Gaudir amb Nens a Vilanova i la Geltr\u00fa | Atenea Park \u2013 Suites Apartaments","description":"Descobreix activitats familiars a Vilanova i la Geltr\u00fa, des de museus fins a aventures a l'aire lliure. Ideal per a unes vacances inoblidables!","robots":{"index":"index","follow":"follow","max-snippet":"max-snippet:-1","max-image-preview":"max-image-preview:large","max-video-preview":"max-video-preview:-1"},"canonical":"https:\/\/www.ateneapark.com\/ca\/especial-families-activitats-per-gaudir-amb-nens-a-vilanova-i-la-geltru","og_locale":"ca_ES","og_type":"article","og_title":"Especial Fam\u00edlies: Activitats per Gaudir amb Nens a Vilanova i la Geltr\u00fa | Atenea Park \u2013 Suites Apartaments","og_description":"Descobreix activitats familiars a Vilanova i la Geltr\u00fa, des de museus fins a aventures a l'aire lliure. Ideal per a unes vacances inoblidables!","og_url":"https:\/\/www.ateneapark.com\/ca\/especial-families-activitats-per-gaudir-amb-nens-a-vilanova-i-la-geltru","og_site_name":"Atenea Park \u2013 Suites Apartaments","article_published_time":"2024-04-30T09:29:09+00:00","article_modified_time":"2024-04-30T09:29:12+00:00","og_image":[{"width":800,"height":600,"url":"https:\/\/www.ateneapark.com\/wp-content\/uploads\/2024\/04\/parque-ribes-roges-vilanova.jpg","type":"image\/jpeg"}],"author":"Atenea","twitter_card":"summary_large_image","twitter_misc":{"Escrit per":"Atenea","Temps estimat de lectura":"5 minuts"},"schema":{"@context":"https:\/\/schema.org","@graph":[{"@type":"Article","@id":"https:\/\/www.ateneapark.com\/ca\/especial-families-activitats-per-gaudir-amb-nens-a-vilanova-i-la-geltru#article","isPartOf":{"@id":"https:\/\/www.ateneapark.com\/ca\/especial-families-activitats-per-gaudir-amb-nens-a-vilanova-i-la-geltru"},"author":{"name":"Atenea","@id":"https:\/\/www.ateneapark.com\/ca#\/schema\/person\/cc3769cd0cf3b47d29694fe04258346f"},"headline":"Especial Fam\u00edlies: Activitats per Gaudir amb Nens a Vilanova i la Geltr\u00fa","datePublished":"2024-04-30T09:29:09+00:00","dateModified":"2024-04-30T09:29:12+00:00","mainEntityOfPage":{"@id":"https:\/\/www.ateneapark.com\/ca\/especial-families-activitats-per-gaudir-amb-nens-a-vilanova-i-la-geltru"},"wordCount":1026,"publisher":{"@id":"https:\/\/www.ateneapark.com\/ca#organization"},"image":{"@id":"https:\/\/www.ateneapark.com\/ca\/especial-families-activitats-per-gaudir-amb-nens-a-vilanova-i-la-geltru#primaryimage"},"thumbnailUrl":"https:\/\/www.ateneapark.com\/wp-content\/uploads\/2024\/04\/parque-ribes-roges-vilanova.jpg","articleSection":["blog"],"inLanguage":"ca"},{"@type":"WebPage","@id":"https:\/\/www.ateneapark.com\/ca\/especial-families-activitats-per-gaudir-amb-nens-a-vilanova-i-la-geltru","url":"https:\/\/www.ateneapark.com\/ca\/especial-families-activitats-per-gaudir-amb-nens-a-vilanova-i-la-geltru","name":"Especial Fam\u00edlies: Activitats per Gaudir amb Nens a Vilanova i la Geltr\u00fa | Atenea Park \u2013 Suites Apartaments","isPartOf":{"@id":"https:\/\/www.ateneapark.com\/ca#website"},"primaryImageOfPage":{"@id":"https:\/\/www.ateneapark.com\/ca\/especial-families-activitats-per-gaudir-amb-nens-a-vilanova-i-la-geltru#primaryimage"},"image":{"@id":"https:\/\/www.ateneapark.com\/ca\/especial-families-activitats-per-gaudir-amb-nens-a-vilanova-i-la-geltru#primaryimage"},"thumbnailUrl":"https:\/\/www.ateneapark.com\/wp-content\/uploads\/2024\/04\/parque-ribes-roges-vilanova.jpg","datePublished":"2024-04-30T09:29:09+00:00","dateModified":"2024-04-30T09:29:12+00:00","description":"Descobreix activitats familiars a Vilanova i la Geltr\u00fa, des de museus fins a aventures a l'aire lliure. Ideal per a unes vacances inoblidables!","breadcrumb":{"@id":"https:\/\/www.ateneapark.com\/ca\/especial-families-activitats-per-gaudir-amb-nens-a-vilanova-i-la-geltru#breadcrumb"},"inLanguage":"ca","potentialAction":[{"@type":"ReadAction","target":["https:\/\/www.ateneapark.com\/ca\/especial-families-activitats-per-gaudir-amb-nens-a-vilanova-i-la-geltru"]}]},{"@type":"ImageObject","inLanguage":"ca","@id":"https:\/\/www.ateneapark.com\/ca\/especial-families-activitats-per-gaudir-amb-nens-a-vilanova-i-la-geltru#primaryimage","url":"https:\/\/www.ateneapark.com\/wp-content\/uploads\/2024\/04\/parque-ribes-roges-vilanova.jpg","contentUrl":"https:\/\/www.ateneapark.com\/wp-content\/uploads\/2024\/04\/parque-ribes-roges-vilanova.jpg","width":800,"height":600,"caption":"parque ribes roges vilanova"},{"@type":"BreadcrumbList","@id":"https:\/\/www.ateneapark.com\/ca\/especial-families-activitats-per-gaudir-amb-nens-a-vilanova-i-la-geltru#breadcrumb","itemListElement":[{"@type":"ListItem","position":1,"name":"Home","item":"https:\/\/www.ateneapark.com\/ca"},{"@type":"ListItem","position":2,"name":"Especial Fam\u00edlies: Activitats per Gaudir amb Nens a Vilanova i la Geltr\u00fa"}]},{"@type":"WebSite","@id":"https:\/\/www.ateneapark.com\/ca#website","url":"https:\/\/www.ateneapark.com\/ca","name":"Atenea Park \u2013 Suites Apartaments","description":"Atenea Park est\u00e1 situado en Vilanova y la Geltr\u00fa, poblaci\u00f3n muy pr\u00f3xima a Sitges. Precio m\u00ednimo garantizado. Oferta 5%descuento, desayuno y parking gratis.","publisher":{"@id":"https:\/\/www.ateneapark.com\/ca#organization"},"potentialAction":[{"@type":"SearchAction","target":{"@type":"EntryPoint","urlTemplate":"https:\/\/www.ateneapark.com\/ca?s={search_term_string}"},"query-input":{"@type":"PropertyValueSpecification","valueRequired":true,"valueName":"search_term_string"}}],"inLanguage":"ca"},{"@type":"Organization","@id":"https:\/\/www.ateneapark.com\/ca#organization","name":"Sanoimels, S.L","url":"https:\/\/www.ateneapark.com\/ca","logo":{"@type":"ImageObject","inLanguage":"ca","@id":"https:\/\/www.ateneapark.com\/ca#\/schema\/logo\/image\/","url":"https:\/\/www.ateneapark.com\/wp-content\/uploads\/2022\/02\/3.2-galeria.jpg","contentUrl":"https:\/\/www.ateneapark.com\/wp-content\/uploads\/2022\/02\/3.2-galeria.jpg","width":1124,"height":750,"caption":"Sanoimels, S.L"},"image":{"@id":"https:\/\/www.ateneapark.com\/ca#\/schema\/logo\/image\/"}},{"@type":"Person","@id":"https:\/\/www.ateneapark.com\/ca#\/schema\/person\/cc3769cd0cf3b47d29694fe04258346f","name":"Atenea"}]}},"_links":{"self":[{"href":"https:\/\/www.ateneapark.com\/ca\/wp-json\/wp\/v2\/posts\/6782","targetHints":{"allow":["GET"]}}],"collection":[{"href":"https:\/\/www.ateneapark.com\/ca\/wp-json\/wp\/v2\/posts"}],"about":[{"href":"https:\/\/www.ateneapark.com\/ca\/wp-json\/wp\/v2\/types\/post"}],"author":[{"embeddable":true,"href":"https:\/\/www.ateneapark.com\/ca\/wp-json\/wp\/v2\/users\/2"}],"replies":[{"embeddable":true,"href":"https:\/\/www.ateneapark.com\/ca\/wp-json\/wp\/v2\/comments?post=6782"}],"version-history":[{"count":1,"href":"https:\/\/www.ateneapark.com\/ca\/wp-json\/wp\/v2\/posts\/6782\/revisions"}],"predecessor-version":[{"id":6783,"href":"https:\/\/www.ateneapark.com\/ca\/wp-json\/wp\/v2\/posts\/6782\/revisions\/6783"}],"wp:featuredmedia":[{"embeddable":true,"href":"https:\/\/www.ateneapark.com\/ca\/wp-json\/wp\/v2\/media\/6779"}],"wp:attachment":[{"href":"https:\/\/www.ateneapark.com\/ca\/wp-json\/wp\/v2\/media?parent=6782"}],"wp:term":[{"taxonomy":"category","embeddable":true,"href":"https:\/\/www.ateneapark.com\/ca\/wp-json\/wp\/v2\/categories?post=6782"},{"taxonomy":"post_tag","embeddable":true,"href":"https:\/\/www.ateneapark.com\/ca\/wp-json\/wp\/v2\/tags?post=6782"}],"curies":[{"name":"wp","href":"https:\/\/api.w.org\/{rel}","templated":true}]}}